{"id":742778,"date":"2026-09-01T21:37:15","date_gmt":"2026-09-01T21:37:15","guid":{"rendered":"https:\/\/www.europesays.com\/es\/742778\/"},"modified":"2026-09-01T21:37:15","modified_gmt":"2026-09-01T21:37:15","slug":"tita-cervera-avanza-a-beatriz-cortazar-los-detalles-de-su-regreso-a-madrid-para-el-documental-en-el-que-trabajo-estoy-centrada-en-mi-juventud","status":"publish","type":"post","link":"https:\/\/www.europesays.com\/es\/742778\/","title":{"rendered":"Tita Cervera avanza a Beatriz Cort\u00e1zar los detalles de su regreso a Madrid: \u00abPara el documental en el que trabajo estoy centrada en mi juventud\u00bb"},"content":{"rendered":"<p><img loading=\"lazy\" decoding=\"async\" src=\"https:\/\/www.europesays.com\/es\/wp-content\/uploads\/2026\/09\/cortazar-beatriz.jpg\" itemtype=\"\/\/schema.org\/ImageObject\" itemprop=\"url\" alt=\"Beatriz Cort\u00e1zar\" width=\"64\" height=\"64\" pinger-seen=\"true\"\/><\/p>\n<p><b>\u00abUn verano tranquilo y nadando mucho\u00bb<\/b>. As\u00ed es como la propia Tita Thyssen me describe c\u00f3mo han sido los \u00faltimos d\u00edas de agosto en su casa de Sant Feli\u00fa, de donde \u00fanicamente sale para acudir cada tres semanas a la cl\u00ednica de Barcelona <a href=\"https:\/\/www.eleconomista.es\/informalia\/famosos\/noticias\/14007228\/08\/26\/tita-cervera-cambia-sant-feliu-por-andorra-durante-su-recuperacion-y-prepara-sus-memorias-para-un-documental.html\" title=\"Tita Cervera cambia Sant Feliu por Andorra durante su recuperaci\u00f3n y prepara sus memorias para un documental\" rel=\"nofollow noopener\" target=\"_blank\">en la que se realiza su tratamiento de salud<\/a>. La baronesa ha recuperado su voz y el dominio de su tel\u00e9fono y nada m\u00e1s contestar me saluda con un tono muy alegre y animado.<\/p>\n<p><b>Es la propia Tita quien me asegura que est\u00e1 bien<\/b> y, sobre todo, muy centrada en el documental y en las memorias que prepara tras romper sus acuerdos con otros autores (el caso de Nieves Herrero) o incluso plataformas como Netflix. Le pregunto en qu\u00e9 momento de esos recuerdos anda enfrascada y me responde que en sus a\u00f1os de juventud, \u00abcuando empezaba a volar\u00bb. Y es que la vida de Tita tiene siempre muchos cap\u00edtulos que llenar incluso mucho antes que se cruzara por su vida su \u00faltimo marido, el bar\u00f3n Thyssen, con quien vivi\u00f3 sus mejores a\u00f1os.<\/p>\n<p>Como es l\u00f3gico, Tita no entra en detalles sobre su salud pero comenta que se encuentra bien y tranquila y que <b>no muy tarde ser\u00e1 cuando viaje a Madrid por una serie de asuntos<\/b>.<\/p>\n<p><b>Escucharla y confiar en que termine el documental sobre su singular vida es siempre una inyecci\u00f3n de buenos augurios<\/b>, y m\u00e1s despu\u00e9s de todo lo que ha vivido en los \u00faltimos meses y la manera en la que tuvo que cortar de forma radical con su agenda habitual y sus salidas y entradas. Ojal\u00e1 que la baronesa cumpla sus planes y pronto la veamos acudiendo a alguna cita del museo, aunque lo cierto es que de momento tendr\u00e1 que seguir con su tratamiento y confiar en que no haya m\u00e1s baches ni complicaciones.<\/p>\n<p>WhatsApp<a href=\"https:\/\/api.whatsapp.com\/send?text=https:\/\/www.eleconomista.es\/informalia\/famosos\/noticias\/14011207\/09\/26\/tita-cervera-avanza-a-beatriz-cortazar-los-detalles-de-su-regreso-a-madrid-para-el-documental-en-el-que-trabajo-estoy-centrada-en-mi-juventud.html?utm_source%3Dwhatsapp%26utm_medium%3Dshare_button&amp;id=1648118629957_whatsapp\" target=\"_blank\" data-action=\"share\/whatsapp\/share\" aria-label=\"Compartir en Whatsapp\" rel=\"nofollow noopener\"><\/a>Facebook<a id=\"fb-share\" href=\"#\" target=\"_blank\" rel=\"noopener noreferrer\" aria-label=\"Compartir en Facebook\"><\/a>Twitter<a href=\"https:\/\/twitter.com\/share?text=Tita+Cervera+avanza+a+Beatriz+Cort%C3%A1zar+los+detalles+de+su+regreso+a+Madrid%3A+%22Para+el+documental+en+el+que+trabajo+estoy+centrada+en+mi+juventud%22&amp;url=https:\/\/www.eleconomista.es\/informalia\/famosos\/noticias\/14011207\/09\/26\/tita-cervera-avanza-a-beatriz-cortazar-los-detalles-de-su-regreso-a-madrid-para-el-documental-en-el-que-trabajo-estoy-centrada-en-mi-juventud.html&amp;via=Informalia&amp;id=1648118839245_twitter\" target=\"_blank\" aria-label=\"Compartir en Twitter\" rel=\"nofollow noopener\"><\/a>Linkedin<a onclick=\"return abrirLinkedin();\" href=\"https:\/\/www.linkedin.com\/shareArticle?text=Tita+Cervera+avanza+a+Beatriz+Cort%C3%A1zar+los+detalles+de+su+regreso+a+Madrid%3A+%22Para+el+documental+en+el+que+trabajo+estoy+centrada+en+mi+juventud%22&amp;url=https:\/\/www.eleconomista.es\/informalia\/famosos\/noticias\/14011207\/09\/26\/tita-cervera-avanza-a-beatriz-cortazar-los-detalles-de-su-regreso-a-madrid-para-el-documental-en-el-que-trabajo-estoy-centrada-en-mi-juventud.html&amp;mini=true\" target=\"_blank\" aria-label=\"Compartir en linkedin\" rel=\"nofollow noopener\"><\/a>Beloud<a href=\"https:\/\/beloud.com\/share?text=Tita+Cervera+avanza+a+Beatriz+Cort%C3%A1zar+los+detalles+de+su+regreso+a+Madrid%3A+%22Para+el+documental+en+el+que+trabajo+estoy+centrada+en+mi+juventud%22&amp;url=https:\/\/www.eleconomista.es\/informalia\/famosos\/noticias\/14011207\/09\/26\/tita-cervera-avanza-a-beatriz-cortazar-los-detalles-de-su-regreso-a-madrid-para-el-documental-en-el-que-trabajo-estoy-centrada-en-mi-juventud.html&amp;via=Informalia&amp;id=1648118839245_beloud\" target=\"_blank\" aria-label=\"Compartir en beloud\" rel=\"nofollow noopener\"><\/a>Bluesky<a href=\"https:\/\/bsky.app\/intent\/compose?text=https:\/\/bsky.app\/intent\/compose?text=https:\/\/www.eleconomista.es\/informalia\/famosos\/noticias\/14011207\/09\/26\/tita-cervera-avanza-a-beatriz-cortazar-los-detalles-de-su-regreso-a-madrid-para-el-documental-en-el-que-trabajo-estoy-centrada-en-mi-juventud.html&amp;url=https:\/\/www.eleconomista.es\/informalia\/famosos\/noticias\/14011207\/09\/26\/tita-cervera-avanza-a-beatriz-cortazar-los-detalles-de-su-regreso-a-madrid-para-el-documental-en-el-que-trabajo-estoy-centrada-en-mi-juventud.html&amp;via=elEconomistaes&amp;id=1648118839245_bluesky\" target=\"_blank\" aria-label=\"Compartir en bluesky\" rel=\"nofollow noopener\"><\/a><\/p>\n<p><script async src=\"https:\/\/platform.twitter.com\/widgets.js\" charset=\"utf-8\"><\/script><\/p>\n","protected":false},"excerpt":{"rendered":"\u00abUn verano tranquilo y nadando mucho\u00bb. As\u00ed es como la propia Tita Thyssen me describe c\u00f3mo han sido&hellip;\n","protected":false},"author":2,"featured_media":742779,"comment_status":"","ping_status":"","sticky":false,"template":"","format":"standard","meta":{"footnotes":""},"categories":[169],"tags":[177,146,147,25,24,176,260,175,23],"class_list":["post-742778","post","type-post","status-publish","format-standard","has-post-thumbnail","category-cine","tag-cine","tag-entertainment","tag-entretenimiento","tag-es","tag-espana","tag-film","tag-gente","tag-movies","tag-spain"],"share_on_mastodon":{"url":"https:\/\/pubeurope.com\/@es\/117197946751183316","error":""},"_links":{"self":[{"href":"https:\/\/www.europesays.com\/es\/wp-json\/wp\/v2\/posts\/742778","targetHints":{"allow":["GET"]}}],"collection":[{"href":"https:\/\/www.europesays.com\/es\/wp-json\/wp\/v2\/posts"}],"about":[{"href":"https:\/\/www.europesays.com\/es\/wp-json\/wp\/v2\/types\/post"}],"author":[{"embeddable":true,"href":"https:\/\/www.europesays.com\/es\/wp-json\/wp\/v2\/users\/2"}],"replies":[{"embeddable":true,"href":"https:\/\/www.europesays.com\/es\/wp-json\/wp\/v2\/comments?post=742778"}],"version-history":[{"count":0,"href":"https:\/\/www.europesays.com\/es\/wp-json\/wp\/v2\/posts\/742778\/revisions"}],"wp:featuredmedia":[{"embeddable":true,"href":"https:\/\/www.europesays.com\/es\/wp-json\/wp\/v2\/media\/742779"}],"wp:attachment":[{"href":"https:\/\/www.europesays.com\/es\/wp-json\/wp\/v2\/media?parent=742778"}],"wp:term":[{"taxonomy":"category","embeddable":true,"href":"https:\/\/www.europesays.com\/es\/wp-json\/wp\/v2\/categories?post=742778"},{"taxonomy":"post_tag","embeddable":true,"href":"https:\/\/www.europesays.com\/es\/wp-json\/wp\/v2\/tags?post=742778"}],"curies":[{"name":"wp","href":"https:\/\/api.w.org\/{rel}","templated":true}]}}