{"id":742786,"date":"2026-09-01T21:41:15","date_gmt":"2026-09-01T21:41:15","guid":{"rendered":"https:\/\/www.europesays.com\/es\/742786\/"},"modified":"2026-09-01T21:41:15","modified_gmt":"2026-09-01T21:41:15","slug":"dos-astronautas-concluyen-un-paseo-espacial-con-problemas-de-movilidad-en-un-traje","status":"publish","type":"post","link":"https:\/\/www.europesays.com\/es\/742786\/","title":{"rendered":"Dos astronautas concluyen un paseo espacial con problemas de movilidad en un traje"},"content":{"rendered":"<p>        Este contenido fue publicado en    <\/p>\n<p>        01 septiembre 2026 &#8211; 22:36\n<\/p>\n<p>Miami (EE.UU.), 1 sep (EFE).- Las astronautas Jessica Meir, de la NASA, y Sophie Adenot, de la Agencia Espacial Europea (ESA, en ingl\u00e9s), realizaron este martes una caminata espacial de casi siete horas fuera de la Estaci\u00f3n Espacial Internacional (EEI) para instalar un reflector que facilitar\u00e1 el acoplamiento de las naves, aunque se registr\u00f3 un problema en uno de los trajes espaciales.<\/p>\n<p>El paseo espacial termin\u00f3 a las 15:29 hora del este de Estados Unidos (19:29 GMT), unos veinte minutos m\u00e1s tarde de lo previsto, inform\u00f3 la NASA.<\/p>\n<p>Las dos astronautas adem\u00e1s cambiaron adem\u00e1s una c\u00e1mara de alta definici\u00f3n y tomaron una muestra del exterior del laboratorio orbital para buscar microorganismos.<\/p>\n<p>Adenot tuvo dificultades para mover el brazo izquierdo durante la salida y Meir determin\u00f3 que el arn\u00e9s del calefactor de uno de los guantes del traje probablemente se hab\u00eda enganchado y limitaba el movimiento del hombro de su compa\u00f1era, seg\u00fan la agencia espacial estadounidense.<\/p>\n<p>Abrir la cremallera de esa articulaci\u00f3n pareci\u00f3 resolver el problema antes de que las dos regresaran a la esclusa.<\/p>\n<p>El Centro de Control de la Misi\u00f3n dej\u00f3 para m\u00e1s adelante la colocaci\u00f3n de los pernos que guiar\u00e1n el nuevo radiador del Espectr\u00f3metro Magn\u00e9tico Alfa, un detector de part\u00edculas c\u00f3smicas del exterior de la estaci\u00f3n.<\/p>\n<p>Como acumulaban retraso, el control de tierra aplaz\u00f3 tambi\u00e9n el resto de los cables puente de los sistemas el\u00e9ctricos y otras tareas no prioritarias.<\/p>\n<p>Fue la caminata n\u00famero 99 en la que participa alg\u00fan astronauta de Estados Unidos, la s\u00e9ptima de Meir y la tercera de Adenot, que el 18 de agosto se convirti\u00f3 en la primera mujer francesa que camin\u00f3 por el espacio.<\/p>\n<p>Con esta salida, Meir pasa a ser la tercera astronauta de la NASA con m\u00e1s caminatas espaciales, por detr\u00e1s de Peggy Whitson, con 10, y Suni Williams, con nueve. Fue tambi\u00e9n la n\u00famero 284 en apoyo del ensamblaje, el mantenimiento y la mejora de la estaci\u00f3n.<\/p>\n<p>Meir trabaj\u00f3 subida al brazo rob\u00f3tico Canadarm2, que manej\u00f3 desde dentro el astronauta Anil Menon, mientras que Adenot se desplaz\u00f3 amarrada al exterior del laboratorio orbital.<\/p>\n<p>Es la cuarta caminata de la estaci\u00f3n en menos de un mes, tras las tres de agosto.<\/p>\n<p>Este tipo de salidas de mantenimiento son habituales en el laboratorio orbital, que ser\u00e1 desmantelado en 2030 con la ayuda de SpaceX.<\/p>\n<p>La EEI, operativa desde 1998, ha sido un s\u00edmbolo de colaboraci\u00f3n internacional, aunque los costos de mantenimiento y la obsolescencia tecnol\u00f3gica han llevado a planificar su retiro, y la sustituir\u00e1n estaciones en \u00f3rbita de empresas privadas. EFE<\/p>\n<p>pua\/ims\/eav      (foto)(video)<\/p>\n","protected":false},"excerpt":{"rendered":"Este contenido fue publicado en 01 septiembre 2026 &#8211; 22:36 Miami (EE.UU.), 1 sep (EFE).- Las astronautas Jessica&hellip;\n","protected":false},"author":2,"featured_media":742787,"comment_status":"","ping_status":"","sticky":false,"template":"","format":"standard","meta":{"footnotes":""},"categories":[81],"tags":[119,123,124,25,24,117,121,122,26433,23,118,120,90],"class_list":["post-742786","post","type-post","status-publish","format-standard","has-post-thumbnail","category-ciencia-y-tecnologia","tag-ciencia","tag-ciencia-y-tecnologia","tag-cienciaytecnologia","tag-es","tag-espana","tag-science","tag-science-and-technology","tag-scienceandtechnology","tag-space-programme","tag-spain","tag-technology","tag-tecnologia","tag-ticker"],"share_on_mastodon":{"url":"https:\/\/pubeurope.com\/@es\/117197962490810095","error":""},"_links":{"self":[{"href":"https:\/\/www.europesays.com\/es\/wp-json\/wp\/v2\/posts\/742786","targetHints":{"allow":["GET"]}}],"collection":[{"href":"https:\/\/www.europesays.com\/es\/wp-json\/wp\/v2\/posts"}],"about":[{"href":"https:\/\/www.europesays.com\/es\/wp-json\/wp\/v2\/types\/post"}],"author":[{"embeddable":true,"href":"https:\/\/www.europesays.com\/es\/wp-json\/wp\/v2\/users\/2"}],"replies":[{"embeddable":true,"href":"https:\/\/www.europesays.com\/es\/wp-json\/wp\/v2\/comments?post=742786"}],"version-history":[{"count":0,"href":"https:\/\/www.europesays.com\/es\/wp-json\/wp\/v2\/posts\/742786\/revisions"}],"wp:featuredmedia":[{"embeddable":true,"href":"https:\/\/www.europesays.com\/es\/wp-json\/wp\/v2\/media\/742787"}],"wp:attachment":[{"href":"https:\/\/www.europesays.com\/es\/wp-json\/wp\/v2\/media?parent=742786"}],"wp:term":[{"taxonomy":"category","embeddable":true,"href":"https:\/\/www.europesays.com\/es\/wp-json\/wp\/v2\/categories?post=742786"},{"taxonomy":"post_tag","embeddable":true,"href":"https:\/\/www.europesays.com\/es\/wp-json\/wp\/v2\/tags?post=742786"}],"curies":[{"name":"wp","href":"https:\/\/api.w.org\/{rel}","templated":true}]}}