{"id":742792,"date":"2026-09-01T21:44:23","date_gmt":"2026-09-01T21:44:23","guid":{"rendered":"https:\/\/www.europesays.com\/es\/742792\/"},"modified":"2026-09-01T21:44:23","modified_gmt":"2026-09-01T21:44:23","slug":"ioana-dragnea-fallecida-tras-el-ahogamiento-en-la-balsa-de-la-morea-una-mujer-radiante-y-llena-de-vitalidad","status":"publish","type":"post","link":"https:\/\/www.europesays.com\/es\/742792\/","title":{"rendered":"Ioana Dragnea, fallecida tras el ahogamiento en la balsa de la Morea: \u00abUna mujer radiante y llena de vitalidad\u00bb"},"content":{"rendered":"<p>\n        La muerte de <strong>Ioana Dragnea<\/strong>, la joven <strong>rumana de 25 a\u00f1os<\/strong> que se ahog\u00f3 el pasado <strong>domingo 23 de agosto<\/strong> en la<a href=\"https:\/\/www.noticiasdenavarra.com\/sucesos\/2026\/09\/01\/muere-joven-25-anos-rescatada-11489521.html\" title=\"balsa de la Morea\" rel=\"nofollow noopener\" target=\"_blank\" class=\"link copy\"> balsa de la Morea<\/a>, dej\u00f3 \u00abtodo un futuro cortado por la mitad\u00bb para sus seres queridos. En especial, para su marido, <strong>Ram\u00f3n Arbizu<\/strong>, y su hijo <strong>Leonardo, de apenas un a\u00f1o de edad<\/strong>, a quienes se les \u00abcay\u00f3 el cielo entero a cristales\u00bb. Porque ella, no solo por su juventud sino por su forma de ser, era \u00ab<strong>todo vitalidad y alegr\u00eda pura<\/strong>\u00ab, a pesar de los distintas dificultades que tuvo que afrontar a lo largo de su historia vital. Seg\u00fan cuenta su marido, muy afectado por la noticia, \u00abno ten\u00eda padres\u00bb y desde muy joven tuvo que mudarse a Navarra junto con sus dos hermanas en busca de algo mejor. Durante los primeros a\u00f1os, trabaj\u00f3 cuidando ni\u00f1os hasta que desde <strong>C\u00e1ritas<\/strong> le ayudaron a trabajar como camarera en el <strong>Celtic Mine Bar de la Rochapea<\/strong>.\n<\/p>\n<p>            <a href=\"https:\/\/www.noticiasdenavarra.com\/sucesos\/2026\/09\/01\/muere-joven-25-anos-rescatada-11489521.html\" title=\"Fallece la joven de 25 a\u00f1os rescatada de la balsa de La Morea en Beri\u00e1in\" class=\"new__media\" rel=\"nofollow noopener\" target=\"_blank\"><\/p>\n<p>                <img alt=\"Fallece la joven de 25 a\u00f1os rescatada de la balsa de La Morea en Beri\u00e1in\" data-src=\"https:\/\/www.europesays.com\/es\/wp-content\/uploads\/2026\/09\/69b2c578-a7ef-45dd-b338-11348d456767_16-9-aspect-ratio_default_0.jpg\" class=\"lozad\"\/><\/p>\n<p>        <\/a><\/p>\n<p>        <a href=\"https:\/\/www.noticiasdenavarra.com\/sucesos\/2026\/09\/01\/muere-joven-25-anos-rescatada-11489521.html\" title=\"Fallece la joven de 25 a\u00f1os rescatada de la balsa de La Morea en Beri\u00e1in\" class=\"new__headline\" rel=\"nofollow noopener\" target=\"_blank\"><br \/>\n            Fallece la joven de 25 a\u00f1os rescatada de la balsa de La Morea en Beri\u00e1in<br \/>\n        <\/a><\/p>\n<p class=\"article-body__text \">\n        Poco despu\u00e9s, pas\u00f3 por el bar en el que trabajaba Ram\u00f3n Arbizu, el que era su pareja <strong>desde hace ocho a\u00f1os<\/strong>, e intercambiaron distintas conversaciones. Despu\u00e9s, le dej\u00f3 su curr\u00edculum para trabajar como camarera \u2014despu\u00e9s pas\u00f3 por otros bares trabajando de lo mismo\u2014 y, casualidades del destino, una de sus compa\u00f1eras dej\u00f3 el trabajo, por lo que \u00able dije de \u00faltima hora a ver si pod\u00eda empezar y as\u00ed fue. Y, poco a poco, nos fuimos cogiendo cari\u00f1o\u00bb, recuerda Ram\u00f3n. Fue entonces cuando empez\u00f3 a conocer lo alegre, agradecida, sonriente, y lo mucho que valoraba los detalles. \u00abLo era todo para m\u00ed, porque era mi mujer mi apoyo, la ni\u00f1a de mis ojos&#8230;\u00bb, se emociona. Y su amor era tan grande que hace dos a\u00f1os hablaron de tener un hijo, <strong>Leonardo, que naci\u00f3 el 8 de agosto de 2025<\/strong> y ten\u00edan todo planeado para casarse dentro de poco, pero \u00abno ha podido ser y va a dejar un vac\u00edo enorme\u00bb.\n<\/p>\n<p>  <strong>Una mujer \u00abradiante\u00bb<\/strong><\/p>\n<p class=\"article-body__text \">\n        Tanto es as\u00ed que todas las personas que la conoc\u00edan del barrio \u2014ambos resid\u00edan junto a su hijo en la <a href=\"https:\/\/www.noticiasdenavarra.com\/tags\/rochapea\/\" title=\"Rochapea\" class=\"link copy\" rel=\"nofollow noopener\" target=\"_blank\">Rochapea<\/a>\u2014 estuvieron durante estos ocho d\u00edas preguntando por c\u00f3mo se encontraba. \u00ab<strong>Era una mujer radiante<\/strong>. Dir\u00eda que la conoc\u00edan casi tanto como al Papa\u00bb, ha dicho esbozando cierta sonrisa entre su voz agrietada. Porque todo el mundo que la conoce, como \u00e9l asegura, la quiere. \u00abEra demasiado generosa, agradecida, muy madura para su edad&#8230; Y quer\u00eda a la gente con mucha ternura. Se llevaba muy bien con mis otros hijos\u00bb, ha asegurado. Porque la tristeza ser\u00e1 casi tan infinita como sus recuerdos. Por eso, tan solo queda, entre l\u00e1grimas, no dejar de hablar nunca de su risa.<\/p>\n","protected":false},"excerpt":{"rendered":"La muerte de Ioana Dragnea, la joven rumana de 25 a\u00f1os que se ahog\u00f3 el pasado domingo 23&hellip;\n","protected":false},"author":2,"featured_media":742793,"comment_status":"","ping_status":"","sticky":false,"template":"","format":"standard","meta":{"footnotes":""},"categories":[8],"tags":[97996,42016,17,18,131725,25,24,6038,13,14,11,131724,19,20,9,10,15,16,23,12,21,22],"class_list":["post-742792","post","type-post","status-publish","format-standard","has-post-thumbnail","category-espana","tag-ahogamiento","tag-balsa","tag-breaking-news","tag-breakingnews","tag-dragnea","tag-es","tag-espana","tag-fallecida","tag-featured-news","tag-featurednews","tag-headlines","tag-ioana","tag-latest-news","tag-latestnews","tag-news","tag-noticias","tag-noticias-destacadas","tag-noticiasdestacadas","tag-spain","tag-titulares","tag-ultimas-noticias","tag-ultimasnoticias"],"share_on_mastodon":{"url":"https:\/\/pubeurope.com\/@es\/117197974259510078","error":""},"_links":{"self":[{"href":"https:\/\/www.europesays.com\/es\/wp-json\/wp\/v2\/posts\/742792","targetHints":{"allow":["GET"]}}],"collection":[{"href":"https:\/\/www.europesays.com\/es\/wp-json\/wp\/v2\/posts"}],"about":[{"href":"https:\/\/www.europesays.com\/es\/wp-json\/wp\/v2\/types\/post"}],"author":[{"embeddable":true,"href":"https:\/\/www.europesays.com\/es\/wp-json\/wp\/v2\/users\/2"}],"replies":[{"embeddable":true,"href":"https:\/\/www.europesays.com\/es\/wp-json\/wp\/v2\/comments?post=742792"}],"version-history":[{"count":0,"href":"https:\/\/www.europesays.com\/es\/wp-json\/wp\/v2\/posts\/742792\/revisions"}],"wp:featuredmedia":[{"embeddable":true,"href":"https:\/\/www.europesays.com\/es\/wp-json\/wp\/v2\/media\/742793"}],"wp:attachment":[{"href":"https:\/\/www.europesays.com\/es\/wp-json\/wp\/v2\/media?parent=742792"}],"wp:term":[{"taxonomy":"category","embeddable":true,"href":"https:\/\/www.europesays.com\/es\/wp-json\/wp\/v2\/categories?post=742792"},{"taxonomy":"post_tag","embeddable":true,"href":"https:\/\/www.europesays.com\/es\/wp-json\/wp\/v2\/tags?post=742792"}],"curies":[{"name":"wp","href":"https:\/\/api.w.org\/{rel}","templated":true}]}}