{"id":742798,"date":"2026-09-01T21:51:19","date_gmt":"2026-09-01T21:51:19","guid":{"rendered":"https:\/\/www.europesays.com\/es\/742798\/"},"modified":"2026-09-01T21:51:19","modified_gmt":"2026-09-01T21:51:19","slug":"de-vera-a-calar-alto-cortes-de-carreteras-en-el-recorrido-de-la-vuelta-ciclista-por-almeria","status":"publish","type":"post","link":"https:\/\/www.europesays.com\/es\/742798\/","title":{"rendered":"De Vera a Calar Alto: cortes de carreteras en el recorrido de la Vuelta Ciclista por Almer\u00eda"},"content":{"rendered":"<p style=\"\">La Jefatura Provincial de Tr\u00e1fico de Almer\u00eda ha informado sobre las medidas especiales que se van a adoptar en las carreteras almerienses el pr\u00f3ximo jueves,  &#8230; d\u00eda 3 de septiembre, ante la celebraci\u00f3n de la duod\u00e9cima etapa de la Vuelta Ciclista a Espa\u00f1a en la provincia de Almer\u00eda, con inicio en la localidad de Vera y llegada en el Observatorio del Calar Alto.<\/p>\n<p class=\"v-d-p\" style=\"\">Con motivo de este evento deportivo, se regular\u00e1 el tr\u00e1fico con cortes temporales de circulaci\u00f3n en las carreteras N-340a (Vera \u2013 Real de Antas), AL-7105 (El Real de Antas \u2013 Rambla Aljibe), A-1101 (Rambla Aljibe &#8211; Zurgena), AL-7104 (Arboleas \u2013 Albox), A-1204 (Albox), AL-7102 (Albox &#8211; Almanzora), A-1100 (Almanzora &#8211; Albanchez), AL-6106 (C\u00f3bdar), AL-5100 (Chercos), AL-6105 (Chercos \u2013 Macael), A-349 (Macael &#8211; Tabernas), AL-3102 (Velefique &#8211; Bacares), AL-5407 (Bacares \u2013 Las Menas de Ser\u00f3n), A-1178 (Las Menas &#8211; La Merendera) y AL-4404 (Calar Alto). La carrera, seg\u00fan ha detallado la Subdelegaci\u00f3n del Gobierno en un comunicado, tiene prevista su salida a las 13 horas desde la calle Mayor de Vera finalizando sobre las 18 horas.<\/p>\n<p class=\"v-d-p\" style=\"\">Al objeto de regular el acceso a la zona de meta, la subida de los aficionados que quieran presenciar la llegada, se canalizar\u00e1 por la carretera AL-4404 (Aulago) desde el enlace 356 de la autov\u00eda A-92 hasta el Observatorio del Calar Alto, quedando la carretera A-1178 reservada para los veh\u00edculos de organizaci\u00f3n y autorizados con corte del tr\u00e1fico entre el Area Recreativa de La Merendera y el Collado del Conde desde la tarde del d\u00eda anterior.<\/p>\n<p class=\"v-d-p\" style=\"\">Igualmente, se regular\u00e1 el acceso al Alto de Velefique en la carretera AL-3102 quedando totalmente prohibido el aparcamiento ocupando parcial o totalmente la calzada.<\/p>\n<p class=\"v-d-p\" style=\"\">Las medidas descritas tienen como objetivo garantizar la seguridad de los participantes y del resto de usuarios de las carreteras afectadas, evitando el colapso circulatorio durante el desarrollo del evento, puntualiza Tr\u00e1fico. <\/p>\n<p class=\"v-d-p\" style=\"\">Asimismo, recomienda a los conductores que tengan previsto desplazarse por las zonas afectadas durante la jornada del evento que planifiquen sus viajes con antelaci\u00f3n y utilicen itinerarios alternativos, respetando las medidas adoptadas y las indicaciones impartidas por el personal encargado de la regulaci\u00f3n del tr\u00e1fico.<\/p>\n<p class=\"v-d-p\" style=\"\">La informaci\u00f3n actualizada sobre las carreteras de la provincia puede consultarse en el mapa de estado del tr\u00e1fico e incidencias de la DGT.<\/p>\n","protected":false},"excerpt":{"rendered":"La Jefatura Provincial de Tr\u00e1fico de Almer\u00eda ha informado sobre las medidas especiales que se van a adoptar&hellip;\n","protected":false},"author":2,"featured_media":742799,"comment_status":"","ping_status":"","sticky":false,"template":"","format":"standard","meta":{"footnotes":""},"categories":[273],"tags":[5644,3196,79117,815,313,1757,12706,312,168,25,24,1786,23,167,7733,1357],"class_list":["post-742798","post","type-post","status-publish","format-standard","has-post-thumbnail","category-ciclismo","tag-almeria","tag-alto","tag-calar","tag-carreteras","tag-ciclismo","tag-ciclista","tag-cortes","tag-cycling","tag-deportes","tag-es","tag-espana","tag-recorrido","tag-spain","tag-sports","tag-vera","tag-vuelta"],"share_on_mastodon":{"url":"https:\/\/pubeurope.com\/@es\/117198001689756134","error":""},"_links":{"self":[{"href":"https:\/\/www.europesays.com\/es\/wp-json\/wp\/v2\/posts\/742798","targetHints":{"allow":["GET"]}}],"collection":[{"href":"https:\/\/www.europesays.com\/es\/wp-json\/wp\/v2\/posts"}],"about":[{"href":"https:\/\/www.europesays.com\/es\/wp-json\/wp\/v2\/types\/post"}],"author":[{"embeddable":true,"href":"https:\/\/www.europesays.com\/es\/wp-json\/wp\/v2\/users\/2"}],"replies":[{"embeddable":true,"href":"https:\/\/www.europesays.com\/es\/wp-json\/wp\/v2\/comments?post=742798"}],"version-history":[{"count":0,"href":"https:\/\/www.europesays.com\/es\/wp-json\/wp\/v2\/posts\/742798\/revisions"}],"wp:featuredmedia":[{"embeddable":true,"href":"https:\/\/www.europesays.com\/es\/wp-json\/wp\/v2\/media\/742799"}],"wp:attachment":[{"href":"https:\/\/www.europesays.com\/es\/wp-json\/wp\/v2\/media?parent=742798"}],"wp:term":[{"taxonomy":"category","embeddable":true,"href":"https:\/\/www.europesays.com\/es\/wp-json\/wp\/v2\/categories?post=742798"},{"taxonomy":"post_tag","embeddable":true,"href":"https:\/\/www.europesays.com\/es\/wp-json\/wp\/v2\/tags?post=742798"}],"curies":[{"name":"wp","href":"https:\/\/api.w.org\/{rel}","templated":true}]}}