{"id":742802,"date":"2026-09-01T21:54:15","date_gmt":"2026-09-01T21:54:15","guid":{"rendered":"https:\/\/www.europesays.com\/es\/742802\/"},"modified":"2026-09-01T21:54:15","modified_gmt":"2026-09-01T21:54:15","slug":"casado-cedido-al-depor-con-una-opcion-de-compra-de-30-kilos","status":"publish","type":"post","link":"https:\/\/www.europesays.com\/es\/742802\/","title":{"rendered":"Casad\u00f3, cedido al Depor con una opci\u00f3n de compra de 30 &#8216;kilos&#8217;"},"content":{"rendered":"<p class=\"ft-text\"><strong>Est\u00e1 cerrado. SPORT avanz\u00f3 en exclusiva hace unas horas la ofensiva del Deportivo de La Coru\u00f1a por Marc Casad\u00f3 y ahora puede avanzar tambi\u00e9n el desenlace: el centrocampista jugar\u00e1 cedido en el conjunto gallego.<\/strong> El futbolista ha dado el visto bueno definitivo al proyecto blanquiazul y las partes han llegado a un acuerdo. <strong>Se espera que la operaci\u00f3n pueda hacerse oficial en las pr\u00f3ximas horas.<\/strong><\/p>\n<p class=\"ft-text\">No ha sido una operaci\u00f3n sencilla. <strong>La tarde ha estado marcada por constantes idas y venidas y una negociaci\u00f3n a contrarreloj<\/strong>, hasta el punto de que por momentos parec\u00eda que el acuerdo pod\u00eda caerse o que las conversaciones no terminaban de avanzar. El Deportivo, sin embargo, ha seguido apretando hasta conseguir desbloquear definitivamente la operaci\u00f3n. El conjunto coru\u00f1\u00e9s apareci\u00f3 pr\u00e1cticamente sobre la bocina cuando <strong>Turqu\u00eda llevaba ventaja y apretaba con fuerza para hacerse con Casad\u00f3 mediante un traspaso<\/strong>, pero el proyecto deportivo del Deportivo termin\u00f3 convenciendo al futbolista, que ha priorizado la opci\u00f3n de jugar en A Coru\u00f1a.<\/p>\n<p class=\"ft-text\">Finalmente, las partes han encontrado la f\u00f3rmula para cerrar la operaci\u00f3n. <strong>Casad\u00f3 se marchar\u00e1 cedido al Deportivo y el Bar\u00e7a ha incluido en el acuerdo una opci\u00f3n de compra de 30 millones de euros.<\/strong> El siguiente paso ser\u00e1 completar el intercambio de documentaci\u00f3n entre los clubes y todos los tr\u00e1mites necesarios para formalizar la cesi\u00f3n.<\/p>\n<p class=\"ft-text\">Casad\u00f3 viajar\u00e1 pr\u00f3ximamente a A Coru\u00f1a para terminar de formalizar su incorporaci\u00f3n y comenzar una nueva etapa despu\u00e9s de <strong>una tarde fren\u00e9tica en la que la operaci\u00f3n ha pasado por diferentes escenarios antes de quedar definitivamente encarrilada<\/strong>.<\/p>\n<p>El proyecto del Deportivo convenci\u00f3 a Casad\u00f3<\/p>\n<p class=\"ft-text\">Fuentes del club blanquiazul consultadas por este peri\u00f3dico explican que <strong>percibieron a Casad\u00f3 especialmente convencido desde el momento en el que le presentaron el proyecto<\/strong>. La propuesta deportiva llam\u00f3 r\u00e1pidamente la atenci\u00f3n del centrocampista, que quiso conocer todos los detalles de una planificaci\u00f3n muy ambiciosa para un reci\u00e9n ascendido. La llegada de <strong>Pierre-Emerick Aubameyang, Adama Traor\u00e9, Angeli\u00f1o y Leo Rom\u00e1n<\/strong>, adem\u00e1s de tener muy encarrilada la incorporaci\u00f3n de Jos\u00e9 Mar\u00eda Gim\u00e9nez, refleja el nivel de la plantilla que est\u00e1 construyendo el Deportivo.<\/p>\n<p class=\"ft-text\">Desde A Coru\u00f1a transmiten que <strong>las sensaciones durante las conversaciones con Casad\u00f3 fueron muy positivas<\/strong> y que el futbolista mostr\u00f3 desde el principio mucho inter\u00e9s por lo que se le planteaba. La posibilidad de tener protagonismo en Primera Divisi\u00f3n y hacerlo dentro de un equipo dise\u00f1ado para competir desde el primer d\u00eda termin\u00f3 siendo determinante. Casad\u00f3 ten\u00eda propuestas econ\u00f3micamente muy importantes procedentes de Turqu\u00eda, pero <strong>el proyecto que le present\u00f3 el Deportivo termin\u00f3 decantando la balanza a favor del conjunto gallego<\/strong>.<\/p>\n<p class=\"ft-text\"><a class=\"ft-link ft-link--decoration\" href=\"https:\/\/www.sport.es\/es\/noticias\/barca\/marc-casado-prefiere-bayer-leverkusen-133818777\" rel=\"nofollow noopener\" target=\"_blank\">Es cierto que el Bayer Leverkusen, como cont\u00f3 este peri\u00f3dico, era una opci\u00f3n que seduc\u00eda mucho al jugador catal\u00e1n<\/a> tanto por su proyecto como por su vinculaci\u00f3n con el entrenador del equipo alem\u00e1n, Carles Mart\u00ednez, quien fue entrenador de Casad\u00f3 en las categor\u00edas inferiores del Bar\u00e7a. Sin embargo, el conjunto teut\u00f3n deb\u00eda cerrar otras salidas y su fichaje no se dio.<\/p>\n<p>El futbolista siempre termina decidiendo donde jugar<\/p>\n<p class=\"ft-text\">El Bar\u00e7a priorizaba desde el inicio del mercado un traspaso por Marc Casad\u00f3. De hecho, <strong>el club fij\u00f3 su precio de salida alrededor de los 40 millones de euros<\/strong>, consciente de que era uno de los futbolistas con mayor mercado de la plantilla y que una venta pod\u00eda suponer una operaci\u00f3n importante para las arcas azulgranas.<\/p>\n<p class=\"ft-text\">Sin embargo, el escenario ha ido cambiando con el paso de las semanas. <strong>La irrupci\u00f3n del Deportivo de La Coru\u00f1a y, especialmente, el convencimiento de Casad\u00f3 con el proyecto han terminado modificando la postura inicial del Bar\u00e7a.<\/strong> En la direcci\u00f3n deportiva entienden que A Coru\u00f1a puede ser un destino muy favorable para sus caracter\u00edsticas, con un estilo de juego en el que puede tener protagonismo y una temporada por delante para seguir creciendo.<\/p>\n<p class=\"ft-text\">As\u00ed pues, poco se le puede recriminar a Casad\u00f3 durante todo este proceso. Ha llegado hasta el \u00faltimo d\u00eda sin una mala cara y trabajando con absoluta profesionalidad pese a saber desde hace meses cu\u00e1l era su situaci\u00f3n. <strong>Despu\u00e9s de cerca de una d\u00e9cada como azulgrana y de innumerables muestras de barcelonismo, el Bar\u00e7a le hab\u00eda dado libertad para escoger su destino<\/strong>.<\/p>\n<p class=\"ft-text\">La decisi\u00f3n ya est\u00e1 tomada. SPORT adelant\u00f3 la ofensiva del Deportivo y, apenas unas horas despu\u00e9s, <strong>la operaci\u00f3n est\u00e1 cerrada: Marc Casad\u00f3 jugar\u00e1 cedido en A Coru\u00f1a<\/strong>.<\/p>\n","protected":false},"excerpt":{"rendered":"Est\u00e1 cerrado. SPORT avanz\u00f3 en exclusiva hace unas horas la ofensiva del Deportivo de La Coru\u00f1a por Marc&hellip;\n","protected":false},"author":2,"featured_media":742803,"comment_status":"","ping_status":"","sticky":false,"template":"","format":"standard","meta":{"footnotes":""},"categories":[268],"tags":[2296,12691,14146,14239,168,412,25,24,280,282,6489,281,23,167],"class_list":["post-742802","post","type-post","status-publish","format-standard","has-post-thumbnail","category-futbol","tag-barca","tag-casado","tag-cedido","tag-cerrado","tag-deportes","tag-deportivo","tag-es","tag-espana","tag-football","tag-futbol","tag-marc","tag-soccer","tag-spain","tag-sports"],"share_on_mastodon":{"url":"https:\/\/pubeurope.com\/@es\/117198013736201770","error":""},"_links":{"self":[{"href":"https:\/\/www.europesays.com\/es\/wp-json\/wp\/v2\/posts\/742802","targetHints":{"allow":["GET"]}}],"collection":[{"href":"https:\/\/www.europesays.com\/es\/wp-json\/wp\/v2\/posts"}],"about":[{"href":"https:\/\/www.europesays.com\/es\/wp-json\/wp\/v2\/types\/post"}],"author":[{"embeddable":true,"href":"https:\/\/www.europesays.com\/es\/wp-json\/wp\/v2\/users\/2"}],"replies":[{"embeddable":true,"href":"https:\/\/www.europesays.com\/es\/wp-json\/wp\/v2\/comments?post=742802"}],"version-history":[{"count":0,"href":"https:\/\/www.europesays.com\/es\/wp-json\/wp\/v2\/posts\/742802\/revisions"}],"wp:featuredmedia":[{"embeddable":true,"href":"https:\/\/www.europesays.com\/es\/wp-json\/wp\/v2\/media\/742803"}],"wp:attachment":[{"href":"https:\/\/www.europesays.com\/es\/wp-json\/wp\/v2\/media?parent=742802"}],"wp:term":[{"taxonomy":"category","embeddable":true,"href":"https:\/\/www.europesays.com\/es\/wp-json\/wp\/v2\/categories?post=742802"},{"taxonomy":"post_tag","embeddable":true,"href":"https:\/\/www.europesays.com\/es\/wp-json\/wp\/v2\/tags?post=742802"}],"curies":[{"name":"wp","href":"https:\/\/api.w.org\/{rel}","templated":true}]}}