{"id":742806,"date":"2026-09-01T21:56:37","date_gmt":"2026-09-01T21:56:37","guid":{"rendered":"https:\/\/www.europesays.com\/es\/742806\/"},"modified":"2026-09-01T21:56:37","modified_gmt":"2026-09-01T21:56:37","slug":"exposicion-de-rosa-escalona-en-el-palacio-ducal-de-medinaceli-sorianoticias","status":"publish","type":"post","link":"https:\/\/www.europesays.com\/es\/742806\/","title":{"rendered":"Exposici\u00f3n de Rosa Escalona en el Palacio Ducal de Medinaceli &#8211; SoriaNoticias"},"content":{"rendered":"<p class=\"prip\">El Palacio Ducal de Medinaceli acoge a partir del pr\u00f3ximo s\u00e1bado la nueva propuesta expositiva de la artista Rosa Escalona Mar\u00edn. La muestra, que fusiona arte contempor\u00e1neo, instalaciones textiles y una ambientaci\u00f3n inspirada en el siglo XIX, se podr\u00e1 visitar en la localidad soriana hasta el pr\u00f3ximo 29 de octubre.<\/p>\n<p>La inauguraci\u00f3n oficial tendr\u00e1 lugar el 5 de septiembre a las 19.00 horas en el hist\u00f3rico edificio de la villa ocelitana. El acto contar\u00e1 con la presentaci\u00f3n de la vicepresidenta de la Asociaci\u00f3n de Cr\u00edticos de Arte de Madrid, quien tambi\u00e9n es miembro de la Asociaci\u00f3n Internacional de Cr\u00edticos de Arte.<\/p>\n<p>Este proyecto expositivo unifica dos de las colecciones m\u00e1s recientes de la creadora madrile\u00f1a: &#8216;El Romanticismo&#8217;, que previamente se exhibi\u00f3 en el Museo Soler Blasco de J\u00e1vea, y &#8216;Viaje en el Tiempo&#8217;, presentada el pasado mes de junio en la Galer\u00eda Orfila de Madrid. A trav\u00e9s de esta uni\u00f3n, Escalona busca establecer un di\u00e1logo directo entre el pasado y el presente.<\/p>\n<p>Instalaciones interactivas y arte textil<\/p>\n<p>La exposici\u00f3n destaca por el uso de diversos materiales como textiles, pigmentos y otras materias org\u00e1nicas que sirven de hilo conductor. El espacio del Palacio Ducal albergar\u00e1 tres instalaciones art\u00edsticas diferenciadas. Entre ellas destaca una propuesta de car\u00e1cter interactivo dise\u00f1ada para que los asistentes puedan participar activamente dejando escritos sus pensamientos, recuerdos, emociones y sensaciones durante la visita.<\/p>\n<p>Asimismo, la muestra incorpora un habit\u00e1culo construido con gasas de colores suaves pintadas en acuarela. En su interior, un maniqu\u00ed sentado recrea una escena de introspecci\u00f3n rom\u00e1ntica, complementado por otros maniqu\u00eds vestidos con indumentaria de \u00e9poca que buscan trasladar al espectador a la est\u00e9tica del siglo XIX.<\/p>\n<p>M\u00fasica y performance para la inauguraci\u00f3n<\/p>\n<p>Para la jornada de apertura del 5 de septiembre, la organizaci\u00f3n ha preparado una ambientaci\u00f3n especial que acompa\u00f1ar\u00e1 a las obras pl\u00e1sticas. La Asociaci\u00f3n de Vecinos de Medinaceli participar\u00e1 activamente en una performance vistiendo trajes de \u00e9poca para acompa\u00f1ar a la artista y recrear la atm\u00f3sfera decimon\u00f3nica.<\/p>\n<p>La inauguraci\u00f3n estar\u00e1 amenizada por una selecci\u00f3n musical con piezas de compositores cl\u00e1sicos como Franz Liszt, Fr\u00e9d\u00e9ric Chopin, Franz Schubert y Enrico Toselli, cuyos ritmos guiar\u00e1n el recorrido de los visitantes por las salas del palacio.<\/p>\n<p>Sobre la artista Rosa Escalona Mar\u00edn<\/p>\n<p>Nacida en Madrid en 1947 y afincada actualmente en J\u00e1vea (Alicante) \u2014donde gestiona su propia galer\u00eda de arte, &#8216;El Rinc\u00f3n de Rosa&#8217;\u2014, Rosa Escalona Mar\u00edn cuenta con una trayectoria de m\u00e1s de 400 exposiciones individuales, colectivas y ferias internacionales en pa\u00edses como Alemania, Jap\u00f3n, Estados Unidos y Espa\u00f1a.<\/p>\n<p>Formada en las Facultades de Bellas Artes de Bilbao y Madrid en las especialidades de pintura, dibujo, grabado calcogr\u00e1fico y escultura, sus obras forman parte de colecciones privadas internacionales y de instituciones como el Museo de la Real Academia de Bellas Artes de San Fernando, el Museo de Bellas Artes de Vitoria o el Museo del Dibujo del Castillo de Larr\u00e9s, entre otros.<\/p>\n<p>Informaci\u00f3n pr\u00e1ctica del evento<\/p>\n<ul>\n<li><strong>Lugar:<\/strong> Palacio Ducal de Medinaceli (Plaza Mayor, 4, Medinaceli, Soria).<\/li>\n<p>&#13;<\/p>\n<li><strong>Fecha de inauguraci\u00f3n:<\/strong> S\u00e1bado 5 de septiembre de 2026 a las 19.00 horas.<\/li>\n<p>&#13;<\/p>\n<li><strong>Periodo de la exposici\u00f3n:<\/strong> Del 5 de septiembre al 29 de octubre de 2026.<\/li>\n<p>&#13;<\/p>\n<li><strong>Entrada:<\/strong> La organizaci\u00f3n no ha especificado el precio de las entradas para acceder al recinto.<\/li>\n<p>&#13;\n<\/ul>\n","protected":false},"excerpt":{"rendered":"El Palacio Ducal de Medinaceli acoge a partir del pr\u00f3ximo s\u00e1bado la nueva propuesta expositiva de la artista&hellip;\n","protected":false},"author":2,"featured_media":742807,"comment_status":"","ping_status":"","sticky":false,"template":"","format":"standard","meta":{"footnotes":""},"categories":[173],"tags":[229,233,231,230,232,234,146,147,25,24,24349,6436,246,23],"class_list":["post-742806","post","type-post","status-publish","format-standard","has-post-thumbnail","category-arte-y-diseno","tag-arte","tag-arte-y-diseno","tag-arts","tag-arts-and-design","tag-design","tag-diseno","tag-entertainment","tag-entretenimiento","tag-es","tag-espana","tag-medinaceli","tag-provincia","tag-soria","tag-spain"],"share_on_mastodon":{"url":"https:\/\/pubeurope.com\/@es\/117198021018769591","error":""},"_links":{"self":[{"href":"https:\/\/www.europesays.com\/es\/wp-json\/wp\/v2\/posts\/742806","targetHints":{"allow":["GET"]}}],"collection":[{"href":"https:\/\/www.europesays.com\/es\/wp-json\/wp\/v2\/posts"}],"about":[{"href":"https:\/\/www.europesays.com\/es\/wp-json\/wp\/v2\/types\/post"}],"author":[{"embeddable":true,"href":"https:\/\/www.europesays.com\/es\/wp-json\/wp\/v2\/users\/2"}],"replies":[{"embeddable":true,"href":"https:\/\/www.europesays.com\/es\/wp-json\/wp\/v2\/comments?post=742806"}],"version-history":[{"count":0,"href":"https:\/\/www.europesays.com\/es\/wp-json\/wp\/v2\/posts\/742806\/revisions"}],"wp:featuredmedia":[{"embeddable":true,"href":"https:\/\/www.europesays.com\/es\/wp-json\/wp\/v2\/media\/742807"}],"wp:attachment":[{"href":"https:\/\/www.europesays.com\/es\/wp-json\/wp\/v2\/media?parent=742806"}],"wp:term":[{"taxonomy":"category","embeddable":true,"href":"https:\/\/www.europesays.com\/es\/wp-json\/wp\/v2\/categories?post=742806"},{"taxonomy":"post_tag","embeddable":true,"href":"https:\/\/www.europesays.com\/es\/wp-json\/wp\/v2\/tags?post=742806"}],"curies":[{"name":"wp","href":"https:\/\/api.w.org\/{rel}","templated":true}]}}