{"id":742810,"date":"2026-09-01T21:59:13","date_gmt":"2026-09-01T21:59:13","guid":{"rendered":"https:\/\/www.europesays.com\/es\/742810\/"},"modified":"2026-09-01T21:59:13","modified_gmt":"2026-09-01T21:59:13","slug":"frase-de-olimpica-desde-septiembre-se-siente-que-llega-diciembre","status":"publish","type":"post","link":"https:\/\/www.europesays.com\/es\/742810\/","title":{"rendered":"Frase de Ol\u00edmpica desde septiembre se siente que llega diciembre"},"content":{"rendered":"<p>        <img decoding=\"async\" class=\"pulzo-logo\" src=\"https:\/\/www.europesays.com\/es\/wp-content\/uploads\/2026\/09\/favicon-64.png\" alt=\"logocompany\"\/><\/p>\n<p>En la cultura colombiana, el fin de a\u00f1o no es simplemente una fecha en el calendario; es una temporada festiva que desaf\u00eda los l\u00edmites del tiempo.<\/p>\n<p><a href=\"https:\/\/profile.google.com\/cp\/Cg0vZy8xMWJ6d3E5anFm\" target=\"_blank\" rel=\"noopener noreferrer nofollow\"><\/p>\n<p class=\"text-discover\">\n            Sigue a PULZO en Discover\n        <\/p>\n<p><\/a><\/p>\n<p>Bajo esta premisa, la visi\u00f3n del reconocido locutor y figura radial Rafael P\u00e1ez pone de relieve c\u00f3mo la festividad decembrina en el territorio nacional trasciende el mes de diciembre para convertirse en una celebraci\u00f3n extendida que empieza a sentirse desde muy temprano en el a\u00f1o. Adem\u00e1s, c\u00f3mo la frase ic\u00f3nica de la emisora \u2018Desde septiembre se siente que viene diciembre\u2019 sigue m\u00e1s viva que nunca entre los hogares.<\/p>\n<p>As\u00ed lo reconoci\u00f3 en <a href=\"https:\/\/olimpicastereo.com.co\/secciones\/noticias\/rafael-paez-en-colombia-la-navidad-es-tan-grande-que-un-mes-no-le-alcanza\" rel=\"nofollow noopener\" target=\"_blank\">una entrevista hoy en el programa Temprano es M\u00e1s Bacano, de Ol\u00edmpica Stereo Bogot\u00e1<\/a>. Dice que esa frase lleva varias d\u00e9cadas encendiendo la temporada de Navidad meses antes.<\/p>\n<blockquote>\n<p class=\"texto-cita greater-90\">\u201cNaci\u00f3 un d\u00eda, se fue fortaleciendo, y con el tiempo se le fueron pegando situaciones y movimientos que la van engrandeciendo\u201d, explic\u00f3 el gerente nacional de producci\u00f3n de Ol\u00edmpica, y exalt\u00f3 que la creaci\u00f3n original de la <strong>campa\u00f1a es de Mike Char, presidente de la organizaci\u00f3n, y Andy P\u00e9rez, entonces director de Ol\u00edmpica Stereo en Barranquilla.<\/strong><\/p>\n<p>\n    Lee Tambi\u00e9n\n<\/p>\n<p>        <img decoding=\"async\" src=\"https:\/\/www.europesays.com\/es\/wp-content\/uploads\/2026\/09\/Arrow1+1.png\" alt=\"arrow\" width=\"20px\" height=\"20px\" aria-label=\"adelante\"\/><\/p>\n<p>        <img decoding=\"async\" src=\"https:\/\/www.europesays.com\/es\/wp-content\/uploads\/2026\/09\/Arrow1+1.png\" alt=\"arrow\" width=\"20px\" height=\"20px\" aria-label=\"atras\"\/><\/p>\n<\/blockquote>\n<p>Para el \u00e1mbito del entretenimiento y la radio colombiana, el fen\u00f3meno de anticipar la Navidad \u2014marcado tradicionalmente por el famoso hito popular de \u201cdesde septiembre se siente que viene diciembre\u201d\u2014 responde a una necesidad cultural de alegr\u00eda, uni\u00f3n familiar y tradici\u00f3n musical. Seg\u00fan el an\u00e1lisis de P\u00e1ez, la riqueza de las costumbres locales, el ambiente festivo y la m\u00fasica <a href=\"https:\/\/www.pulzo.com\/entretenimiento\/olimpica-stereo-llevo-su-frase-diciembre-times-square-PP5289431\" title=\"Ol\u00edmpica Stereo llev\u00f3 su frase de diciembre al Times Square\" rel=\"nofollow noopener\" target=\"_blank\">tropical e insigne de la \u00e9poca hacen imposible contener el esp\u00edritu navide\u00f1o en tan solo 31 d\u00edas.<\/a><\/p>\n<p><strong>(Vea tambi\u00e9n:<a href=\"https:\/\/www.pulzo.com\/entretenimiento\/desde-septiembre-siente-que-viene-diciembre-asi-nacio-frase-olimpica-PP4755273\" title=\"Desde septiembre se siente que viene diciembre: as\u00ed naci\u00f3 la frase de Ol\u00edmpica\" rel=\"nofollow noopener\" target=\"_blank\"> \u201cDesde septiembre se siente que viene diciembre\u201d: as\u00ed naci\u00f3 la ic\u00f3nica frase de Ol\u00edmpica Stereo<\/a>)<\/strong><\/p>\n<p>El impacto de la m\u00fasica y la radio en la fiesta extendida<\/p>\n<p>El arraigo de esta tradici\u00f3n encuentra en los medios de comunicaci\u00f3n, especialmente en la radio, su principal motor de difusi\u00f3n. Desde los primeros d\u00edas del noveno mes del a\u00f1o, las emisoras tropicales y populares adaptan sus parrillas para sintonizar a los oyentes con los <strong>cl\u00e1sicos decembrinos, marcando el ritmo de los hogares, comercios y calles del pa\u00eds. Esa tradici\u00f3n la lidera Ol\u00edmpica Stereo.<\/strong><\/p>\n<blockquote>\n<p class=\"texto-cita greater-90\">\u201cEl pueblo nunca se equivoca cuando abre la boca. Somos el eco, el meg\u00e1fono, el parlante de los oyentes\u201d, afirm\u00f3 el directivo.<\/p>\n<\/blockquote>\n<p>Esta anticipaci\u00f3n no solo mueve la fibra emocional de los colombianos, sino que tambi\u00e9n dinamiza la econom\u00eda local, el comercio y la agenda de eventos art\u00edsticos. La Navidad en Colombia, m\u00e1s que una conmemoraci\u00f3n religiosa o un d\u00eda de regalos, se consolida como un estado de \u00e1nimo colectivo que ratifica la identidad festiva del pa\u00eds ante el mundo.<\/p>\n<p style=\"font-style: italic;\">* Pulzo.com se escribe con Z<\/p>\n<p><a href=\"https:\/\/www.pulzo.com\/entretenimiento\/noticias-de-hoy-2026-09-01-PP2927L\" target=\"_blank\" rel=\"nofollow noopener\">Lee todas las noticias de entretenimiento hoy aqu\u00ed.<\/a><\/p>\n","protected":false},"excerpt":{"rendered":"En la cultura colombiana, el fin de a\u00f1o no es simplemente una fecha en el calendario; es una&hellip;\n","protected":false},"author":2,"featured_media":742811,"comment_status":"","ping_status":"","sticky":false,"template":"","format":"standard","meta":{"footnotes":""},"categories":[170],"tags":[146,147,25,24,184,185,2951,122883,23],"class_list":["post-742810","post","type-post","status-publish","format-standard","has-post-thumbnail","category-musica","tag-entertainment","tag-entretenimiento","tag-es","tag-espana","tag-music","tag-musica","tag-navidad","tag-olimpica-stereo","tag-spain"],"share_on_mastodon":{"url":"https:\/\/pubeurope.com\/@es\/117198033151997302","error":""},"_links":{"self":[{"href":"https:\/\/www.europesays.com\/es\/wp-json\/wp\/v2\/posts\/742810","targetHints":{"allow":["GET"]}}],"collection":[{"href":"https:\/\/www.europesays.com\/es\/wp-json\/wp\/v2\/posts"}],"about":[{"href":"https:\/\/www.europesays.com\/es\/wp-json\/wp\/v2\/types\/post"}],"author":[{"embeddable":true,"href":"https:\/\/www.europesays.com\/es\/wp-json\/wp\/v2\/users\/2"}],"replies":[{"embeddable":true,"href":"https:\/\/www.europesays.com\/es\/wp-json\/wp\/v2\/comments?post=742810"}],"version-history":[{"count":0,"href":"https:\/\/www.europesays.com\/es\/wp-json\/wp\/v2\/posts\/742810\/revisions"}],"wp:featuredmedia":[{"embeddable":true,"href":"https:\/\/www.europesays.com\/es\/wp-json\/wp\/v2\/media\/742811"}],"wp:attachment":[{"href":"https:\/\/www.europesays.com\/es\/wp-json\/wp\/v2\/media?parent=742810"}],"wp:term":[{"taxonomy":"category","embeddable":true,"href":"https:\/\/www.europesays.com\/es\/wp-json\/wp\/v2\/categories?post=742810"},{"taxonomy":"post_tag","embeddable":true,"href":"https:\/\/www.europesays.com\/es\/wp-json\/wp\/v2\/tags?post=742810"}],"curies":[{"name":"wp","href":"https:\/\/api.w.org\/{rel}","templated":true}]}}