{"id":742842,"date":"2026-09-01T22:19:13","date_gmt":"2026-09-01T22:19:13","guid":{"rendered":"https:\/\/www.europesays.com\/es\/742842\/"},"modified":"2026-09-01T22:19:13","modified_gmt":"2026-09-01T22:19:13","slug":"el-nuevo-camp-nou-de-la-arquitectura-de-masas-a-la-arquitectura-de-mercado-y-para-vips","status":"publish","type":"post","link":"https:\/\/www.europesays.com\/es\/742842\/","title":{"rendered":"El nuevo Camp Nou: de la arquitectura de masas a la arquitectura de mercado y para VIPs"},"content":{"rendered":"<p class=\"article-text\">\n        El nuevo Spotify Camp Nou empieza a convertirse en un edificio que ya puede ser observado, recorrido y discutido por la parroquia tribunera blaugrana. Despu\u00e9s de tres a\u00f1os de obras, la tercera grader\u00eda ha adquirido pr\u00e1cticamente su forma definitiva y sobre ella empieza a levantarse la estructura que sostendr\u00e1 la futura cubierta, cuya volumetr\u00eda permite ya intuir el aspecto definitivo del estadio.\n    <\/p>\n<p class=\"article-text\">\n        Quiz\u00e1s lo m\u00e1s llamativo sea la aparici\u00f3n de las cristaleras de los dos nuevos anillos VIP, que introducen una presencia in\u00e9dita en la secci\u00f3n del Camp Nou y rompen la imagen continua de un manto de asientos que durante d\u00e9cadas hab\u00eda vestido el grader\u00edo. El tercer piso se abrir\u00e1 progresivamente durante la temporada 2026-27 y la cubierta, \u00faltimo gran elemento de la intervenci\u00f3n, est\u00e1 prevista para el verano de 2027 y devolver\u00e1 al equipo a la monta\u00f1a de Montjuic temporalmente.\n    <\/p>\n","protected":false},"excerpt":{"rendered":"El nuevo Spotify Camp Nou empieza a convertirse en un edificio que ya puede ser observado, recorrido y&hellip;\n","protected":false},"author":2,"featured_media":742843,"comment_status":"","ping_status":"","sticky":false,"template":"","format":"standard","meta":{"footnotes":""},"categories":[173],"tags":[517,229,233,231,230,210,1980,232,234,95,146,147,25,24,1982,10,1981,952,23],"class_list":["post-742842","post","type-post","status-publish","format-standard","has-post-thumbnail","category-arte-y-diseno","tag-actualidad","tag-arte","tag-arte-y-diseno","tag-arts","tag-arts-and-design","tag-barcelona","tag-cataluna","tag-design","tag-diseno","tag-economia","tag-entertainment","tag-entretenimiento","tag-es","tag-espana","tag-ignacio-escolar","tag-noticias","tag-periodismo-independiente","tag-politica","tag-spain"],"share_on_mastodon":{"url":"https:\/\/pubeurope.com\/@es\/117198111773088195","error":""},"_links":{"self":[{"href":"https:\/\/www.europesays.com\/es\/wp-json\/wp\/v2\/posts\/742842","targetHints":{"allow":["GET"]}}],"collection":[{"href":"https:\/\/www.europesays.com\/es\/wp-json\/wp\/v2\/posts"}],"about":[{"href":"https:\/\/www.europesays.com\/es\/wp-json\/wp\/v2\/types\/post"}],"author":[{"embeddable":true,"href":"https:\/\/www.europesays.com\/es\/wp-json\/wp\/v2\/users\/2"}],"replies":[{"embeddable":true,"href":"https:\/\/www.europesays.com\/es\/wp-json\/wp\/v2\/comments?post=742842"}],"version-history":[{"count":0,"href":"https:\/\/www.europesays.com\/es\/wp-json\/wp\/v2\/posts\/742842\/revisions"}],"wp:featuredmedia":[{"embeddable":true,"href":"https:\/\/www.europesays.com\/es\/wp-json\/wp\/v2\/media\/742843"}],"wp:attachment":[{"href":"https:\/\/www.europesays.com\/es\/wp-json\/wp\/v2\/media?parent=742842"}],"wp:term":[{"taxonomy":"category","embeddable":true,"href":"https:\/\/www.europesays.com\/es\/wp-json\/wp\/v2\/categories?post=742842"},{"taxonomy":"post_tag","embeddable":true,"href":"https:\/\/www.europesays.com\/es\/wp-json\/wp\/v2\/tags?post=742842"}],"curies":[{"name":"wp","href":"https:\/\/api.w.org\/{rel}","templated":true}]}}