{"id":742848,"date":"2026-09-01T22:23:09","date_gmt":"2026-09-01T22:23:09","guid":{"rendered":"https:\/\/www.europesays.com\/es\/742848\/"},"modified":"2026-09-01T22:23:09","modified_gmt":"2026-09-01T22:23:09","slug":"street-fighter-desata-el-hadouken-en-nuevo-trailer-y-muestra-su-apuesta-por-ser-fiel-al-videojuego","status":"publish","type":"post","link":"https:\/\/www.europesays.com\/es\/742848\/","title":{"rendered":"Street Fighter desata el Hadouken en nuevo tr\u00e1iler y muestra su apuesta por ser fiel al videojuego"},"content":{"rendered":"<p class=\"article-body__paragraph\">Un nuevo tr\u00e1iler de <b>Street Fighter<\/b> muestra con mayor detalle c\u00f3mo la pr\u00f3xima pel\u00edcula llevar\u00e1 al cine los movimientos, personajes y est\u00e9tica que marcaron al cl\u00e1sico videojuego de peleas.<\/p>\n<p class=\"article-body__paragraph\">El adelanto apuesta por una adaptaci\u00f3n reconocible para los seguidores de la saga, con combates que rescatan t\u00e9cnicas directamente tomadas de los juegos.<\/p>\n<p class=\"article-body__paragraph\">Entre ellas aparecen movimientos emblem\u00e1ticos como el Hadouken de Ryu o los golpes de manos \u00e1giles de E. Honda, aunque no son los \u00fanicos que entran en acci\u00f3n.<\/p>\n<p class=\"article-body__paragraph\">La historia tambi\u00e9n comienza a tomar forma. El tr\u00e1iler presenta a Chun-Li convocando a un Ryu que se ha mantenido alejado de las batallas y mantiene problemas con su mejor amigo, Ken Masters.<\/p>\n<p class=\"article-body__paragraph\">Vean el tr\u00e1iler a continuaci\u00f3n.<\/p>\n<p class=\"article-body__paragraph\">El proyecto est\u00e1 dirigido por Kitao Sakurai, quien asume la realizaci\u00f3n de la pel\u00edcula despu\u00e9s de trabajar anteriormente en televisi\u00f3n, incluyendo su participaci\u00f3n en la serie Twisted Metal.<\/p>\n<p class=\"article-body__paragraph\">El reparto tiene a Andrew Koji en el papel de Ryu, Noah Centineo como Ken Masters y Callina Liang como Chun-Li, tres de los principales personajes que aparecen en este primer vistazo a la historia.<\/p>\n<p class=\"article-body__paragraph\">A ellos se suman varios nombres conocidos fuera de la franquicia. El luchador Cody Rhodes interpretar\u00e1 a Guile, mientras que el rapero y actor 50 Cent asumir\u00e1 el papel del boxeador Balrog.<\/p>\n<p class=\"article-body__paragraph\">El elenco tambi\u00e9n contempla a Jason Momoa como Blanka y David Dastmalchian en el rol de M. Bison, uno de los villanos m\u00e1s reconocibles de toda la historia de la serie de videojuegos.<\/p>\n<p class=\"article-body__paragraph\">Street Fighter tiene fijado su estreno en salas de cine para el pr\u00f3ximo 15 de octubre.<\/p>\n","protected":false},"excerpt":{"rendered":"Un nuevo tr\u00e1iler de Street Fighter muestra con mayor detalle c\u00f3mo la pr\u00f3xima pel\u00edcula llevar\u00e1 al cine los&hellip;\n","protected":false},"author":2,"featured_media":742849,"comment_status":"","ping_status":"","sticky":false,"template":"","format":"standard","meta":{"footnotes":""},"categories":[169],"tags":[177,146,147,25,24,176,175,23,34476,1017,132],"class_list":["post-742848","post","type-post","status-publish","format-standard","has-post-thumbnail","category-cine","tag-cine","tag-entertainment","tag-entretenimiento","tag-es","tag-espana","tag-film","tag-movies","tag-spain","tag-street-fighter","tag-trailers","tag-videojuegos"],"share_on_mastodon":{"url":"","error":""},"_links":{"self":[{"href":"https:\/\/www.europesays.com\/es\/wp-json\/wp\/v2\/posts\/742848","targetHints":{"allow":["GET"]}}],"collection":[{"href":"https:\/\/www.europesays.com\/es\/wp-json\/wp\/v2\/posts"}],"about":[{"href":"https:\/\/www.europesays.com\/es\/wp-json\/wp\/v2\/types\/post"}],"author":[{"embeddable":true,"href":"https:\/\/www.europesays.com\/es\/wp-json\/wp\/v2\/users\/2"}],"replies":[{"embeddable":true,"href":"https:\/\/www.europesays.com\/es\/wp-json\/wp\/v2\/comments?post=742848"}],"version-history":[{"count":0,"href":"https:\/\/www.europesays.com\/es\/wp-json\/wp\/v2\/posts\/742848\/revisions"}],"wp:featuredmedia":[{"embeddable":true,"href":"https:\/\/www.europesays.com\/es\/wp-json\/wp\/v2\/media\/742849"}],"wp:attachment":[{"href":"https:\/\/www.europesays.com\/es\/wp-json\/wp\/v2\/media?parent=742848"}],"wp:term":[{"taxonomy":"category","embeddable":true,"href":"https:\/\/www.europesays.com\/es\/wp-json\/wp\/v2\/categories?post=742848"},{"taxonomy":"post_tag","embeddable":true,"href":"https:\/\/www.europesays.com\/es\/wp-json\/wp\/v2\/tags?post=742848"}],"curies":[{"name":"wp","href":"https:\/\/api.w.org\/{rel}","templated":true}]}}