{"id":742856,"date":"2026-09-01T22:27:13","date_gmt":"2026-09-01T22:27:13","guid":{"rendered":"https:\/\/www.europesays.com\/es\/742856\/"},"modified":"2026-09-01T22:27:13","modified_gmt":"2026-09-01T22:27:13","slug":"un-descuido-de-una-marca-de-fundas-desvela-los-posibles-colores-del-iphone-18-pro","status":"publish","type":"post","link":"https:\/\/www.europesays.com\/es\/742856\/","title":{"rendered":"Un descuido de una marca de fundas desvela los posibles colores del iPhone 18 Pro"},"content":{"rendered":"<p>Apenas quedan unos d\u00edas para despejar las inc\u00f3gnitas en torno al<strong> iPhone 18 Pro<\/strong>, pero una aparici\u00f3n fugaz en <a href=\"https:\/\/www.libertaddigital.com\/empresas\/amazon\/\" target=\"_blank\" rel=\"dofollow noreferrer noopener\">Amazon<\/a> ha vuelto a alimentar las especulaciones sobre el aspecto del nuevo tel\u00e9fono de <a href=\"https:\/\/www.libertaddigital.com\/empresas\/apple\/\" target=\"_blank\" rel=\"dofollow noreferrer noopener\">Apple<\/a>. Esta vez, la pista procede de unas fundas de TORRAS que podr\u00edan haber anticipado los cuatro colores elegidos para el dispositivo.<\/p>\n<p>La alerta surgi\u00f3 despu\u00e9s de que un usuario compartiese en X el anuncio de estos accesorios. Seg\u00fan recoge Applesfera, las fundas terminaron desapareciendo de Amazon pocos minutos despu\u00e9s de que la publicaci\u00f3n comenzase a hacerse viral. Para entonces, sin embargo, <strong>ya se hab\u00edan realizado capturas<\/strong> de pantalla de los productos.<\/p>\n<p>Los fabricantes de accesorios suelen conocer con antelaci\u00f3n determinados detalles de los nuevos iPhone, como sus dimensiones, dise\u00f1o o colores, para poder tener preparados sus productos cuando los tel\u00e9fonos llegan al mercado. Adem\u00e1s, estas no son las primeras fundas relacionadas con el iPhone 18 Pro que aparecen antes de su presentaci\u00f3n.<\/p>\n<p>En esta ocasi\u00f3n, el cat\u00e1logo de TORRAS apunta a cuatro acabados: <strong>cereza oscuro, azul, plata y negro<\/strong>. No se trata de una combinaci\u00f3n completamente nueva, ya que esos mismos colores hab\u00edan aparecido anteriormente en otras filtraciones sobre el iPhone 18 Pro.<\/p>\n<p>El negro vuelve a ganar fuerza<\/p>\n<p>La principal inc\u00f3gnita se encuentra en el negro. Las informaciones conocidas hasta ahora no se han puesto de acuerdo sobre su presencia: mientras unas sostienen que Apple recuperar\u00e1 este acabado, otras apuntan en sentido contrario. Que TORRAS haya preparado fundas negras aporta ahora un nuevo indicio a favor de la primera posibilidad, aunque no permite darla por confirmada.<\/p>\n<p>&#13;<br \/>\n    Relacionado&#13;<br \/>\n    &#13;<\/p>\n<p>Tambi\u00e9n existe expectaci\u00f3n en torno al denominado Dark Cherry, un <strong>cereza oscuro<\/strong> con tonalidades moradas que llegar\u00eda para ocupar el lugar del naranja que ha destacado en el iPhone 17 Pro. Frente a este nuevo acabado competir\u00edan el azul y, si finalmente se confirman las filtraciones, el esperado negro. El plata completar\u00eda la gama.<\/p>\n<p>La aparici\u00f3n de los accesorios en Amazon tampoco permite considerar cerrada la cuesti\u00f3n. Existe la posibilidad de que TORRAS haya creado sus im\u00e1genes a partir de los rumores que ya circulaban sobre el tel\u00e9fono o de datos obtenidos por sus propios canales. Por tanto, los renders, pese a su calidad, <strong>no son im\u00e1genes definitivas del iPhone 18 Pro<\/strong>.<\/p>\n<p>Apple suele conceder una especial importancia a los colores de sus tel\u00e9fonos y el naranja ha sido uno de los elementos m\u00e1s reconocibles del iPhone 17 Pro. Ahora, las distintas filtraciones han situado principalmente al azul y al cereza oscuro como candidatos para tomar el relevo, mientras el posible regreso del negro contin\u00faa generando dudas.<\/p>\n<p>La respuesta definitiva llegar\u00e1 el <strong>9 de septiembre<\/strong>. Hasta entonces, las fundas aparecidas brevemente en Amazon se suman a los indicios que apuntan a una gama formada por cereza oscuro, azul, plata y negro.<\/p>\n","protected":false},"excerpt":{"rendered":"Apenas quedan unos d\u00edas para despejar las inc\u00f3gnitas en torno al iPhone 18 Pro, pero una aparici\u00f3n fugaz&hellip;\n","protected":false},"author":2,"featured_media":742857,"comment_status":"","ping_status":"","sticky":false,"template":"","format":"standard","meta":{"footnotes":""},"categories":[81],"tags":[2823,119,123,124,25,24,2822,78425,117,121,122,1701,23,118,120],"class_list":["post-742856","post","type-post","status-publish","format-standard","has-post-thumbnail","category-ciencia-y-tecnologia","tag-apple","tag-ciencia","tag-ciencia-y-tecnologia","tag-cienciaytecnologia","tag-es","tag-espana","tag-iphone","tag-iphone-18-pro","tag-science","tag-science-and-technology","tag-scienceandtechnology","tag-smartphones","tag-spain","tag-technology","tag-tecnologia"],"share_on_mastodon":{"url":"https:\/\/pubeurope.com\/@es\/117198143121702918","error":""},"_links":{"self":[{"href":"https:\/\/www.europesays.com\/es\/wp-json\/wp\/v2\/posts\/742856","targetHints":{"allow":["GET"]}}],"collection":[{"href":"https:\/\/www.europesays.com\/es\/wp-json\/wp\/v2\/posts"}],"about":[{"href":"https:\/\/www.europesays.com\/es\/wp-json\/wp\/v2\/types\/post"}],"author":[{"embeddable":true,"href":"https:\/\/www.europesays.com\/es\/wp-json\/wp\/v2\/users\/2"}],"replies":[{"embeddable":true,"href":"https:\/\/www.europesays.com\/es\/wp-json\/wp\/v2\/comments?post=742856"}],"version-history":[{"count":0,"href":"https:\/\/www.europesays.com\/es\/wp-json\/wp\/v2\/posts\/742856\/revisions"}],"wp:featuredmedia":[{"embeddable":true,"href":"https:\/\/www.europesays.com\/es\/wp-json\/wp\/v2\/media\/742857"}],"wp:attachment":[{"href":"https:\/\/www.europesays.com\/es\/wp-json\/wp\/v2\/media?parent=742856"}],"wp:term":[{"taxonomy":"category","embeddable":true,"href":"https:\/\/www.europesays.com\/es\/wp-json\/wp\/v2\/categories?post=742856"},{"taxonomy":"post_tag","embeddable":true,"href":"https:\/\/www.europesays.com\/es\/wp-json\/wp\/v2\/tags?post=742856"}],"curies":[{"name":"wp","href":"https:\/\/api.w.org\/{rel}","templated":true}]}}