{"id":742896,"date":"2026-09-01T22:57:18","date_gmt":"2026-09-01T22:57:18","guid":{"rendered":"https:\/\/www.europesays.com\/es\/742896\/"},"modified":"2026-09-01T22:57:18","modified_gmt":"2026-09-01T22:57:18","slug":"asi-te-hemos-contado-la-ultima-hora-de-la-actualidad-politica-y-de-la-crisis-de-ceuta-del-1-de-septiembre-de-2026","status":"publish","type":"post","link":"https:\/\/www.europesays.com\/es\/742896\/","title":{"rendered":"As\u00ed te hemos contado la \u00faltima hora de la actualidad pol\u00edtica y de la crisis de Ceuta del 1 de septiembre de 2026"},"content":{"rendered":"<p class=\"article-text\">\n        Arranca un nuevo curso pol\u00edtico tras la entrevista del presidente del Gobierno del lunes y con la crisis migratoria de Ceuta sin visos de resolverse a corto plazo. Cuando se cumple una semana de la aprobaci\u00f3n del mando \u00fanico por parte del Gobierno, <a href=\"https:\/\/www.eldiario.es\/politica\/gobierno-duplica-plazas-migrantes-ceuta-semana-descarta-traslado-peninsula_1_13477642.html\" target=\"_blank\" data-mrf-recirculation=\"links-noticia\" class=\"link\" rel=\"nofollow noopener\">las plazas para migrantes han pasado de 1.800 a 3.300 y el Ejecutivo ha ido anunciando una serie de medidas millonarias para la ciudad aut\u00f3noma<\/a> y en las que incluir\u00e1 tambi\u00e9n a Melilla. Este martes ha arrancado con la celebraci\u00f3n de un nuevo Consejo de Seguridad Nacional despu\u00e9s de la reuni\u00f3n de tres horas del lunes entre el jefe del Estado, Felipe VI, y el presidente del Gobierno, Pedro S\u00e1nchez, y un Consejo de Ministros <a href=\"https:\/\/www.eldiario.es\/economia\/gobierno-aprueba-plan-choque-309-millones-responder-crisis-humanitaria-ceuta_1_13479219.html\" target=\"_blank\" data-mrf-recirculation=\"links-noticia\" class=\"link\" rel=\"nofollow noopener\">en el que se han aprobado partidas que alcanzar\u00e1n los 309 millones de euros en ayudas para Ceuta<\/a>. Puedes encontrarlas <a href=\"https:\/\/www.eldiario.es\/economia\/son-ayudas-aprobadas-gobierno-respuesta-crisis-ceuta_1_13479300.html\" target=\"_blank\" data-mrf-recirculation=\"links-noticia\" class=\"link\" rel=\"nofollow noopener\">todas en este enlace<\/a>.\n    <\/p>\n<p class=\"article-text\">\n        Pese a las cr\u00edticas de la oposici\u00f3n y de sus socios de gobierno, S\u00e1nchez se ha quedado solo en la posici\u00f3n de exculpar a Marruecos de responsabilidad en la crisis de Ceuta. <a href=\"https:\/\/www.eldiario.es\/politica\/pedro-sanchez-queda-marruecos_129_13477226.html\" target=\"_blank\" data-mrf-recirculation=\"links-noticia\" class=\"link\" rel=\"nofollow noopener\">Hoy escribe I\u00f1igo S\u00e1enz de Ugarte su cr\u00f3nica sobre ello<\/a>. Adem\u00e1s, publicamos <a href=\"https:\/\/www.eldiario.es\/desalambre\/guerra-matando-historia-sudaneses-esperan-asilo-ceuta-no-volver_1_13477467.html\" target=\"_blank\" data-mrf-recirculation=\"links-noticia\" class=\"link\" rel=\"nofollow noopener\">un reportaje sobre los migrantes sudaneses que est\u00e1n llegando a Ceuta<\/a>, a trav\u00e9s del pa\u00eds marroqu\u00ed, huyendo de la guerra y ante la dureza de la ruta migratoria a trav\u00e9s de Libia. Y el podcast de este martes: <a href=\"https:\/\/www.eldiario.es\/untemaaldia\/podcast-ceuta-marruecos-mes-tres-teorias_132_13477402.html\" target=\"_blank\" data-mrf-recirculation=\"links-noticia\" class=\"link\" rel=\"nofollow noopener\">Ceuta y Marruecos: un mes, tres teor\u00edas<\/a>.\n    <\/p>\n","protected":false},"excerpt":{"rendered":"Arranca un nuevo curso pol\u00edtico tras la entrevista del presidente del Gobierno del lunes y con la crisis&hellip;\n","protected":false},"author":2,"featured_media":742897,"comment_status":"","ping_status":"","sticky":false,"template":"","format":"standard","meta":{"footnotes":""},"categories":[8],"tags":[517,17,18,4486,4170,2125,25,24,13,14,11,1458,19,20,9,10,15,16,952,23,12,1885,21,22],"class_list":["post-742896","post","type-post","status-publish","format-standard","has-post-thumbnail","category-espana","tag-actualidad","tag-breaking-news","tag-breakingnews","tag-ceuta","tag-crisis","tag-directo","tag-es","tag-espana","tag-featured-news","tag-featurednews","tag-headlines","tag-hora","tag-latest-news","tag-latestnews","tag-news","tag-noticias","tag-noticias-destacadas","tag-noticiasdestacadas","tag-politica","tag-spain","tag-titulares","tag-ultima","tag-ultimas-noticias","tag-ultimasnoticias"],"share_on_mastodon":{"url":"https:\/\/pubeurope.com\/@es\/117198261380885534","error":""},"_links":{"self":[{"href":"https:\/\/www.europesays.com\/es\/wp-json\/wp\/v2\/posts\/742896","targetHints":{"allow":["GET"]}}],"collection":[{"href":"https:\/\/www.europesays.com\/es\/wp-json\/wp\/v2\/posts"}],"about":[{"href":"https:\/\/www.europesays.com\/es\/wp-json\/wp\/v2\/types\/post"}],"author":[{"embeddable":true,"href":"https:\/\/www.europesays.com\/es\/wp-json\/wp\/v2\/users\/2"}],"replies":[{"embeddable":true,"href":"https:\/\/www.europesays.com\/es\/wp-json\/wp\/v2\/comments?post=742896"}],"version-history":[{"count":0,"href":"https:\/\/www.europesays.com\/es\/wp-json\/wp\/v2\/posts\/742896\/revisions"}],"wp:featuredmedia":[{"embeddable":true,"href":"https:\/\/www.europesays.com\/es\/wp-json\/wp\/v2\/media\/742897"}],"wp:attachment":[{"href":"https:\/\/www.europesays.com\/es\/wp-json\/wp\/v2\/media?parent=742896"}],"wp:term":[{"taxonomy":"category","embeddable":true,"href":"https:\/\/www.europesays.com\/es\/wp-json\/wp\/v2\/categories?post=742896"},{"taxonomy":"post_tag","embeddable":true,"href":"https:\/\/www.europesays.com\/es\/wp-json\/wp\/v2\/tags?post=742896"}],"curies":[{"name":"wp","href":"https:\/\/api.w.org\/{rel}","templated":true}]}}