{"id":742902,"date":"2026-09-01T23:03:15","date_gmt":"2026-09-01T23:03:15","guid":{"rendered":"https:\/\/www.europesays.com\/es\/742902\/"},"modified":"2026-09-01T23:03:15","modified_gmt":"2026-09-01T23:03:15","slug":"nadal-pone-rostro-a-su-verano-mas-familiar-con-una-coleccion-de-recuerdos","status":"publish","type":"post","link":"https:\/\/www.europesays.com\/es\/742902\/","title":{"rendered":"Nadal pone rostro a su verano m\u00e1s familiar con una colecci\u00f3n de recuerdos"},"content":{"rendered":"<p>Rafa Nadal ha querido compartir con sus seguidores<strong> algunos de los momentos m\u00e1s personales<\/strong> de su <a href=\"https:\/\/www.ultimahora.es\/etiqueta\/verano.html?utm_source=Inline-tag&amp;utm_medium=internal\" rel=\"nofollow noopener\" target=\"_blank\">verano<\/a> de 2026. El extenista manacor\u00ed ha publicado en sus <a href=\"https:\/\/www.ultimahora.es\/etiqueta\/redes+sociales.html?utm_source=Inline-tag&amp;utm_medium=internal\" rel=\"nofollow noopener\" target=\"_blank\">redes sociales<\/a> una recopilaci\u00f3n de fotograf\u00edas bajo el t\u00edtulo \u00ab<strong>Verano 2026<\/strong>\u00bb, con varias escenas protagonizadas por su <a href=\"https:\/\/www.ultimahora.es\/etiqueta\/familia.html?utm_source=Inline-tag&amp;utm_medium=internal\" rel=\"nofollow noopener\" target=\"_blank\">familia<\/a> y algunos de los lugares que ha visitado durante estos meses. Las im\u00e1genes muestran al mallorqu\u00edn disfrutando de unos d\u00edas de descanso en compa\u00f1\u00eda de los suyos, una faceta mucho m\u00e1s \u00edntima del deportista despu\u00e9s de haber dejado atr\u00e1s su carrera profesional en el circuito.<\/p>\n<p>Entre las fotograf\u00edas aparece Nadal junto a sus hijos durante una visita a un zool\u00f3gico. Los peque\u00f1os se convierten as\u00ed en protagonistas de varias de las instant\u00e1neas compartidas por el tenista, que mantiene habitualmente una gran discreci\u00f3n sobre su vida privada. El \u00e1lbum tambi\u00e9n incluye una estampa familiar tomada en la<strong> isla croata de Hvar.<\/strong> En ella aparecen <strong>Rafa Nadal, Mery Perell\u00f3, sus hijos, su padre Sebasti\u00e1n Nadal, su t\u00edo Miquel \u00c0ngel y su hermana Maribel.<\/strong> Una fotograf\u00eda que re\u00fane a buena parte del entorno m\u00e1s cercano del manacor\u00ed durante estas <a href=\"https:\/\/www.ultimahora.es\/etiqueta\/vacaciones.html?utm_source=Inline-tag&amp;utm_medium=internal\" rel=\"nofollow noopener\" target=\"_blank\">vacaciones<\/a>.<\/p>\n<p>Otra de las im\u00e1genes m\u00e1s cari\u00f1osas del recopilatorio tiene como protagonistas a <strong>Nadal, su madre, Ana Mar\u00eda Parera, y su hermana Maribel.<\/strong> Los tres aparecen <strong>abrazados<\/strong> en una fotograf\u00eda que refleja el estrecho v\u00ednculo que mantiene el extenista con su familia. La naturaleza tambi\u00e9n tiene su espacio en la publicaci\u00f3n. Nadal comparte otra instant\u00e1nea junto a su padre, Sebasti\u00e1n, mientras ambos disfrutan de una cascada natural. Una escena que refleja el car\u00e1cter relajado de estos d\u00edas de descanso, lejos de la exigencia y la rutina que durante m\u00e1s de dos d\u00e9cadas marcaron su vida como deportista profesional.<\/p>\n<blockquote class=\"instagram-media\" style=\"background: #FFF; border: 0; border-radius: 3px; box-shadow: 0 0 1px 0 rgba(0,0,0,0.5),0 1px 10px 0 rgba(0,0,0,0.15); margin: 1px; max-width: 540px; min-width: 326px; padding: 0; width: calc(100% - 2px);\" data-instgrm-captioned=\"\" data-instgrm-permalink=\"https:\/\/www.instagram.com\/p\/DcwBgUdCMho\/?utm_source=ig_embed&amp;utm_campaign=loading\" data-instgrm-version=\"14\"><p>&#13;<\/p>\n<p>Ver esta publicaci\u00f3n en Instagram<\/p>\n<p>&#13;<\/p>\n<p><a style=\"color: #c9c8cd; font-family: Arial,sans-serif; font-size: 14px; font-style: normal; font-weight: normal; line-height: 17px; text-decoration: none;\" href=\"https:\/\/www.instagram.com\/p\/DcwBgUdCMho\/?utm_source=ig_embed&amp;utm_campaign=loading\" target=\"_blank\" rel=\"noopener nofollow\">Una publicaci\u00f3n compartida de Rafa Nadal (@rafaelnadal)<\/a><\/p>\n<p>&#13;\n<\/p><\/blockquote>\n<p>El verano est\u00e1 permitiendo al mallorqu\u00edn disfrutar de una etapa diferente junto a Mery Perell\u00f3 y sus dos hijos. <strong>La pareja ampli\u00f3 la familia con la llegada de su segundo hijo, Miquel<\/strong>, en 2025, despu\u00e9s del nacimiento de su primer hijo, Rafael. Desde su retirada del tenis profesional, Nadal ha ido mostrando de forma puntual algunos retazos de su nueva vida. El deporte contin\u00faa formando parte de su d\u00eda a d\u00eda, pero ahora compagina sus diferentes proyectos con un mayor protagonismo de los planes familiares.<\/p>\n<p>                        <script async src=\"\/\/www.instagram.com\/embed.js\"><\/script><\/p>\n","protected":false},"excerpt":{"rendered":"Rafa Nadal ha querido compartir con sus seguidores algunos de los momentos m\u00e1s personales de su verano de&hellip;\n","protected":false},"author":2,"featured_media":742903,"comment_status":"","ping_status":"","sticky":false,"template":"","format":"standard","meta":{"footnotes":""},"categories":[274],"tags":[818,168,25,24,367,3439,1922,492,23,167,2922,327,326,1529,2110,1793],"class_list":["post-742902","post","type-post","status-publish","format-standard","has-post-thumbnail","category-tenis","tag-croacia","tag-deportes","tag-es","tag-espana","tag-familia","tag-rafael-nadal","tag-redes-sociales","tag-sociedad","tag-spain","tag-sports","tag-tendencias","tag-tenis","tag-tennis","tag-ultima-hora","tag-vacaciones","tag-verano"],"share_on_mastodon":{"url":"https:\/\/pubeurope.com\/@es\/117198284672843242","error":""},"_links":{"self":[{"href":"https:\/\/www.europesays.com\/es\/wp-json\/wp\/v2\/posts\/742902","targetHints":{"allow":["GET"]}}],"collection":[{"href":"https:\/\/www.europesays.com\/es\/wp-json\/wp\/v2\/posts"}],"about":[{"href":"https:\/\/www.europesays.com\/es\/wp-json\/wp\/v2\/types\/post"}],"author":[{"embeddable":true,"href":"https:\/\/www.europesays.com\/es\/wp-json\/wp\/v2\/users\/2"}],"replies":[{"embeddable":true,"href":"https:\/\/www.europesays.com\/es\/wp-json\/wp\/v2\/comments?post=742902"}],"version-history":[{"count":0,"href":"https:\/\/www.europesays.com\/es\/wp-json\/wp\/v2\/posts\/742902\/revisions"}],"wp:featuredmedia":[{"embeddable":true,"href":"https:\/\/www.europesays.com\/es\/wp-json\/wp\/v2\/media\/742903"}],"wp:attachment":[{"href":"https:\/\/www.europesays.com\/es\/wp-json\/wp\/v2\/media?parent=742902"}],"wp:term":[{"taxonomy":"category","embeddable":true,"href":"https:\/\/www.europesays.com\/es\/wp-json\/wp\/v2\/categories?post=742902"},{"taxonomy":"post_tag","embeddable":true,"href":"https:\/\/www.europesays.com\/es\/wp-json\/wp\/v2\/tags?post=742902"}],"curies":[{"name":"wp","href":"https:\/\/api.w.org\/{rel}","templated":true}]}}