{"id":742904,"date":"2026-09-01T23:04:16","date_gmt":"2026-09-01T23:04:16","guid":{"rendered":"https:\/\/www.europesays.com\/es\/742904\/"},"modified":"2026-09-01T23:04:16","modified_gmt":"2026-09-01T23:04:16","slug":"la-ciclista-italiana-chiara-teocchi-del-bh-coloma-en-silla-de-ruedas-tras-una-caida-estuve-una-hora-muerta","status":"publish","type":"post","link":"https:\/\/www.europesays.com\/es\/742904\/","title":{"rendered":"La ciclista italiana Chiara Teocchi, del BH Coloma, en silla de ruedas tras una ca\u00edda: \u00abEstuve una hora muerta\u00bb"},"content":{"rendered":"<p class=\"c-paragraph\">La <a href=\"https:\/\/www.heraldo.es\/noticias\/deportes\/2026\/09\/01\/tronchon-sorprende-esprint-elche-sierra-mas-sigue-lider-vuelta-2048771.html\" title=\"Tronchon sorprende al esprint en Elche de la Sierra, Enric Mas sigue l\u00edder en La Vuelta\" target=\"_blank\" rel=\"nofollow noopener\">corredora<\/a> italiana Chiara Teocchi, que milita en el equipo espa\u00f1ol BH Coloma Team, <b>estuvo una hora en parada card\u00edaca tras sufrir una grave ca\u00edda en una carrera<\/b> y ahora afronta una nueva fase de recuperaci\u00f3n en la que no se ha determinado todav\u00eda cuando tiempo ir\u00e1 en silla de ruedas.<\/p>\n<p class=\"c-paragraph\">Teocchi sufri\u00f3 esa ca\u00edda el pasado 5 de julio y hasta ahora su equipo hab\u00eda decidido<b> no ofrecer explicaciones detalladas de su estado<\/b> por respeto a\u00a0sus privacidad; este martes ha sido ella misma, a trav\u00e9s de redes sociales y de un comunicado del equipo riojano, la que ha explicado lo ocurrido y en qu\u00e9 situaci\u00f3n se encuentra.<\/p>\n<p class=\"c-paragraph\">Ha detallado c\u00f3mo tras<b> ser evacuada en helic\u00f3ptero <\/b>desde el circuito de La\u00a0Thuile\u00a0-en Italia- a un centro m\u00e9dico y d\u00edas despu\u00e9s a un hospital en B\u00e9rgamo donde las pruebas a las que fue sometida revelaron una lesi\u00f3n medular, explica ella misma.<\/p>\n<p class=\"c-paragraph\">Se decidi\u00f3 operarla y en la intervenci\u00f3n sufri\u00f3 una reacci\u00f3n al\u00e9rgica a un medicamento de la anestesia y sufri\u00f3 una parada card\u00edaca \u00ab<b>por la que estuve una hora muerta\u00bb pero el equipo m\u00e9dico logr\u00f3 reanimarla <\/b>\u00aby gan\u00e9 la mejor carrera de mi vida, la m\u00e1s importante\u00bb.<\/p>\n<p class=\"c-paragraph\">Pero la operaci\u00f3n de espalda \u00abno sali\u00f3 tan bien como esper\u00e1bamos\u00bb y \u00abahora tengo una nueva mejor amiga<b>, no s\u00e9 durante cu\u00e1nto tiempo\u00bb <\/b>explica ella misma se\u00f1alando a su silla de ruedas. \u00abAhora estoy en silla de ruedas\u00bb.<\/p>\n<p class=\"c-paragraph\">Porque admite que no conoce el tiempo que durar\u00e1 su recuperaci\u00f3n y c\u00f3mo ser\u00e1 esta. \u00abVa a ser un camino largo y todav\u00eda <b>no sabemos<\/b><b>\u00a0ad\u00f3nde<\/b><b>\u00a0nos llevar\u00e1\u00bb<\/b>, explica.<\/p>\n<p class=\"c-paragraph\">\u00abEstoy realmente agradecida a todo el mundo, <b>me mantengo muy positiva y estoy trabajando muy duro para volver a caminar. <\/b>Pero solo el tiempo y Dios nos dir\u00e1n qu\u00e9\u00a0suceder\u00e1\u00a0pero seguimos siendo positivos\u00bb, concluye la corredora italiana, que agradece el trabajo del personal m\u00e9dico de B\u00e9rgamo.<\/p>\n<p class=\"c-paragraph\">Tambi\u00e9n hace menci\u00f3n expresa en su mensaje al apoyo recibido por su familia, por su equipo y por el ej\u00e9rcito italiano, ya que <b>adem\u00e1s de deportista es militar.<\/b><\/p>\n<p class=\"c-paragraph\">Por otro lado, la corredora ha decidido iniciar una campa\u00f1a de recaudaci\u00f3n de fondos para afrontar gastos de rehabilitaci\u00f3n, atenci\u00f3n especializada y equipamiento; se hab\u00eda marcado el <b>objetivo de obtener 30.000 euros y en los primeros d\u00edas ha obtenido donaciones por 19.000<\/b><b>.<\/b><\/p>\n","protected":false},"excerpt":{"rendered":"La corredora italiana Chiara Teocchi, que milita en el equipo espa\u00f1ol BH Coloma Team, estuvo una hora en&hellip;\n","protected":false},"author":2,"featured_media":742905,"comment_status":"","ping_status":"","sticky":false,"template":"","format":"standard","meta":{"footnotes":""},"categories":[273],"tags":[12247,20867,313,1757,312,168,25,24,1741,23,167,131705],"class_list":["post-742904","post","type-post","status-publish","format-standard","has-post-thumbnail","category-ciclismo","tag-bh","tag-chiara","tag-ciclismo","tag-ciclista","tag-cycling","tag-deportes","tag-es","tag-espana","tag-italiana","tag-spain","tag-sports","tag-teocchi"],"share_on_mastodon":{"url":"https:\/\/pubeurope.com\/@es\/117198288689295494","error":""},"_links":{"self":[{"href":"https:\/\/www.europesays.com\/es\/wp-json\/wp\/v2\/posts\/742904","targetHints":{"allow":["GET"]}}],"collection":[{"href":"https:\/\/www.europesays.com\/es\/wp-json\/wp\/v2\/posts"}],"about":[{"href":"https:\/\/www.europesays.com\/es\/wp-json\/wp\/v2\/types\/post"}],"author":[{"embeddable":true,"href":"https:\/\/www.europesays.com\/es\/wp-json\/wp\/v2\/users\/2"}],"replies":[{"embeddable":true,"href":"https:\/\/www.europesays.com\/es\/wp-json\/wp\/v2\/comments?post=742904"}],"version-history":[{"count":0,"href":"https:\/\/www.europesays.com\/es\/wp-json\/wp\/v2\/posts\/742904\/revisions"}],"wp:featuredmedia":[{"embeddable":true,"href":"https:\/\/www.europesays.com\/es\/wp-json\/wp\/v2\/media\/742905"}],"wp:attachment":[{"href":"https:\/\/www.europesays.com\/es\/wp-json\/wp\/v2\/media?parent=742904"}],"wp:term":[{"taxonomy":"category","embeddable":true,"href":"https:\/\/www.europesays.com\/es\/wp-json\/wp\/v2\/categories?post=742904"},{"taxonomy":"post_tag","embeddable":true,"href":"https:\/\/www.europesays.com\/es\/wp-json\/wp\/v2\/tags?post=742904"}],"curies":[{"name":"wp","href":"https:\/\/api.w.org\/{rel}","templated":true}]}}