{"id":742906,"date":"2026-09-01T23:06:21","date_gmt":"2026-09-01T23:06:21","guid":{"rendered":"https:\/\/www.europesays.com\/es\/742906\/"},"modified":"2026-09-01T23:06:21","modified_gmt":"2026-09-01T23:06:21","slug":"de-nuevo-con-los-cupos-justos","status":"publish","type":"post","link":"https:\/\/www.europesays.com\/es\/742906\/","title":{"rendered":"De nuevo con los cupos justos"},"content":{"rendered":"<p>\n        De un amplio margen de maniobra a <strong>estar sobre el filo<\/strong>. Una vez m\u00e1s, <strong>en el l\u00edmite de la normativa<\/strong>. La situaci\u00f3n de los <a href=\"https:\/\/acb.com\/es\/liga\/noticias\/que-es-un-jugador-de-formacion-63117\" title=\"cupos\" rel=\"nofollow noopener\" target=\"_blank\" class=\"link copy\">cupos<\/a> en el <strong>Baskonia<\/strong> sale de nuevo a escena, algo impensable a inicios de verano, cuando el conjunto azulgrana <strong>dispon\u00eda de hasta seis <\/strong>jugadores de formaci\u00f3n en su plantilla \u2013Rafa <strong>Villar<\/strong>, Tadas <strong>Sedekerskis<\/strong>, Rodions <strong>Kurucs<\/strong>, Matteo <strong>Spagnolo<\/strong>, Stefan <strong>Joksimovic<\/strong> y Khalifa <strong>Diop<\/strong>\u2013.\n<\/p>\n<p class=\"article-body__text \">\n        Y es que, tras <a href=\"https:\/\/www.noticiasdealava.eus\/baskonia\/2026\/07\/08\/rafa-villar-abandona-baskonia-11300443.html\" title=\"cortar el club a principios de julio a Rafa Villar\" target=\"_blank\" class=\"link copy\" rel=\"nofollow noopener\">cortar el club a principios de julio a Rafa Villar<\/a> y quedarse con cinco cupos a esas alturas, <strong>la n\u00f3mina podr\u00eda reducirse a\u00fan m\u00e1s <\/strong>en el caso de que <strong>Khalifa Diop ponga rumbo a la NBA.<\/strong>\n<\/p>\n<p class=\"article-body__text \">\n        A poco m\u00e1s de dos semanas de que arranque la temporada, el conjunto azulgrana est\u00e1 a expensas de lo que suceda con el p\u00edvot de origen senegal\u00e9s para conocer si finalmente dispone de esos cinco jugadores de formaci\u00f3n en su plantilla o si, <strong>en el caso de que el interior de Guediawaye recale en los Cleveland Cavaliers, se queda en cuatro<\/strong>, justo el l\u00edmite que marca la competici\u00f3n.\n<\/p>\n<p>            <a href=\"https:\/\/www.noticiasdealava.eus\/baskonia\/2026\/08\/31\/baskonia-vilo-khalifa-diop-nba-cleveland-fichaje-11487858.html\" title=\"Khalifa Diop pone rumbo a Cleveland\" class=\"new__media\" rel=\"nofollow noopener\" target=\"_blank\"><\/p>\n<p>                <img alt=\"Khalifa Diop pone rumbo a Cleveland\" data-src=\"https:\/\/www.europesays.com\/es\/wp-content\/uploads\/2026\/09\/68b7ffd6-7701-4259-bc51-21334820d139_16-9-aspect-ratio_default_0.jpg\" class=\"lozad\"\/><\/p>\n<p>        <\/a><\/p>\n<p>        <a href=\"https:\/\/www.noticiasdealava.eus\/baskonia\/2026\/08\/31\/baskonia-vilo-khalifa-diop-nba-cleveland-fichaje-11487858.html\" title=\"Khalifa Diop pone rumbo a Cleveland\" class=\"new__headline\" rel=\"nofollow noopener\" target=\"_blank\"><br \/>\n            Khalifa Diop pone rumbo a Cleveland<br \/>\n        <\/a><\/p>\n<p class=\"article-body__text \">\n        Al borde de la normativa. Una vez m\u00e1s. Y es que, <strong>salvo que en las pr\u00f3ximas semanas uno de los dos refuerzos<\/strong> que debe acometer el club en el caso de que fructifique el traspaso de Diop a los Cavs<strong> sea un jugador de formaci\u00f3n<\/strong>, el <a href=\"https:\/\/www.noticiasdealava.eus\/baskonia\/\" title=\"Baskonia\" target=\"_blank\" class=\"link copy\" rel=\"nofollow noopener\">Baskonia<\/a> volver\u00eda a estar en el l\u00edmite en lo que a cupos en su plantilla se refiere.\n<\/p>\n<p class=\"article-body__text \">\n        De momento, al contar con<strong> Kurucs, Sedekerskis, Spagnolo y un Joksimovic <\/strong>que ha dado el salto desde el filial para disponer de ficha del primer equipo, <strong>podr\u00eda convocar sin problema a doce jugadores en la <\/strong><a href=\"https:\/\/www.acb.com\/es\/liga\" title=\"ACB\" rel=\"nofollow noopener\" target=\"_blank\" class=\"link copy\">ACB<\/a>, mientras que en la Euroliga no existen este tipo de restricciones.\n<\/p>\n<p class=\"article-body__text \">\n        Sin embargo, en el caso de que alguno de ellos no pueda ser de la partida en el campeonato dom\u00e9stico por lesi\u00f3n, el club deber\u00eda <strong>echar mano de alguno de sus canteranos, como ya hizo en la pasada Copa del Rey<\/strong> cuando reclut\u00f3 a Juom Maker Bol y al propio Joksimovic, o disputar dicho encuentro con 11 integrantes en su roster: los tres cupos restantes y otros ocho jugadores sin esa etiqueta.\n<\/p>\n<p>  11 jugadores o tirar de cantera <\/p>\n<p class=\"article-body__text \">\n        Ahora mismo, durante esta pretemporada, se est\u00e1n ejercitando con el primer equipo <strong>el base Pedrinho y el p\u00edvot Thierry Henry<\/strong>, dos jugadores de los que Galbiati podr\u00eda echar mano en alg\u00fan momento de necesidad durante el curso si prefiere disponer de 12 jugadores en los compromisos de la ACB, <strong>en el caso de que el p\u00edvot que sustituyera a Khalifa Diop no fuese cupo<\/strong> y el Baskonia sufriera alg\u00fan contratiempo en uno de sus cuatro jugadores de formaci\u00f3n disponibles.\n<\/p>\n<p class=\"article-photo__footer\">\n            Thierry Henry y Pedrinho, durante los reconocimientos m\u00e9dicos del Baskonia            Stuart MacDonald        <\/p>\n<p class=\"article-body__text \">\n        La situaci\u00f3n <strong>se ha complicado ligeramente respecto al inicio del mercado<\/strong>, pero tampoco es compleja para un Baskonia que ya ha demostrado que sabe manejarse sobradamente en este tipo de situaciones.\n<\/p>\n<p class=\"article-body__text \">\n        Y es que, salvo la<strong> temporada pasada, en la que cont\u00f3 con cinco cupos \u2013Rodions Kurucs, Villar, Tadas, Diop y Spagnolo\u2013<\/strong>, y alguna campa\u00f1a m\u00e1s en la que<strong> lleg\u00f3 a disponer de seis y siete jugadores de formaci\u00f3n \u2013cursos 2018-19 y 2019-20\u2013<\/strong> la t\u00f3nica general en la entidad gasteiztarra ha sido la de disponer en su plantilla de esos cuatro jugadores de formaci\u00f3n.\n<\/p>\n<p>        Durante tres temporadas consecutivas, entre la 2022-23 y la 2024-25, el Baskonia se manej\u00f3 con solo cuatro cupos en su plantilla<\/p>\n<p class=\"article-body__text \">\n        As\u00ed ha sido, por ejemplo, en las tres temporadas precedentes a la anterior: la 22-23, con los <strong>canteranos Arturs Kurucs, Tadas, Raieste<\/strong> y Dani D\u00edez; la 23-24, en la que abandon\u00f3 el Baskonia Arturs Kurucs y entr\u00f3 en su lugar Khalifa Diop; y la 24-25, en la que volver\u00edan a repetir <strong>Raieste, Tadas y Khalifa Diop, junto a un canterano como Pavel Savkov<\/strong>, que jug\u00f3 un papel testimonial ese ejercicio.\n<\/p>\n<p class=\"article-photo__footer\">\n            Savkov y Raieste, a la izquierda, sonr\u00eden durante un partido del Baskonia en el Buesa Arena            Jorge Mu\u00f1oz        <\/p>\n<p>  Cupos de relleno<\/p>\n<p class=\"article-body__text \">\n        Este \u00faltimo aspecto tambi\u00e9n hay que tenerlo muy en cuenta. Y es que, mientras <strong>en otras ocasiones los jugadores de formaci\u00f3n (JFL) ten\u00edan un papel residual<\/strong>, este a\u00f1o todos ellos son<strong> piezas importantes<\/strong>, como ya han demostrado en el pasado tanto el capit\u00e1n Tadas Sedekerskis como Kurucs o Spagnolo e incluso un reci\u00e9n llegado como Joksimovic, MVP del Eurobasket sub-18.\n<\/p>\n<p class=\"article-body__text \">\n        Y es que los cupos del Baskonia 26-27 nada tienen que ver con algunos de los que formaron las plantillas de cursos precedentes. Por ejemplo, regresando a esas campa\u00f1as en las que se bati\u00f3 el r\u00e9cord de jugadores de formaci\u00f3n en el vestuario, <strong>algunos de esos JFL no ten\u00edan el peso de los actuales. <\/strong>\n<\/p>\n<p>         Los cupos del Baskonia 26-27 nada tienen que ver con algunos de los que formaron las plantillas de cursos precedentes<\/p>\n<p class=\"article-body__text \">\n        Dentro de los seis del ejercicio 18-19, por ejemplo, estaban, junto a dos pesos pesados como Jayson Granger y Toko Shengelia, <strong>tres canteranos que daban sus primeros pasos: Sedekerskis, Ilimane Diop y Arturs Kurucs<\/strong>, adem\u00e1s de Miguel Gonz\u00e1lez.\n<\/p>\n<p class=\"article-photo__footer\">\n            Tadas Sedekerskis, uno de los cupos de este curso del Baskonia, disputa un rebote en el partido ante el Bayern.            Jorge Mu\u00f1oz        <\/p>\n<p>  R\u00e9cord de siete cupos<\/p>\n<p class=\"article-body__text \">\n        Un a\u00f1o m\u00e1s tarde, cuando se bati\u00f3 el r\u00e9cord con<strong> siete<\/strong>, la n\u00f3mina de cupos estaba formada por<strong> los seis de la campa\u00f1a anterior y un Sergi Garc\u00eda que lleg\u00f3 ya con la temporada iniciada<\/strong>.\n<\/p>\n<p class=\"article-body__text \">\n        Queda claro que muchos de esos jugadores de formaci\u00f3n no ten\u00edan el peso de los del curso actual. As\u00ed ocurri\u00f3 tambi\u00e9n en el ejercicio 20-21, cuando el <a href=\"https:\/\/www.noticiasdealava.eus\/baskonia\/\" title=\"Baskonia\" target=\"_blank\" class=\"link copy\" rel=\"nofollow noopener\">Baskonia<\/a> cumpl\u00eda la normativa tras tener en sus filas a <strong>cuatro canteranos como Arturs Kurucs, Ilimane, Tadas, Raieste y Quino Colom<\/strong>, o cuando de nuevo tuvo cinco la campa\u00f1a siguiente:<strong> tres canteranos que continuaron \u2013Kurucs, Tadas y Raieste\u2013 a los que se unir\u00edan Granger y \u00c1lex Barrera.<\/strong>\n<\/p>\n<p class=\"article-body__text \">\n        Dos cursos con cinco, como el pasado, pero algo poco habitual. Y es que, si se echa la vista atr\u00e1s, se ve que en <strong>la gran mayor\u00eda de las temporadas precedentes el n\u00famero de cupos del conjunto vitoriano estaba formado por cuatro.<\/strong>\n<\/p>\n<p>        Entre las temporadas 2012-13 y 2017-18, el Baskonia tambi\u00e9n recurri\u00f3 en varias ocasiones a plantillas con solo cuatro cupos, con nombres como Van Oostrum, Calbarro, los hermanos Diop o Iv\u00e1n Mart\u00ednez.<\/p>\n<p class=\"article-body__text \">\n         As\u00ed ocurri\u00f3, por ejemplo, en las seis temporadas que van desde la 2012-13 hasta la 2017-18. Ejercicios todos ellos en los que muchos de estos cupos ten\u00edan un papel casi de relleno por su escasa participaci\u00f3n.\n<\/p>\n<p class=\"article-body__text \">\n        Ah\u00ed est\u00e1n los casos de <strong>Van Oostrum<\/strong> en los cursos 12-13 y 13-14; <strong>Unai Calbarro<\/strong>, en el 12-13; <strong>los hermanos Diop, Mamadou e Ilimane, en las campa\u00f1as 14-15 y 15-16<\/strong>; de nuevo <strong>Ilimane en la 16-17 y 17-18, campa\u00f1a en la que tambi\u00e9n estaba un joven Iv\u00e1n Mart\u00ednez<\/strong>. Cuatro cupos, como podr\u00eda pasar ahora, pero de un peso mucho menor, por lo que queda claro que un Baskonia que ya sabe manejar este tipo de situaciones podr\u00eda volver a capear cualquier temporal de producirse durante la temporada.\u00a0<\/p>\n","protected":false},"excerpt":{"rendered":"De un amplio margen de maniobra a estar sobre el filo. Una vez m\u00e1s, en el l\u00edmite de&hellip;\n","protected":false},"author":2,"featured_media":742907,"comment_status":"","ping_status":"","sticky":false,"template":"","format":"standard","meta":{"footnotes":""},"categories":[269],"tags":[299,298,7959,168,25,24,14683,524,23,167],"class_list":["post-742906","post","type-post","status-publish","format-standard","has-post-thumbnail","category-baloncesto","tag-baloncesto","tag-basketball","tag-cupos","tag-deportes","tag-es","tag-espana","tag-justos","tag-nuevo","tag-spain","tag-sports"],"share_on_mastodon":{"url":"https:\/\/pubeurope.com\/@es\/117198296626915722","error":""},"_links":{"self":[{"href":"https:\/\/www.europesays.com\/es\/wp-json\/wp\/v2\/posts\/742906","targetHints":{"allow":["GET"]}}],"collection":[{"href":"https:\/\/www.europesays.com\/es\/wp-json\/wp\/v2\/posts"}],"about":[{"href":"https:\/\/www.europesays.com\/es\/wp-json\/wp\/v2\/types\/post"}],"author":[{"embeddable":true,"href":"https:\/\/www.europesays.com\/es\/wp-json\/wp\/v2\/users\/2"}],"replies":[{"embeddable":true,"href":"https:\/\/www.europesays.com\/es\/wp-json\/wp\/v2\/comments?post=742906"}],"version-history":[{"count":0,"href":"https:\/\/www.europesays.com\/es\/wp-json\/wp\/v2\/posts\/742906\/revisions"}],"wp:featuredmedia":[{"embeddable":true,"href":"https:\/\/www.europesays.com\/es\/wp-json\/wp\/v2\/media\/742907"}],"wp:attachment":[{"href":"https:\/\/www.europesays.com\/es\/wp-json\/wp\/v2\/media?parent=742906"}],"wp:term":[{"taxonomy":"category","embeddable":true,"href":"https:\/\/www.europesays.com\/es\/wp-json\/wp\/v2\/categories?post=742906"},{"taxonomy":"post_tag","embeddable":true,"href":"https:\/\/www.europesays.com\/es\/wp-json\/wp\/v2\/tags?post=742906"}],"curies":[{"name":"wp","href":"https:\/\/api.w.org\/{rel}","templated":true}]}}