{"id":742932,"date":"2026-09-01T23:30:10","date_gmt":"2026-09-01T23:30:10","guid":{"rendered":"https:\/\/www.europesays.com\/es\/742932\/"},"modified":"2026-09-01T23:30:10","modified_gmt":"2026-09-01T23:30:10","slug":"us-open-2026-hoy-en-directo-hoy-sigue-los-partidos-de-badosa-y-jodar-en-vivo","status":"publish","type":"post","link":"https:\/\/www.europesays.com\/es\/742932\/","title":{"rendered":"US Open 2026 hoy en directo hoy: Sigue los partidos de Badosa y J\u00f3dar en vivo"},"content":{"rendered":"<p class=\"ft-text\">El partido entre <strong>Carlos Alcaraz y Jaime Faria, <\/strong>correspondiente a la segunda ronda del US Open 2026, se disputar\u00e1 en la madrugada de este <strong>mi\u00e9rcoles 2 de septiembre a jueves 3 de septiembre en Espa\u00f1a. <\/strong><\/p>\n<p class=\"ft-text\">El cruce tendr\u00e1 lugar en el segundo turno de la sesi\u00f3n de tarde de la Artur Ashe, por lo que dar\u00e1 comienzo alrededor de las <strong>2:30 horas (CEST), <\/strong>una vez termine el duelo entre<strong> Sabalenka e Iatcenko. <\/strong><\/p>\n<p class=\"ft-text\">Tocar\u00e1 trasnochar para ver la segunda ronda del murciano. <\/p>\n","protected":false},"excerpt":{"rendered":"El partido entre Carlos Alcaraz y Jaime Faria, correspondiente a la segunda ronda del US Open 2026, se&hellip;\n","protected":false},"author":2,"featured_media":742933,"comment_status":"","ping_status":"","sticky":false,"template":"","format":"standard","meta":{"footnotes":""},"categories":[274],"tags":[3076,168,2125,25,24,315,5829,23,167,327,326,1559,541],"class_list":["post-742932","post","type-post","status-publish","format-standard","has-post-thumbnail","category-tenis","tag-3076","tag-deportes","tag-directo","tag-es","tag-espana","tag-hoy","tag-open","tag-spain","tag-sports","tag-tenis","tag-tennis","tag-us","tag-us-open"],"share_on_mastodon":{"url":"https:\/\/pubeurope.com\/@es\/117198390972707368","error":""},"_links":{"self":[{"href":"https:\/\/www.europesays.com\/es\/wp-json\/wp\/v2\/posts\/742932","targetHints":{"allow":["GET"]}}],"collection":[{"href":"https:\/\/www.europesays.com\/es\/wp-json\/wp\/v2\/posts"}],"about":[{"href":"https:\/\/www.europesays.com\/es\/wp-json\/wp\/v2\/types\/post"}],"author":[{"embeddable":true,"href":"https:\/\/www.europesays.com\/es\/wp-json\/wp\/v2\/users\/2"}],"replies":[{"embeddable":true,"href":"https:\/\/www.europesays.com\/es\/wp-json\/wp\/v2\/comments?post=742932"}],"version-history":[{"count":0,"href":"https:\/\/www.europesays.com\/es\/wp-json\/wp\/v2\/posts\/742932\/revisions"}],"wp:featuredmedia":[{"embeddable":true,"href":"https:\/\/www.europesays.com\/es\/wp-json\/wp\/v2\/media\/742933"}],"wp:attachment":[{"href":"https:\/\/www.europesays.com\/es\/wp-json\/wp\/v2\/media?parent=742932"}],"wp:term":[{"taxonomy":"category","embeddable":true,"href":"https:\/\/www.europesays.com\/es\/wp-json\/wp\/v2\/categories?post=742932"},{"taxonomy":"post_tag","embeddable":true,"href":"https:\/\/www.europesays.com\/es\/wp-json\/wp\/v2\/tags?post=742932"}],"curies":[{"name":"wp","href":"https:\/\/api.w.org\/{rel}","templated":true}]}}