{"id":742946,"date":"2026-09-01T23:41:13","date_gmt":"2026-09-01T23:41:13","guid":{"rendered":"https:\/\/www.europesays.com\/es\/742946\/"},"modified":"2026-09-01T23:41:13","modified_gmt":"2026-09-01T23:41:13","slug":"el-manchester-city-ficha-a-enzo-fernandez-por-145-millones-de-euros-futbol-deportes","status":"publish","type":"post","link":"https:\/\/www.europesays.com\/es\/742946\/","title":{"rendered":"El Manchester City ficha a Enzo Fern\u00e1ndez por 145 millones de euros | F\u00fatbol | Deportes"},"content":{"rendered":"<p class=\"\">El Manchester City ha decidido este verano renovar su sala de m\u00e1quinas por completo. Las salidas de Bernardo Silva al Real Madrid y <a href=\"https:\/\/elpais.com\/expres\/2026-08-19\/rodri-ficha-por-el-barcelona-hasta-2030-y-se-convierte-en-uno-de-los-jugadores-mas-caros-del-club.html\" target=\"_self\" rel=\"nofollow noopener\" title=\"https:\/\/elpais.com\/expres\/2026-08-19\/rodri-ficha-por-el-barcelona-hasta-2030-y-se-convierte-en-uno-de-los-jugadores-mas-caros-del-club.html\">Rodri al Barcelona<\/a> han dejado un socav\u00f3n en el centro del campo de Enzo Maresca, que tambi\u00e9n se ha desprendido de Reijnders y a Nico Gonz\u00e1lez, que han llegado al Al-Qasidihyah de Arabia y al Newcastle, respectivamente. Con la venta de estos tres \u00faltimos jugadores, el conjunto ingl\u00e9s se embols\u00f3 176 millones de euros. A pesar de ello, el City ha tenido que realizar una gran inversi\u00f3n para renovar e intentar fortalecer a su primer equipo.<\/p>\n<p class=\"\">Primero fue el fichaje de Elliot Anderson, procedente del Nottingham Forest, por el que pag\u00f3 135 millones. Luego lleg\u00f3 una de las figuras marroqu\u00edes del pasado Mundial, Ayyoub Bouaddi, por el se abonaron 95 millones al Lille. Y ahora, a pocas horas del cierre del mercado, el City ha llegado a un acuerdo con el Chelsea para hacerse con los servicios de Enzo Fern\u00e1ndez por 125 millones de libras (145 millones de euros). De esta forma, Maresca se reencuentra con el centrocampista argentino, con el que estuvo en su etapa en el Chelsea. Con este fichaje, el City iguala la cifra del que fuera el fichaje m\u00e1s caro de la historia de la Premier League: el de Alexander Isak por el Liverpool en el pasado verano. Adem\u00e1s ha incorporado, tambi\u00e9n a \u00faltima hora, m\u00e1s fuego arriba con el fichaje del extremo del Everton Iliman Ndiaye por 76 millones.<\/p>\n<p class=\"\">En Espa\u00f1a, ha sido el Deportivo el que ha realizado una gran incorporaci\u00f3n en el \u00faltimo d\u00eda de mercado: Marc Casad\u00f3. El conjunto gallego ha pescado este verano grandes nombres en su vuelta a Primera Divisi\u00f3n ocho a\u00f1os despu\u00e9s. <a href=\"https:\/\/elpais.com\/deportes\/futbol\/2026-09-01\/el-interminable-hilo-goleador-de-aubameyang.html\" target=\"_self\" rel=\"nofollow noopener\" title=\"https:\/\/elpais.com\/deportes\/futbol\/2026-09-01\/el-interminable-hilo-goleador-de-aubameyang.html\">Tras las incorporaciones de Aubameyang, que ha ca\u00eddo de pie<\/a> en Riazor, y de Adama Traor\u00e9, a\u00fan por debutar, el D\u00e9por ha encontrado dos buenas pieza en el Atl\u00e9tico y en el Barcelona. El veterano Gim\u00e9nez se suma al centro de la zaga deportivista en calidad de cedido. El uruguayo no apuntaba a entrar en los planes de Simeone tras el fichaje de Cuti Romero y el buen trabajo realizado por Marc Pubill y Hancko el curso pasado; adem\u00e1s de la presencia de Robin Le Normand. Casad\u00f3, tambi\u00e9n cedido por el conjunto azulgrana, es otro futbolista que no iba a disputar minutos con Flick. Ya el a\u00f1o pasado se habl\u00f3 de una posible salida del centrocampista, pero al final se qued\u00f3 en Barcelona. Ahora, y pese a la lesi\u00f3n a largo plazo de Frenkie de Jong, con la incorporaci\u00f3n de Rodri a la medular y la recuperaci\u00f3n de Marc Bernal y el gran nivel mostrado por el canterano, Casad\u00f3 qued\u00f3 relegado por el t\u00e9cnico alem\u00e1n y en estos tres encuentros de Liga ni ha entrado en la convocatoria.<\/p>\n<p class=\"\">Atl\u00e9tico y Valencia tambi\u00e9n se han movido en estas \u00faltimas horas. Los rojiblancos han hecho oficial la incorporaci\u00f3n como cedido del delantero canadiense de la Juventus Jonathan David. Con las dudas de c\u00f3mo evolucionar\u00e1 la estancia de Juli\u00e1n Alvarez en el club, Simeone cuenta con otro ariete adem\u00e1s de Lookman y Sorloth. El conjunto che por su parte incorpora al centrocampista Harvey Elliott procedente del Liverpool. Corber\u00e1n recibe en calidad de cedido al brit\u00e1nico para sumar una pieza a un centro del campo que hasta ahora ha mostrado muy poco brillo en este inicio de curso.<\/p>\n<p class=\"\">El Sevilla, que ha cuajado un buen inicio de curso pese a la derrota ante el Atl\u00e9tico el pasado fin de semana, ha pululado por el mercado tambi\u00e9n. Tres nuevas incorporaciones: Lucas Stassin, F\u00e9lix Correia y Fofana. El primero, delantero belga, llega procedente del Saint-\u00c9tienne, el segundo, extremo portugu\u00e9s, del Lille y el tercero, central franc\u00e9s, del Milan. Por otra parte, Pablo Garc\u00eda deja el Betis para marcharse al Racing, pero inscribe a Dani Ceballos y Thomas Lemar ficha por el Elche.<\/p>\n","protected":false},"excerpt":{"rendered":"El Manchester City ha decidido este verano renovar su sala de m\u00e1quinas por completo. Las salidas de Bernardo&hellip;\n","protected":false},"author":2,"featured_media":742947,"comment_status":"","ping_status":"","sticky":false,"template":"","format":"standard","meta":{"footnotes":""},"categories":[93],"tags":[3409,2015,1540,168,412,1539,32689,25,24,285,282,1538,131737,1210,2013,74139,9890,1240,2993,23,167,5419],"class_list":["post-742946","post","type-post","status-publish","format-standard","has-post-thumbnail","category-deportes","tag-atletico-de-madrid","tag-chelsea-fc","tag-competiciones","tag-deportes","tag-deportivo","tag-entrenadores","tag-enzo-fernandez","tag-es","tag-espana","tag-fichajes","tag-futbol","tag-futbolistas","tag-jonathan-david","tag-laliga-ea-sports","tag-manchester-city","tag-maresca","tag-mercado-fichajes","tag-premier-league","tag-sevilla-futbol-club","tag-spain","tag-sports","tag-valencia-cf"],"share_on_mastodon":{"url":"https:\/\/pubeurope.com\/@es\/117198434489940964","error":""},"_links":{"self":[{"href":"https:\/\/www.europesays.com\/es\/wp-json\/wp\/v2\/posts\/742946","targetHints":{"allow":["GET"]}}],"collection":[{"href":"https:\/\/www.europesays.com\/es\/wp-json\/wp\/v2\/posts"}],"about":[{"href":"https:\/\/www.europesays.com\/es\/wp-json\/wp\/v2\/types\/post"}],"author":[{"embeddable":true,"href":"https:\/\/www.europesays.com\/es\/wp-json\/wp\/v2\/users\/2"}],"replies":[{"embeddable":true,"href":"https:\/\/www.europesays.com\/es\/wp-json\/wp\/v2\/comments?post=742946"}],"version-history":[{"count":0,"href":"https:\/\/www.europesays.com\/es\/wp-json\/wp\/v2\/posts\/742946\/revisions"}],"wp:featuredmedia":[{"embeddable":true,"href":"https:\/\/www.europesays.com\/es\/wp-json\/wp\/v2\/media\/742947"}],"wp:attachment":[{"href":"https:\/\/www.europesays.com\/es\/wp-json\/wp\/v2\/media?parent=742946"}],"wp:term":[{"taxonomy":"category","embeddable":true,"href":"https:\/\/www.europesays.com\/es\/wp-json\/wp\/v2\/categories?post=742946"},{"taxonomy":"post_tag","embeddable":true,"href":"https:\/\/www.europesays.com\/es\/wp-json\/wp\/v2\/tags?post=742946"}],"curies":[{"name":"wp","href":"https:\/\/api.w.org\/{rel}","templated":true}]}}