{"id":742952,"date":"2026-09-01T23:44:18","date_gmt":"2026-09-01T23:44:18","guid":{"rendered":"https:\/\/www.europesays.com\/es\/742952\/"},"modified":"2026-09-01T23:44:18","modified_gmt":"2026-09-01T23:44:18","slug":"el-poco-f9-ultra-ya-es-oficial-con-snapdragon-8-elite-gen-5-camara-de-200-mp-y-bateria-enorme","status":"publish","type":"post","link":"https:\/\/www.europesays.com\/es\/742952\/","title":{"rendered":"El POCO F9 Ultra ya es oficial con Snapdragon 8 Elite Gen 5, c\u00e1mara de 200 MP y bater\u00eda enorme"},"content":{"rendered":"<p>Hoy ten\u00edamos una cita muy importante con Xiaomi, que iba a presentar sus nuevos buques insignia para la gama POCO. Dicho y hecho, el <b>POCO F9 Ultra <\/b>deja bastante claras las intenciones del fabricante. Potencia, una pantalla especialmente r\u00e1pida, una bater\u00eda gigantesca y un apartado fotogr\u00e1fico mucho m\u00e1s ambicioso son algunas de sus principales armas.<\/p>\n<p><b>Junto a \u00e9l llega el POCO F9 Pro,<\/b> aunque la compa\u00f1\u00eda vuelve a prescindir de un modelo F9 est\u00e1ndar. Por tanto, pese a hablarse de la familia F9, en Espa\u00f1a hay dos nuevos tel\u00e9fonos oficiales: POCO F9 Pro y POCO F9 Ultra.<\/p>\n<p>El POCO F9 Ultra va directo a por la gama alta<\/p>\n<p>La aut\u00e9ntica estrella de esta nueva generaci\u00f3n es el<b> POCO F9 Ultra, y buena parte de la culpa la tiene su procesador Snapdragon 8 Elite Gen 5. <\/b>Es uno de los chips m\u00e1s potentes de Qualcomm y est\u00e1 pensado para ofrecer un rendimiento de primer nivel tanto en aplicaciones exigentes como, especialmente, a la hora de jugar.<\/p>\n<p>POCO acompa\u00f1a este procesador de su sistema de r<b>efrigeraci\u00f3n LiquidCool con tecnolog\u00eda POCO 3D IceLoop<\/b>. El objetivo es mantener las temperaturas bajo control cuando exiges al m\u00e1ximo al tel\u00e9fono durante largos periodos, algo especialmente importante en sesiones de juego prolongadas.<\/p>\n<p>La pantalla del POCO F9 Ultra estar\u00e1 a la altura, gracias a un enorme<b> panel AMOLED de 6,9 pulgadas capaz de alcanzar una frecuencia de actualizaci\u00f3n de hasta 185 Hz. Y si hablamos de autonom\u00eda, aqu\u00ed encontramos otra de sus caracter\u00edsticas estrella.<\/b>Adem\u00e1s, este tel\u00e9fono ser\u00e1 perfecto para ver contenidos sin auriculares. Para ello, POCO mantiene su colaboraci\u00f3n con Bose y equipa al F9 Ultra con altavoces est\u00e9reo sim\u00e9tricos acompa\u00f1ados por un subwoofer independiente para brindar la mejor experiencia sonora.<\/p>\n<p>Y qu\u00e9 decir de su c\u00e1mara, porque <b>el apartado fotogr\u00e1fico del POCO F9 Ultra apunta muy alto gracias a una c\u00e1mara principal de 200 megap\u00edxeles acompa\u00f1ada por un teleobjetivo perisc\u00f3pico de 50 megap\u00edxeles. <\/b>Este \u00faltimo ofrece zoom \u00f3ptico de cinco aumentos y estabilizaci\u00f3n, por lo que deber\u00eda resultar especialmente interesante para fotografiar objetos alejados sin depender tanto del zoom digital.<\/p>\n<p>Y ojo con su autonom\u00eda, porque el POCO F9 Ultra cuenta con un<b>a bater\u00eda de nada menos que 8.050 mAh, una cifra especialmente llamativa, y a la que no le falta carga por cable de 100 W y la carga inal\u00e1mbrica de 50 W.<\/b> Un tel\u00e9fono resistente a todo y que llegar\u00e1 muy pronto a Espa\u00f1a.<\/p>\n<p>As\u00ed es el POCO F9 Pro<\/p>\n<p><b>El POCO F9 Pro comparte buena parte de la filosof\u00eda de su hermano mayor,<\/b> pero recorta algunas especificaciones para ofrecer una alternativa m\u00e1s asequible. <b>Cuenta con una pantalla AMOLED de 6,59 pulgadas, c\u00e1mara principal de 200 megap\u00edxeles y un teleobjetivo de 50 megap\u00edxeles con zoom \u00f3ptico 2,5X. Su bater\u00eda se queda en 6.330 mAh y mantiene tanto la carga r\u00e1pida por cable de 100 W<\/b> <b>como la inal\u00e1mbrica de 50 W.<\/b><\/p>\n<p><img loading=\"lazy\" decoding=\"async\" title=\"El POCO F9 Ultra ya es oficial con Snapdragon 8 Elite Gen 5, c\u00e1mara de 200 MP y bater\u00eda enorme\" alt=\"El POCO F9 Ultra ya es oficial con Snapdragon 8 Elite Gen 5, c\u00e1mara de 200 MP y bater\u00eda enorme\" width=\"480\" height=\"270\" src=\"https:\/\/www.europesays.com\/es\/wp-content\/uploads\/2026\/09\/poco-ultra-oficial-snapdragon-8-elite-gen-5-camara-200-bateria-enorme_70.jpg\"\/> El POCO F9 Ultra ya es oficial con Snapdragon 8 Elite Gen 5, c\u00e1mara de 200 MP y bater\u00eda enorme | Xiaomi <\/p>\n<p>Tambi\u00e9n cuenta con sonido calibrado por Bose. En cuanto al procesador, Xiaomi especifica que utiliza el Snapdragon 8 Elite Gen 5 serie V, mientras que el Ultra recibe el Snapdragon 8 Elite Gen 5 m\u00e1s potente<\/p>\n<p>Precio del POCO F9 Ultra y POCO F9 Pro en Espa\u00f1a<\/p>\n<p><b> El POCO F9 Ultra de 12 GB de RAM y 256 GB de almacenamiento tiene un precio oficial de 1.099,99 euros, aunque durante la promoci\u00f3n de lanzamiento se puede conseguir por 799,99 euros. La versi\u00f3n con 16 GB de RAM y 512 GB sube hasta los 1.199,99 euros, con un precio promocional de 899,99 euros.<\/b><\/p>\n<p>Por su parte, <b>el POCO F9 Pro con 12 GB de RAM y 256 GB de almacenamiento tiene un precio oficial de 899,99 euros y una oferta inicial de 649,99 euros.<\/b> El modelo con 12 GB de RAM y 512 GB cuesta 999,99 euros, qued\u00e1ndose en 749,99 euros durante la promoci\u00f3n de lanzamiento.<\/p>\n","protected":false},"excerpt":{"rendered":"Hoy ten\u00edamos una cita muy importante con Xiaomi, que iba a presentar sus nuevos buques insignia para la&hellip;\n","protected":false},"author":2,"featured_media":742953,"comment_status":"","ping_status":"","sticky":false,"template":"","format":"standard","meta":{"footnotes":""},"categories":[81],"tags":[119,123,124,25,24,117,121,122,23,118,120,2766],"class_list":["post-742952","post","type-post","status-publish","format-standard","has-post-thumbnail","category-ciencia-y-tecnologia","tag-ciencia","tag-ciencia-y-tecnologia","tag-cienciaytecnologia","tag-es","tag-espana","tag-science","tag-science-and-technology","tag-scienceandtechnology","tag-spain","tag-technology","tag-tecnologia","tag-xiaomi"],"share_on_mastodon":{"url":"https:\/\/pubeurope.com\/@es\/117198447105560724","error":""},"_links":{"self":[{"href":"https:\/\/www.europesays.com\/es\/wp-json\/wp\/v2\/posts\/742952","targetHints":{"allow":["GET"]}}],"collection":[{"href":"https:\/\/www.europesays.com\/es\/wp-json\/wp\/v2\/posts"}],"about":[{"href":"https:\/\/www.europesays.com\/es\/wp-json\/wp\/v2\/types\/post"}],"author":[{"embeddable":true,"href":"https:\/\/www.europesays.com\/es\/wp-json\/wp\/v2\/users\/2"}],"replies":[{"embeddable":true,"href":"https:\/\/www.europesays.com\/es\/wp-json\/wp\/v2\/comments?post=742952"}],"version-history":[{"count":0,"href":"https:\/\/www.europesays.com\/es\/wp-json\/wp\/v2\/posts\/742952\/revisions"}],"wp:featuredmedia":[{"embeddable":true,"href":"https:\/\/www.europesays.com\/es\/wp-json\/wp\/v2\/media\/742953"}],"wp:attachment":[{"href":"https:\/\/www.europesays.com\/es\/wp-json\/wp\/v2\/media?parent=742952"}],"wp:term":[{"taxonomy":"category","embeddable":true,"href":"https:\/\/www.europesays.com\/es\/wp-json\/wp\/v2\/categories?post=742952"},{"taxonomy":"post_tag","embeddable":true,"href":"https:\/\/www.europesays.com\/es\/wp-json\/wp\/v2\/tags?post=742952"}],"curies":[{"name":"wp","href":"https:\/\/api.w.org\/{rel}","templated":true}]}}