{"id":742964,"date":"2026-09-01T23:54:12","date_gmt":"2026-09-01T23:54:12","guid":{"rendered":"https:\/\/www.europesays.com\/es\/742964\/"},"modified":"2026-09-01T23:54:12","modified_gmt":"2026-09-01T23:54:12","slug":"etapa-11-de-la-vuelta-a-espana-cartagena-lorca-1538-km-esciclismo","status":"publish","type":"post","link":"https:\/\/www.europesays.com\/es\/742964\/","title":{"rendered":"Etapa 11 de la Vuelta a Espa\u00f1a: Cartagena &#8211; Lorca \/ 153,8 km &#8211; Esciclismo"},"content":{"rendered":"<ol>\n<li><a href=\"https:\/\/news.google.com\/rss\/articles\/CBMiakFVX3lxTFBMdWhtMlFiSFRneC1oalFsa0RjWWhGWmFacWZSVTg4NGpXNllnb3FHZ0xUM0FWcnRiZVY2bTlKbkV2NmZlSU1NWXFQYmk0ZmVCLUZ1b28talBscDlEM0Q5VmJOLVBUVHJpT0E?oc=5\" target=\"_blank\" rel=\"nofollow noopener\">Etapa 11 de la Vuelta a Espa\u00f1a: Cartagena &#8211; Lorca \/ 153,8 km<\/a>&nbsp;&nbsp;Esciclismo<\/li>\n<li><a href=\"https:\/\/news.google.com\/rss\/articles\/CBMigAFBVV95cUxPZmtmbGZTT3BIdTBCcFN5TFdCVklsRXE0NGx4ajB4SEdIYU13S3VxVnNyNmo1M21qcE01d0t3clR6bWxYUVBuNkZ3UXE0UnN2VEZCZGhNdFh5R1phaXVFM3gyeHo5XzBNcndiQkVRSFJPeVV5UFdVS0ZrX3RVSXhtRg?oc=5\" target=\"_blank\" rel=\"nofollow noopener\">El pelot\u00f3n de La Vuelta sale este mi\u00e9rcoles desde Cartagena<\/a>&nbsp;&nbsp;Ayuntamiento de Cartagena<\/li>\n<li><a href=\"https:\/\/news.google.com\/rss\/articles\/CBMixgFBVV95cUxNUGZSYUw4cU1Yc2VmOXZLSkJobzFXQ2NEbDk5Tk5wcFB0c1AzQkNKd0FoYzM0Ymg0OUlpb2NDOHlQeEdoMENaWkVUUVJOcjlsd3AtNzVIeFFtdDJwYloxcHVGUGp5YXJCWHVtNEdJYS1BcTN0T2xUUDBwSjFYdFRDd2NqYVExVWo3OXJHYlpYSkNtRF9tYkxVcmRxamVReXVMYm9jUzBlQXZILWFVSm9yT19zOUtHRzV1czI5M2xCS3plcG1ReVE?oc=5\" target=\"_blank\" rel=\"nofollow noopener\">Del can\u00edbal Merckx al oro de Valverde: la eterna huella de La Vuelta en la Regi\u00f3n de Murcia<\/a>&nbsp;&nbsp;La Verdad<\/li>\n<li><a href=\"https:\/\/news.google.com\/rss\/articles\/CBMiogFBVV95cUxQdUp1VnJLck1ySHVpdFNXQkpwZUZHOG9iWFExZ0Z3MkVuZzNrZTlFNF9yRktFYktEQ0ZRN3N4eVRGdXFMV0kwSXNmV212TUdpSnNXcVpRUWhOb0w1dTVmbFA3djhKRE1STXk3SkZ3S2d6UjlmYzFoa1QyTTZ6T0puREIyZDgtd1IzNzRBbDRNbFZaWDdjcmd0ejZGU3RsUzdSbkHSAacBQVVfeXFMTkZtdmUtTlJJUU1jNTN6NnJVWEVMSVVZdTh4c3o4YnRFYk1senVRN2gxM1k1MHRONzBzWG5oR3lfbjFHcUo1alJfSWRoY0tuMko5OVR5VHI1ZEs3dm9lWFcyejk4YmowWUdoeEpvOU1kNDUxR3VJb0N4VDA2cG9wX0ZpekFvYjVidEJqaUItVGlxcUtFQTRXbEUtOXFIN21HWkQzRWRzRVk?oc=5\" target=\"_blank\" rel=\"nofollow noopener\">Estas son las cinco rutas en bici que recomienda La Vuelta a Espa\u00f1a a su paso por la Regi\u00f3n de Murcia<\/a>&nbsp;&nbsp;La Opini\u00f3n de Murcia<\/li>\n<li><a href=\"https:\/\/news.google.com\/rss\/articles\/CBMitgJBVV95cUxQMXV5ck1KcnVpbzRhQWRBMFRndlpZbi1OLVFMMms3SXNkSUZuS2ZlRGtKLXlaMG42YlZLWGRGWlBWd3VNR2FwTFlnT1JNa1Nqd2xuOTNOR0xYSERGRnNwYjV5R2NjZ3JrN2ZWRGNZLUU2d3BSY2xzSnVrckR1S3F6ZTJwdTJvTHdGZG1hcVh4OU8xUmJEbTVQcm5wX1pCczRfaWhabndJemlidTg5MkN6ZElpMVU3RmRNOEdqRm5yX3pBUXNCc2gzY3JTVGhlTDl2b2tBakR1VjBBWXRqYkppZnlKOUdIc3NNY2JtNmJaMjNmdjRSSnpqWkZBYzU2NEVMVFptampzSmdSNU5hZy12TkdmcmlSWHg2dmhfR3p0TVVjZ3R5ajF1bmJGb1BNWWQ5c29mMWxB0gG7AkFVX3lxTE81SU5yR1hxLUlTYUVTbDJWWjZJVDRGcnZLSU5WZ0FEMU5KaF9oMU1COXI4c1RtbUc0X0hvYTA0TTdLc09OZjBoeUNTVi1VSUJaRWttT05zekRGY1hlbldqUWZwSEZ4OVg5RVFNTm1ZQUE5MmdZbHk0QnNXcDY3UnF3Q1VJdVlQQmFMUTVGQzRUQTRCUzVKQUo5R0pjVEtYQXFfQlBZb2VXQmtrb2lFbnpLc0NtQi04RW1ULWlYYnk4cVZjd1ptUUlzWVFkc216RkVfZjd2SmtrQWZKdE5ta2ltRGdXZHJrZ2RPc09RTTBmQzFRQjR2UE1jQnBMZy00dHQxb091X1VlRUI5WWktc3hNcm1XOVpLYUJZMlFrdEgtNzF2N2dwUjYwUC1tZWxlOE9lVjJkWldZSlBIVQ?oc=5\" target=\"_blank\" rel=\"nofollow noopener\">La Unidad de Movilidad y Seguridad de la Guardia Civil &#8216;D\u00e1maso Guill\u00e9n&#8217; se desplegar\u00e1 en las carreteras de la Regi\u00f3n de Murcia por la Vuelta Ciclista<\/a>&nbsp;&nbsp;COPE<\/li>\n<\/ol>\n","protected":false},"excerpt":{"rendered":"Etapa 11 de la Vuelta a Espa\u00f1a: Cartagena &#8211; Lorca \/ 153,8 km&nbsp;&nbsp;Esciclismo El pelot\u00f3n de La Vuelta&hellip;\n","protected":false},"author":2,"featured_media":742965,"comment_status":"","ping_status":"","sticky":false,"template":"","format":"standard","meta":{"footnotes":""},"categories":[273],"tags":[313,312,168,7222,25,24,1783,295,1971,23,167,1357],"class_list":["post-742964","post","type-post","status-publish","format-standard","has-post-thumbnail","category-ciclismo","tag-ciclismo","tag-cycling","tag-deportes","tag-disputara","tag-es","tag-espana","tag-la","tag-miercoles","tag-septiembre","tag-spain","tag-sports","tag-vuelta"],"share_on_mastodon":{"url":"https:\/\/pubeurope.com\/@es\/117198485322150398","error":""},"_links":{"self":[{"href":"https:\/\/www.europesays.com\/es\/wp-json\/wp\/v2\/posts\/742964","targetHints":{"allow":["GET"]}}],"collection":[{"href":"https:\/\/www.europesays.com\/es\/wp-json\/wp\/v2\/posts"}],"about":[{"href":"https:\/\/www.europesays.com\/es\/wp-json\/wp\/v2\/types\/post"}],"author":[{"embeddable":true,"href":"https:\/\/www.europesays.com\/es\/wp-json\/wp\/v2\/users\/2"}],"replies":[{"embeddable":true,"href":"https:\/\/www.europesays.com\/es\/wp-json\/wp\/v2\/comments?post=742964"}],"version-history":[{"count":0,"href":"https:\/\/www.europesays.com\/es\/wp-json\/wp\/v2\/posts\/742964\/revisions"}],"wp:featuredmedia":[{"embeddable":true,"href":"https:\/\/www.europesays.com\/es\/wp-json\/wp\/v2\/media\/742965"}],"wp:attachment":[{"href":"https:\/\/www.europesays.com\/es\/wp-json\/wp\/v2\/media?parent=742964"}],"wp:term":[{"taxonomy":"category","embeddable":true,"href":"https:\/\/www.europesays.com\/es\/wp-json\/wp\/v2\/categories?post=742964"},{"taxonomy":"post_tag","embeddable":true,"href":"https:\/\/www.europesays.com\/es\/wp-json\/wp\/v2\/tags?post=742964"}],"curies":[{"name":"wp","href":"https:\/\/api.w.org\/{rel}","templated":true}]}}