{"id":742972,"date":"2026-09-01T23:59:29","date_gmt":"2026-09-01T23:59:29","guid":{"rendered":"https:\/\/www.europesays.com\/es\/742972\/"},"modified":"2026-09-01T23:59:29","modified_gmt":"2026-09-01T23:59:29","slug":"el-colegio-oficial-de-arquitectos-de-madrid-inicia-los-tramites-para-convocar-elecciones","status":"publish","type":"post","link":"https:\/\/www.europesays.com\/es\/742972\/","title":{"rendered":"El Colegio Oficial de Arquitectos de Madrid inicia los tr\u00e1mites para convocar elecciones"},"content":{"rendered":"<p><img decoding=\"async\" class=\"v-ath__i\" loading=\"lazy\" src=\"https:\/\/www.europesays.com\/es\/wp-content\/uploads\/2026\/09\/autor-5497-foto-3.jpeg\" alt=\"Agencia Europa Press\"\/><\/p>\n<p>01\/09\/2026 a las 16:12h.<\/p>\n<p class=\"v-d-p\" style=\"\">La Junta de Gobierno del Colegio Oficial de Arquitectos de Madrid ha anunciado que impulsar\u00e1 las actuaciones necesarias para convocar elecciones. Una situaci\u00f3n marcada por la prolongaci\u00f3n de la controversia surgida tras las elecciones celebradas en 2025.Con esta convocatoria electoral se devolver\u00e1 la voz  &#8230; y la decisi\u00f3n a los colegiados de Madrid.Con esta iniciativa, el COAM asume una posici\u00f3n activa y constructiva, demostrando que la responsabilidad y el compromiso \u00e9tico de sus representantes prevalecen sobre cualquier posicionamiento individual.(Fuente: Jordi Dominguez Gris)<\/p>\n","protected":false},"excerpt":{"rendered":"01\/09\/2026 a las 16:12h. La Junta de Gobierno del Colegio Oficial de Arquitectos de Madrid ha anunciado que&hellip;\n","protected":false},"author":2,"featured_media":742973,"comment_status":"","ping_status":"","sticky":false,"template":"","format":"standard","meta":{"footnotes":""},"categories":[173],"tags":[3739,229,233,231,230,42658,42213,232,234,4374,146,147,25,24,6683,205,289,23,5067],"class_list":["post-742972","post","type-post","status-publish","format-standard","has-post-thumbnail","category-arte-y-diseno","tag-arquitectos","tag-arte","tag-arte-y-diseno","tag-arts","tag-arts-and-design","tag-colegio","tag-convocar","tag-design","tag-diseno","tag-elecciones","tag-entertainment","tag-entretenimiento","tag-es","tag-espana","tag-inicia","tag-madrid","tag-oficial","tag-spain","tag-tramites"],"share_on_mastodon":{"url":"https:\/\/pubeurope.com\/@es\/117198505797257146","error":""},"_links":{"self":[{"href":"https:\/\/www.europesays.com\/es\/wp-json\/wp\/v2\/posts\/742972","targetHints":{"allow":["GET"]}}],"collection":[{"href":"https:\/\/www.europesays.com\/es\/wp-json\/wp\/v2\/posts"}],"about":[{"href":"https:\/\/www.europesays.com\/es\/wp-json\/wp\/v2\/types\/post"}],"author":[{"embeddable":true,"href":"https:\/\/www.europesays.com\/es\/wp-json\/wp\/v2\/users\/2"}],"replies":[{"embeddable":true,"href":"https:\/\/www.europesays.com\/es\/wp-json\/wp\/v2\/comments?post=742972"}],"version-history":[{"count":0,"href":"https:\/\/www.europesays.com\/es\/wp-json\/wp\/v2\/posts\/742972\/revisions"}],"wp:featuredmedia":[{"embeddable":true,"href":"https:\/\/www.europesays.com\/es\/wp-json\/wp\/v2\/media\/742973"}],"wp:attachment":[{"href":"https:\/\/www.europesays.com\/es\/wp-json\/wp\/v2\/media?parent=742972"}],"wp:term":[{"taxonomy":"category","embeddable":true,"href":"https:\/\/www.europesays.com\/es\/wp-json\/wp\/v2\/categories?post=742972"},{"taxonomy":"post_tag","embeddable":true,"href":"https:\/\/www.europesays.com\/es\/wp-json\/wp\/v2\/tags?post=742972"}],"curies":[{"name":"wp","href":"https:\/\/api.w.org\/{rel}","templated":true}]}}