{"id":742978,"date":"2026-09-02T00:04:23","date_gmt":"2026-09-02T00:04:23","guid":{"rendered":"https:\/\/www.europesays.com\/es\/742978\/"},"modified":"2026-09-02T00:04:23","modified_gmt":"2026-09-02T00:04:23","slug":"igualar-el-record-britanico-para-fichar-a-enzo-fernandez-es-ridiculo-para-el-manchester-city-y-ademas-deja-al-chelsea-corto-en-el-centro-del-campo-goal-califica-los-mayores-movimientos-del-mercado-d","status":"publish","type":"post","link":"https:\/\/www.europesays.com\/es\/742978\/","title":{"rendered":"Igualar el r\u00e9cord brit\u00e1nico para fichar a Enzo Fernandez es rid\u00edculo para el Manchester City, y adem\u00e1s deja al Chelsea corto en el centro del campo: GOAL califica los mayores movimientos del mercado de fichajes del verano de 2026"},"content":{"rendered":"<p><b><strong>Para el Man City:<\/strong><\/b> La p\u00e9rdida de una leyenda. Bernardo es, sencillamente, uno de los mejores futbolistas que han jugado jam\u00e1s en la Premier League, un mediapunta maravillosamente trabajador e innovador que fue absolutamente integral en el prolongado periodo de \u00e9xitos del Manchester City. De hecho, el portugu\u00e9s era, en esencia, el jugador perfecto para Pep Guardiola, raz\u00f3n por la que el t\u00e9cnico catal\u00e1n le quer\u00eda tanto e incluso derram\u00f3 algunas l\u00e1grimas durante la emotiva despedida de Silva del Etihad. Guardiola esperaba que el jugador de 31 a\u00f1os terminara su carrera en el City, pero esta era una salida que se ve\u00eda venir desde hac\u00eda tiempo. Verle marcharse gratis, obviamente, no es ideal desde una perspectiva financiera, pero era lo m\u00ednimo que merec\u00eda despu\u00e9s de nueve a\u00f1os de servicio estelar. Aun as\u00ed, en el City echar\u00e1n mucho de menos su calidad, su inteligencia y, quiz\u00e1 por encima de todo, su personalidad. <b><strong>Nota: D<\/strong><\/b><\/p>\n<p><b><strong>Para el Real Madrid: <\/strong><\/b>Dos motivos para celebrarlo. El Real Madrid no solo se ha hecho gratis con un jugador de una calidad sobresaliente, sino que adem\u00e1s se adelant\u00f3 a su eterno rival, el Barcelona, para hacerse con su fichaje. Despu\u00e9s de meses de especulaci\u00f3n, parte de la cual Bernardo incluso coment\u00f3 personalmente, parec\u00eda seguro que acabar\u00eda en el Camp Nou. Sin embargo, la llegada de Jose Mourinho al Bernab\u00e9u cambi\u00f3 claramente todo. &#8216;The Special One&#8217; convirti\u00f3 el fichaje de su compatriota en una prioridad y la operaci\u00f3n qued\u00f3 pr\u00e1cticamente cerrada en 36 horas. Los mejores d\u00edas de Silva est\u00e1n, sin duda, ya atr\u00e1s, pero durante la pelea por el t\u00edtulo de la Premier League de la pasada temporada demostr\u00f3 que sigue siendo capaz de imponerse en los partidos m\u00e1s grandes, y su actuaci\u00f3n contra el Arsenal en el Etihad fue sobresaliente. Quiz\u00e1 m\u00e1s importante que cualquier otra cosa, Bernardo es probablemente el modelo ideal para los miembros m\u00e1s j\u00f3venes de la plantilla del Madrid, la personificaci\u00f3n de lo que Mourinho quiere de sus jugadores, esa mezcla perfecta de talento y tenacidad. En ese contexto, es f\u00e1cil entender por qu\u00e9 el Real Madrid le arrebat\u00f3 al Bar\u00e7a el fichaje del internacional portugu\u00e9s. <b><strong>Nota: B+<\/strong><\/b><\/p>\n<p><b><strong>Para Bernardo Silva: <\/strong><\/b>El traslado a Espa\u00f1a que llevaba tanto tiempo buscando. Al menos durante los tres \u00faltimos veranos, si no m\u00e1s, Silva ha sido vinculado con un traspaso a uno de los grandes equipos de La Liga. Una y otra vez, sin embargo, Guardiola le convenci\u00f3 para pasar otra temporada en el Etihad. Esta vez no hubo forma de hacer cambiar de opini\u00f3n a Bernardo y ahora, por fin, tendr\u00e1 la oportunidad de jugar en una de las superpotencias tradicionales del f\u00fatbol europeo. Es cierto que el Madrid est\u00e1 atravesando un momento dif\u00edcil, despu\u00e9s de haber sido desbancado de la cima del f\u00fatbol espa\u00f1ol por el Bar\u00e7a, pero ayudar a Mourinho a devolverlo a su trono es un desaf\u00edo que, sin duda, asumir\u00e1 y disfrutar\u00e1. La competencia por un puesto en el Real Madrid es feroz y Silva ya no es tan din\u00e1mico como antes, pero, como ha se\u00f1alado Guardiola, los primeros cinco metros est\u00e1n en tu cabeza y, en ese sentido, pocos jugadores son tan r\u00e1pidos como el excapit\u00e1n del City. As\u00ed que, aunque quiz\u00e1 sea una pena que no se marchara al Madrid siendo algo m\u00e1s joven, Bernardo tiene la experiencia y la calidad para emular a Luka Modric, a quien Mourinho llev\u00f3 al Bernab\u00e9u, brillando en Espa\u00f1a bien entrada la treintena. <b><strong>Nota: A+<\/strong><\/b><\/p>\n<p><b><strong>Mark Doyle<\/strong><\/b><\/p>\n","protected":false},"excerpt":{"rendered":"Para el Man City: La p\u00e9rdida de una leyenda. Bernardo es, sencillamente, uno de los mejores futbolistas que&hellip;\n","protected":false},"author":2,"featured_media":742979,"comment_status":"","ping_status":"","sticky":false,"template":"","format":"standard","meta":{"footnotes":""},"categories":[93],"tags":[18405,5031,210,14015,168,25,24,25395,30060,1238,2013,2014,20114,23,167,21139,11752],"class_list":["post-742978","post","type-post","status-publish","format-standard","has-post-thumbnail","category-deportes","tag-al-hilal","tag-arsenal","tag-barcelona","tag-chelsea","tag-deportes","tag-es","tag-espana","tag-inter","tag-inter-milan","tag-liverpool","tag-manchester-city","tag-manchester-united","tag-paris-saint-germain","tag-spain","tag-sports","tag-tottenham","tag-tottenham-hotspur"],"share_on_mastodon":{"url":"https:\/\/pubeurope.com\/@es\/117198524757554856","error":""},"_links":{"self":[{"href":"https:\/\/www.europesays.com\/es\/wp-json\/wp\/v2\/posts\/742978","targetHints":{"allow":["GET"]}}],"collection":[{"href":"https:\/\/www.europesays.com\/es\/wp-json\/wp\/v2\/posts"}],"about":[{"href":"https:\/\/www.europesays.com\/es\/wp-json\/wp\/v2\/types\/post"}],"author":[{"embeddable":true,"href":"https:\/\/www.europesays.com\/es\/wp-json\/wp\/v2\/users\/2"}],"replies":[{"embeddable":true,"href":"https:\/\/www.europesays.com\/es\/wp-json\/wp\/v2\/comments?post=742978"}],"version-history":[{"count":0,"href":"https:\/\/www.europesays.com\/es\/wp-json\/wp\/v2\/posts\/742978\/revisions"}],"wp:featuredmedia":[{"embeddable":true,"href":"https:\/\/www.europesays.com\/es\/wp-json\/wp\/v2\/media\/742979"}],"wp:attachment":[{"href":"https:\/\/www.europesays.com\/es\/wp-json\/wp\/v2\/media?parent=742978"}],"wp:term":[{"taxonomy":"category","embeddable":true,"href":"https:\/\/www.europesays.com\/es\/wp-json\/wp\/v2\/categories?post=742978"},{"taxonomy":"post_tag","embeddable":true,"href":"https:\/\/www.europesays.com\/es\/wp-json\/wp\/v2\/tags?post=742978"}],"curies":[{"name":"wp","href":"https:\/\/api.w.org\/{rel}","templated":true}]}}