{"id":742982,"date":"2026-09-02T00:06:16","date_gmt":"2026-09-02T00:06:16","guid":{"rendered":"https:\/\/www.europesays.com\/es\/742982\/"},"modified":"2026-09-02T00:06:16","modified_gmt":"2026-09-02T00:06:16","slug":"las-primeras-imagenes-de-lucas-andy-y-lucas-despues-de-operarse-la-nariz-en-turquia-me-han-dejado-guapisimo","status":"publish","type":"post","link":"https:\/\/www.europesays.com\/es\/742982\/","title":{"rendered":"Las primeras im\u00e1genes de Lucas (Andy y Lucas) despu\u00e9s de operarse la nariz en Turqu\u00eda: \u00abMe han dejado guap\u00edsimo\u00bb"},"content":{"rendered":"<p>El regreso a la normalidad del exintegrante de Andy y Lucas parece estar cada vez m\u00e1s cerca despu\u00e9s de dejar atr\u00e1s <strong>una de las etapas m\u00e1s medi\u00e1ticas y complejas <\/strong>de su vida personal. Alejado ya de los escenarios tras la disoluci\u00f3n del popular d\u00fao gaditano junto a Andr\u00e9s Morales, el inter\u00e9s medi\u00e1tico de Lucas Gonz\u00e1lez se ha centrado en los \u00faltimos meses en un prolongado calvario derivado de<strong> su primera intervenci\u00f3n quir\u00fargica nasal <\/strong>a finales de 2024. Despu\u00e9s de meses arrastrando graves contratiempos funcionales y est\u00e9ticos, el artista parece haber encontrado la soluci\u00f3n definitiva a su problema al someterse a <a href=\"https:\/\/www.libertaddigital.com\/chic\/corazon\/2026-08-25\/lucas-andy-y-lucas-recupera-su-nariz-tras-una-compleja-cirugia-reconstructiva-en-turquia-7451520\/\" target=\"_blank\" rel=\"dofollow noreferrer noopener\"><strong>una segunda operaci\u00f3n, esta vez en territorio turco.<\/strong><\/a><\/p>\n<p><a class=\"fancybox\" href=\"https:\/\/s1.staticld.com\/\/2025\/08\/04\/lucas-de-andy-y-lucas-nariz.jpg\" title=\"\" rel=\"nofollow noopener noreferrer\" target=\"_blank\"><img class=\"l\" style=\"aspect-ratio: 16 \/ 9\" data-  alt=\"lucas-de-andy-y-lucas-nariz.jpg\"\/><\/a> <\/p>\n<p>El programa <strong>Y ahora Sonsoles<\/strong> ha sido el encargado de destapar las primeras im\u00e1genes del cantante despu\u00f1es de su paso por el quir\u00f3fano en Estambul. A trav\u00e9s de una c\u00e1mara oculta, el espacio conducido por Sonsoles \u00d3nega mostr\u00f3 una velada relajada en la que Lucas disfrutaba de una cena junto a su esposa, Mar\u00eda Jos\u00e9. A pesar de vestir<strong> todav\u00eda el aparatoso vendaje postoperatorio, <\/strong>el documento gr\u00e1fico deja constancia de una notable mejor\u00eda anat\u00f3mica: un tabique completamente alineado, <strong>simetr\u00eda en los orificios nasales <\/strong>y la reconstrucci\u00f3n integral de la estructura cartilaginosa.<\/p>\n<p>El propio artista no ha ocultado su alivio ante este cambio radical, compartiendo su entusiasmo p\u00fablicamente de forma previa. <strong>\u00abMe han dejado guap\u00edsimo, me ha quedado preciosa y por fin puedo mirarme al espejo y me veo la nariz\u00bb<\/strong>, confes\u00f3 el m\u00fasico gaditano durante una intervenci\u00f3n telef\u00f3nica en el programa De lunes a viernes. Una declaraci\u00f3n con la que daba por zanjado el malestar acumulado durante el \u00faltimo a\u00f1o.<\/p>\n<p>&#13;<br \/>\n    Relacionado&#13;<br \/>\n    &#13;<\/p>\n<p>No obstante, <strong>el proceso de curaci\u00f3n absoluta requerir\u00e1 tiempo<\/strong> y disciplina por parte del cantante. En el metraje emitido se aprecia a un Lucas todav\u00eda condicionado por la congesti\u00f3n propia de la intervenci\u00f3n, un aspecto sobre el que \u00e9l mismo previno al detallar los pasos de su tratamiento: <strong>\u00abTengo que estar ocho semanas tomando antibi\u00f3ticos,<\/strong> me han puesto una escayola y me tengo que dar muchos cuidados que son cremas y pomadas, y que tengo que mezclarlas ma\u00f1ana, tarde y noche, pero ya tengo nariz, gracias a Dios\u00bb.<\/p>\n","protected":false},"excerpt":{"rendered":"El regreso a la normalidad del exintegrante de Andy y Lucas parece estar cada vez m\u00e1s cerca despu\u00e9s&hellip;\n","protected":false},"author":2,"featured_media":742983,"comment_status":"","ping_status":"","sticky":false,"template":"","format":"standard","meta":{"footnotes":""},"categories":[91],"tags":[146,147,25,24,1641,7357,131751,23,8584],"class_list":["post-742982","post","type-post","status-publish","format-standard","has-post-thumbnail","category-entretenimiento","tag-entertainment","tag-entretenimiento","tag-es","tag-espana","tag-imagenes","tag-lucas","tag-operacion-nariz","tag-spain","tag-turquia"],"share_on_mastodon":{"url":"https:\/\/pubeurope.com\/@es\/117198532650496706","error":""},"_links":{"self":[{"href":"https:\/\/www.europesays.com\/es\/wp-json\/wp\/v2\/posts\/742982","targetHints":{"allow":["GET"]}}],"collection":[{"href":"https:\/\/www.europesays.com\/es\/wp-json\/wp\/v2\/posts"}],"about":[{"href":"https:\/\/www.europesays.com\/es\/wp-json\/wp\/v2\/types\/post"}],"author":[{"embeddable":true,"href":"https:\/\/www.europesays.com\/es\/wp-json\/wp\/v2\/users\/2"}],"replies":[{"embeddable":true,"href":"https:\/\/www.europesays.com\/es\/wp-json\/wp\/v2\/comments?post=742982"}],"version-history":[{"count":0,"href":"https:\/\/www.europesays.com\/es\/wp-json\/wp\/v2\/posts\/742982\/revisions"}],"wp:featuredmedia":[{"embeddable":true,"href":"https:\/\/www.europesays.com\/es\/wp-json\/wp\/v2\/media\/742983"}],"wp:attachment":[{"href":"https:\/\/www.europesays.com\/es\/wp-json\/wp\/v2\/media?parent=742982"}],"wp:term":[{"taxonomy":"category","embeddable":true,"href":"https:\/\/www.europesays.com\/es\/wp-json\/wp\/v2\/categories?post=742982"},{"taxonomy":"post_tag","embeddable":true,"href":"https:\/\/www.europesays.com\/es\/wp-json\/wp\/v2\/tags?post=742982"}],"curies":[{"name":"wp","href":"https:\/\/api.w.org\/{rel}","templated":true}]}}