{"id":742998,"date":"2026-09-02T00:17:11","date_gmt":"2026-09-02T00:17:11","guid":{"rendered":"https:\/\/www.europesays.com\/es\/742998\/"},"modified":"2026-09-02T00:17:11","modified_gmt":"2026-09-02T00:17:11","slug":"listado-oficial-de-ciclistas-inscritos-en-el-tour-de-gran-bretana-2026-dorsales-esciclismo","status":"publish","type":"post","link":"https:\/\/www.europesays.com\/es\/742998\/","title":{"rendered":"Listado oficial de ciclistas inscritos en el Tour de Gran Breta\u00f1a 2026 [Dorsales] &#8211; Esciclismo"},"content":{"rendered":"<ol>\n<li><a href=\"https:\/\/news.google.com\/rss\/articles\/CBMiakFVX3lxTE1BTEh3OE5YXzMyR0UtTk9tdWMySUw5YUNaNWItSXdFU2htdFZKVEdlYTBLRVhzUmtCV2VQaGpEYTV0YWw1OEVzbTBRU2dEdjFvVktta3lMX0tXUnZRZWVjbGRBa0xZb2dCS2c?oc=5\" target=\"_blank\" rel=\"nofollow noopener\">Listado oficial de ciclistas inscritos en el Tour de Gran Breta\u00f1a 2026 [Dorsales]<\/a>&nbsp;&nbsp;Esciclismo<\/li>\n<li><a href=\"https:\/\/news.google.com\/rss\/articles\/CBMiakFVX3lxTFB4bjVXYS15OWZzd3lNNndRLWE3YUljZ3lUZjR4b01nRGxiektPQmxNa3N2bzdBWDJWNllXbFpPM3ROREJlRlh5WnJyT2FlS09uYjF2TFMxdkxuUkQ1T0ppOFZrVm5OcWNIbXc?oc=5\" target=\"_blank\" rel=\"nofollow noopener\">Tim Merlier debutar\u00e1 en el Tour de Gran Breta\u00f1a al frente del Soudal-Quick Step<\/a>&nbsp;&nbsp;Esciclismo<\/li>\n<li><a href=\"https:\/\/news.google.com\/rss\/articles\/CBMiakFVX3lxTE5KWU5haUpWcldnVVFZTVMzTUVhSmhWNU9SdXBzSlZ1NTVTclR2YktHdWJoU3VWZW5rZ0htX211TTFSanFrbVFqdmdDbHNiNmtka1lKbzZrTlBMbnJlSEdUbTRsS0sxdUcxMVE?oc=5\" target=\"_blank\" rel=\"nofollow noopener\">Tim Wellens y Benoit Cosnefroy lideran al UAE Emirates-XRG en el Tour de Gran Breta\u00f1a<\/a>&nbsp;&nbsp;Esciclismo<\/li>\n<li><a href=\"https:\/\/news.google.com\/rss\/articles\/CBMiakFVX3lxTE9pYk5lNnRqV0lDOGlKR0RJQjkwN25ZQlFiVXVlMVFuV04wVE1RZW9hcWdMcmo0U1F6N1BWRDFzNzZxSnM5XzI0ejU0U0N6UGFscmtBalBzU3c3X2pySHRJdXlYU3ZjMzRQRFE?oc=5\" target=\"_blank\" rel=\"nofollow noopener\">TV, horarios de emisi\u00f3n y d\u00f3nde ver en directo el Tour de Gran Breta\u00f1a 2026<\/a>&nbsp;&nbsp;Esciclismo<\/li>\n<li><a href=\"https:\/\/news.google.com\/rss\/articles\/CBMi4gFBVV95cUxPcUV0N3dQR1A0S0Vna0hfZGs0REpfM05NWWo4d2RzMHV4eGdlQ19weDA3dzJyUlpKVThwSlZVX2YwOXJGNVowYUxYUXdQaHpZMk5tZXUtemRoZ1NCSEJJQXVSblBiNGpIejVKNWZOOFd1QUR3LTdYeDQ5dEZHS1pRODVsUGptWDNLd2k5ZTQ0SjUxYThPczRKY0pwS005S2lIb0ZYbmNsZEduSm4wRm1vM2FwU0k2SlR1RGNieFNTcGNhYU85SmVadHBoUFJFVU11N3pwVW1sNUlncEVZOHlfSlFB?oc=5\" target=\"_blank\" rel=\"nofollow noopener\">Lista de participantes Tour de Gran Breta\u00f1a 2026: Filippo Ganna, Tim Wellens, Tim Merlier, Olav Kooij, Jhonatan Narv\u00e1ez&#8230;<\/a>&nbsp;&nbsp;Ciclismoaldia.es<\/li>\n<\/ol>\n","protected":false},"excerpt":{"rendered":"Listado oficial de ciclistas inscritos en el Tour de Gran Breta\u00f1a 2026 [Dorsales]&nbsp;&nbsp;Esciclismo Tim Merlier debutar\u00e1 en el&hellip;\n","protected":false},"author":2,"featured_media":742999,"comment_status":"","ping_status":"","sticky":false,"template":"","format":"standard","meta":{"footnotes":""},"categories":[273],"tags":[14036,4860,1568,2230,313,2838,13646,312,1433,168,1053,11109,2197,6440,25,24,7179,3956,5578,11108,295,289,14217,14389,1971,23,167,1627,316,11214],"class_list":["post-742998","post","type-post","status-publish","format-standard","has-post-thumbnail","category-ciclismo","tag-bretana","tag-carrera","tag-categoria","tag-celebrara","tag-ciclismo","tag-ciclistas","tag-corredores","tag-cycling","tag-definitivo","tag-deportes","tag-domingo","tag-dorsales","tag-edicion","tag-equipos","tag-es","tag-espana","tag-este","tag-gran","tag-inscritos","tag-listado","tag-miercoles","tag-oficial","tag-proseries","tag-repartidos","tag-septiembre","tag-spain","tag-sports","tag-total","tag-tour","tag-uci"],"share_on_mastodon":{"url":"https:\/\/pubeurope.com\/@es\/117198575551983648","error":""},"_links":{"self":[{"href":"https:\/\/www.europesays.com\/es\/wp-json\/wp\/v2\/posts\/742998","targetHints":{"allow":["GET"]}}],"collection":[{"href":"https:\/\/www.europesays.com\/es\/wp-json\/wp\/v2\/posts"}],"about":[{"href":"https:\/\/www.europesays.com\/es\/wp-json\/wp\/v2\/types\/post"}],"author":[{"embeddable":true,"href":"https:\/\/www.europesays.com\/es\/wp-json\/wp\/v2\/users\/2"}],"replies":[{"embeddable":true,"href":"https:\/\/www.europesays.com\/es\/wp-json\/wp\/v2\/comments?post=742998"}],"version-history":[{"count":0,"href":"https:\/\/www.europesays.com\/es\/wp-json\/wp\/v2\/posts\/742998\/revisions"}],"wp:featuredmedia":[{"embeddable":true,"href":"https:\/\/www.europesays.com\/es\/wp-json\/wp\/v2\/media\/742999"}],"wp:attachment":[{"href":"https:\/\/www.europesays.com\/es\/wp-json\/wp\/v2\/media?parent=742998"}],"wp:term":[{"taxonomy":"category","embeddable":true,"href":"https:\/\/www.europesays.com\/es\/wp-json\/wp\/v2\/categories?post=742998"},{"taxonomy":"post_tag","embeddable":true,"href":"https:\/\/www.europesays.com\/es\/wp-json\/wp\/v2\/tags?post=742998"}],"curies":[{"name":"wp","href":"https:\/\/api.w.org\/{rel}","templated":true}]}}