{"id":74301,"date":"2025-08-26T21:08:07","date_gmt":"2025-08-26T21:08:07","guid":{"rendered":"https:\/\/www.europesays.com\/es\/74301\/"},"modified":"2025-08-26T21:08:07","modified_gmt":"2025-08-26T21:08:07","slug":"dos-colectivos-se-movilizan-para-organizar-una-concentracion-previa-al-partido-del-granada","status":"publish","type":"post","link":"https:\/\/www.europesays.com\/es\/74301\/","title":{"rendered":"Dos colectivos se movilizan para organizar una concentraci\u00f3n previa al partido del Granada"},"content":{"rendered":"<p class=\"v-mdl-ath__p v-mdl-ath__p--6\">\nMartes, 26 de agosto 2025, 19:42<\/p>\n<p class=\"v-p\">Dos colectivos de aficionados han solicitado los correspondientes permisos para organizar una concentraci\u00f3n, que a la postre ser\u00eda conjunta, previa al partido del Granada con  &#8230; el objetivo de movilizarse para protestar por la situaci\u00f3n del club. La primera solicitud la hizo el grupo &#8216;Marea Rojiblanca&#8217; y la segunda, &#8216;Uni\u00f3n Granadinista&#8217;. La intenci\u00f3n, una vez tengan el permiso de celebraci\u00f3n, es hacerla tras el recibimiento al equipo. <\/p>\n<p class=\"v-crt__t\"> L\u00edmite de sesiones alcanzadas<\/p>\n<p class=\"v-crt__p\">El acceso al contenido Premium est\u00e1 abierto por cortes\u00eda del establecimiento donde te encuentras, pero ahora mismo hay demasiados usuarios conectados a las vez.<\/p>\n<p class=\"v-crt__p\">Por favor, int\u00e9ntalo pasados unos minutos.<\/p>\n<p>\nVolver a intentar\n<\/p>\n<p class=\"v-crt__t\">Sesi\u00f3n cerrada<\/p>\n<p class=\"v-crt__p\">Al iniciar sesi\u00f3n desde un dispositivo distinto, por seguridad, se cerr\u00f3 la \u00faltima sesi\u00f3n en este.<\/p>\n<p class=\"v-crt__p\">Para continuar disfrutando de su suscripci\u00f3n digital, inicie sesi\u00f3n en este dispositivo.<\/p>\n<p>\nEste contenido es exclusivo para suscriptores\n<\/p>\n<p>Comenta<\/p>\n<p>Reporta un error<\/p>\n","protected":false},"excerpt":{"rendered":"Martes, 26 de agosto 2025, 19:42 Dos colectivos de aficionados han solicitado los correspondientes permisos para organizar una&hellip;\n","protected":false},"author":2,"featured_media":74302,"comment_status":"","ping_status":"","sticky":false,"template":"","format":"standard","meta":{"footnotes":""},"categories":[268],"tags":[29030,5762,168,1563,25,24,280,282,494,15088,29031,1045,22611,281,23,167],"class_list":{"0":"post-74301","1":"post","2":"type-post","3":"status-publish","4":"format-standard","5":"has-post-thumbnail","7":"category-futbol","8":"tag-colectivos","9":"tag-concentracion","10":"tag-deportes","11":"tag-dos","12":"tag-es","13":"tag-espana","14":"tag-football","15":"tag-futbol","16":"tag-granada","17":"tag-movilizan","18":"tag-organizar","19":"tag-partido","20":"tag-previa","21":"tag-soccer","22":"tag-spain","23":"tag-sports"},"share_on_mastodon":{"url":"","error":""},"_links":{"self":[{"href":"https:\/\/www.europesays.com\/es\/wp-json\/wp\/v2\/posts\/74301","targetHints":{"allow":["GET"]}}],"collection":[{"href":"https:\/\/www.europesays.com\/es\/wp-json\/wp\/v2\/posts"}],"about":[{"href":"https:\/\/www.europesays.com\/es\/wp-json\/wp\/v2\/types\/post"}],"author":[{"embeddable":true,"href":"https:\/\/www.europesays.com\/es\/wp-json\/wp\/v2\/users\/2"}],"replies":[{"embeddable":true,"href":"https:\/\/www.europesays.com\/es\/wp-json\/wp\/v2\/comments?post=74301"}],"version-history":[{"count":0,"href":"https:\/\/www.europesays.com\/es\/wp-json\/wp\/v2\/posts\/74301\/revisions"}],"wp:featuredmedia":[{"embeddable":true,"href":"https:\/\/www.europesays.com\/es\/wp-json\/wp\/v2\/media\/74302"}],"wp:attachment":[{"href":"https:\/\/www.europesays.com\/es\/wp-json\/wp\/v2\/media?parent=74301"}],"wp:term":[{"taxonomy":"category","embeddable":true,"href":"https:\/\/www.europesays.com\/es\/wp-json\/wp\/v2\/categories?post=74301"},{"taxonomy":"post_tag","embeddable":true,"href":"https:\/\/www.europesays.com\/es\/wp-json\/wp\/v2\/tags?post=74301"}],"curies":[{"name":"wp","href":"https:\/\/api.w.org\/{rel}","templated":true}]}}