{"id":743014,"date":"2026-09-02T00:29:27","date_gmt":"2026-09-02T00:29:27","guid":{"rendered":"https:\/\/www.europesays.com\/es\/743014\/"},"modified":"2026-09-02T00:29:27","modified_gmt":"2026-09-02T00:29:27","slug":"un-brote-de-una-enfermedad-transmitida-por-mosquitos-causo-dos-muertes-y-concentro-el-97-de-los-casos-en-el-noa","status":"publish","type":"post","link":"https:\/\/www.europesays.com\/es\/743014\/","title":{"rendered":"Un brote de una enfermedad transmitida por mosquitos caus\u00f3 dos muertes y concentr\u00f3 el 97% de los casos en el NOA"},"content":{"rendered":"<p><img alt=\"Un mosquito en la superficie de un charco rodeado de hojas verdes con gotas de agua y una casa en el fondo desenfocado.\" class=\"global-image\" decoding=\"async\" fetchpriority=\"high\" height=\"1536\" loading=\"eager\" src=\"https:\/\/www.europesays.com\/es\/wp-content\/uploads\/2026\/09\/GNWPJXW4DNHV5EJHYE3VJ7OQNE.png\" width=\"2752\"\/>La chikungunya concentr\u00f3 el principal brote de arbovirosis de la temporada 2025-2026 en Argentina, con foco en el noroeste del pa\u00eds. (Imagen Ilustrativa Infobae)<\/p>\n<p>01 Sep, 2026 09:25 a. m. EST<\/p>\n<p class=\"paragraph\" data-paragraph-number=\"1\">La <a rel=\"noopener noreferrer nofollow\" href=\"https:\/\/www.infobae.com\/salud\/2026\/03\/26\/crecen-los-casos-de-fiebre-chikungunya-en-argentina-en-que-regiones-se-registran-brotes-activos\" target=\"_blank\"><b>fiebre chikungunya<\/b><\/a><b> concentr\u00f3 el principal brote de arbovirosis de la temporada 2025-2026 en Argentina<\/b>, en un escenario sanitario que mostr\u00f3 al mismo tiempo una circulaci\u00f3n de <b>dengue<\/b> muy por debajo de los a\u00f1os previos, vigilancia sostenida sobre otros cuadros febriles y una temporada respiratoria con predominio de <b>virus sincicial respiratorio (VSR)<\/b> entre los pacientes internados. El \u00faltimo <b>Bolet\u00edn Epidemiol\u00f3gico Nacional (BEN)<\/b>, correspondiente a la semana epidemiol\u00f3gica 33, ubic\u00f3 al brote con eje en el <a rel=\"noopener noreferrer nofollow\" href=\"https:\/\/www.infobae.com\/salud\/2026\/04\/02\/brote-de-fiebre-chikungunya-en-el-noa-refuerzan-operativos-y-envian-test-rapidos-para-frenar-la-expansion-del-virus\" target=\"_blank\">noroeste del pa\u00eds<\/a> y lo distingui\u00f3 como el evento m\u00e1s relevante entre las enfermedades transmitidas por mosquitos durante el \u00faltimo ciclo.<\/p>\n<p class=\"paragraph\" data-paragraph-number=\"2\">Seg\u00fan el cierre de temporada incluido en el BEN, se notificaron <b>3.730 casos confirmados o probables de <\/b><a rel=\"noopener noreferrer nofollow\" href=\"https:\/\/www.infobae.com\/tag\/chikungunya\/\" target=\"_blank\" title=\"https:\/\/www.infobae.com\/tag\/chikungunya\/\"><b>chikungunya<\/b><\/a> sobre un total de 13.308 sospechosos. La curva alcanz\u00f3 su m\u00e1ximo en la <b>semana epidemiol\u00f3gica 16 de 2026<\/b>, con <b>614 casos notificados<\/b>, y luego mostr\u00f3 una ca\u00edda progresiva hasta el final del per\u00edodo analizado.<\/p>\n<p class=\"paragraph\" data-paragraph-number=\"3\">La concentraci\u00f3n territorial fue marcada. El <b>97% de los casos<\/b> se localiz\u00f3 en la regi\u00f3n <b>NOA<\/b>, sobre todo en <b>Salta<\/b>, <a rel=\"noopener noreferrer nofollow\" href=\"https:\/\/www.infobae.com\/sociedad\/2026\/03\/29\/alertaron-por-un-brote-epidemiologico-de-chikungunya-en-tucuman-y-ya-hay-diez-casos-confirmados\" target=\"_blank\"><b>Tucum\u00e1n<\/b><\/a> y <b>Jujuy<\/b>. El informe indic\u00f3 adem\u00e1s que <b>el 83% de los afectados no ten\u00eda antecedente de viaje<\/b>, un dato que apunt\u00f3 a un predominio de la transmisi\u00f3n local. Tambi\u00e9n se registraron brotes o casos en <b>Catamarca<\/b>, <b>Santiago del Estero<\/b>, <b>provincia de Buenos Aires<\/b>, <b>Ciudad Aut\u00f3noma de Buenos Aires<\/b> y <b>C\u00f3rdoba<\/b>.<\/p>\n<p class=\"paragraph\" data-paragraph-number=\"4\">El evento tuvo su origen en la detecci\u00f3n de casos importados desde <b>Bolivia<\/b>, con posterior expansi\u00f3n local. La vigilancia gen\u00f3mica identific\u00f3 en las muestras estudiadas el genotipo <b>ECSA<\/b>, vinculado con virus circulantes en <b>Brasil<\/b> y <b>Bolivia<\/b>. El BEN precis\u00f3, adem\u00e1s, que no se detect\u00f3 la mutaci\u00f3n <b>E1-A226V<\/b>, asociada con una mayor adaptaci\u00f3n del virus al mosquito Aedes albopictus.<\/p>\n<p><img alt=\"Una horda de mosquitos volando - (Imagen Ilustrativa Infobae)\" class=\"global-image\" decoding=\"async\" fetchpriority=\"low\" height=\"816\" loading=\"lazy\" src=\"https:\/\/www.europesays.com\/es\/wp-content\/uploads\/2026\/09\/OAV6GAVY3JGJ3KE32BVH3P4SMY.jpg\" width=\"1456\"\/>El 97% de los casos de chikungunya se localiz\u00f3 en el NOA y el 83% de los afectados no tuvo antecedente de viaje, lo que indic\u00f3 transmisi\u00f3n local. (Imagen Ilustrativa Infobae)<\/p>\n<p class=\"paragraph\" data-paragraph-number=\"5\">La caracterizaci\u00f3n cl\u00ednica del brote agreg\u00f3 una dimensi\u00f3n de gravedad. La mediana de edad de los casos fue de <b>31 a\u00f1os<\/b> y el mayor n\u00famero se concentr\u00f3 en el grupo de <b>10 a 19 a\u00f1os<\/b>. Del total, <b>239 pacientes requirieron hospitalizaci\u00f3n<\/b>, se notificaron <b>9 casos graves<\/b> y se confirmaron <b>2 fallecimientos<\/b>, ambos en la provincia de <b>Salta<\/b>. Entre los cuadros graves se incluyeron neonatos en cuidados intensivos, una mujer de 33 a\u00f1os con encefalitis, una lactante de cuatro meses con asistencia respiratoria mec\u00e1nica y un hombre de 81 a\u00f1os con compromiso sist\u00e9mico, seg\u00fan el BEN.<\/p>\n<p class=\"paragraph\" data-paragraph-number=\"6\">En contraste con la magnitud del brote de chikungunya, la temporada de dengue 2025-2026 mostr\u00f3 una circulaci\u00f3n baja y sin transmisi\u00f3n sostenida. El informe oficial consign\u00f3 <b>71 casos confirmados<\/b> de un total de <b>28.028 sospechosos<\/b> y <b>189 probables<\/b>. Entre los confirmados, <b>39 fueron aut\u00f3ctonos<\/b> y <b>32 importados<\/b>, con antecedentes de viaje a pa\u00edses de <b>Am\u00e9rica Latina y el Caribe<\/b>, <b>\u00c1frica<\/b> y <b>Asia<\/b>.<\/p>\n<p class=\"paragraph\" data-paragraph-number=\"7\">El BEN remarc\u00f3 que no se registraron casos graves y que la mayor parte de los confirmados se concentr\u00f3 en la primera parte del a\u00f1o. <b>El 79% de los casos confirmados se notific\u00f3 entre las semanas 1 y 22 de 2026<\/b>, mientras que el mayor n\u00famero semanal fue de <b>8 casos en la semana 10<\/b>.<\/p>\n<p><img alt=\"Infograf\u00eda ilustra c\u00f3mo prevenir mosquitos en casa, mostrando macetas en un balc\u00f3n, m\u00e9todos de riego, limpieza y eliminaci\u00f3n de agua estancada.\" class=\"global-image\" decoding=\"async\" fetchpriority=\"low\" height=\"2752\" loading=\"lazy\" src=\"https:\/\/www.europesays.com\/es\/wp-content\/uploads\/2026\/09\/5E2LH4HU5JE77EYZBE3WKL42ZY.png\" width=\"1536\"\/>La infograf\u00eda detalla m\u00e9todos esenciales para el control de mosquitos, incluyendo el manejo del agua en macetas y la elecci\u00f3n de plantas aliadas para un hogar seguro. (Imagen Ilustrativa Infobae)<\/p>\n<p class=\"paragraph\" data-paragraph-number=\"8\">La regi\u00f3n <b>Centro<\/b> concentr\u00f3 el <b>83% de los casos<\/b>, en especial en <b>CABA<\/b> y la <b>provincia de Buenos Aires<\/b>, un dato que consolid\u00f3 el desplazamiento del principal escenario de circulaci\u00f3n hacia esa zona del pa\u00eds. Entre las semanas 9 y 17 se detect\u00f3 un peque\u00f1o conglomerado en <b>Villa Real<\/b>, en la ciudad de Buenos Aires, que luego fue controlado. En las regiones <b>Sur<\/b> y <b>Cuyo<\/b> no se registraron casos aut\u00f3ctonos, mientras que en <b>Jujuy<\/b> se detect\u00f3 el primer y \u00fanico caso de <b>DENV-3<\/b> sin antecedente de viaje de toda la temporada.<\/p>\n<p class=\"paragraph\" data-paragraph-number=\"9\">Entre las <b>34 muestras<\/b> en las que fue posible identificar el serotipo, predomin\u00f3 <b>DENV-2<\/b>, con <b>61,8%<\/b>, seguido por <b>DENV-3<\/b>, con <b>26,5%<\/b>, y <b>DENV-1<\/b>, con <b>11,8%<\/b>. En las muestras de DENV-3, la vigilancia gen\u00f3mica detect\u00f3 el <b>genotipo III, linaje B3<\/b>, relacionado con virus circulantes en <b>Brasil<\/b> y el <b>Caribe<\/b>.<\/p>\n<p class=\"paragraph\" data-paragraph-number=\"10\">Ese hallazgo qued\u00f3 bajo seguimiento por la expansi\u00f3n regional de ese serotipo. Durante la temporada, adem\u00e1s, <b>29 casos<\/b> presentaron antecedente de <b>vacunaci\u00f3n contra el dengue dentro de los 30 d\u00edas previos al inicio de s\u00edntomas<\/b>, un dato incorporado en el an\u00e1lisis epidemiol\u00f3gico de la vigilancia.<\/p>\n<p class=\"paragraph\" data-paragraph-number=\"11\">La magnitud de la circulaci\u00f3n viral fue baja en t\u00e9rminos nacionales. La positividad se ubic\u00f3 en <b>0,25%<\/b> y la incidencia acumulada en <b>0,15 casos cada 100.000 habitantes<\/b>, muy por debajo de los <b>1.239 casos cada 100.000<\/b> registrados durante la epidemia de 2023-2024.<\/p>\n<p><img alt=\"Mano con guante de l\u00e1tex sostiene jeringa con aguja y vial. Imagen circular de un mosquito Aedes aegypti sobre piel, con fondo verde\" class=\"global-image\" decoding=\"async\" fetchpriority=\"low\" height=\"1080\" loading=\"lazy\" src=\"https:\/\/www.europesays.com\/es\/wp-content\/uploads\/2026\/09\/ECYVSGGWSFE5PIWH3FLAVAV36A.png\" width=\"1920\"\/>La vacunaci\u00f3n contra el dengue sum\u00f3 428.607 dosis aplicadas en el pa\u00eds entre 2025 y 2026, con mayor concentraci\u00f3n en la regi\u00f3n Centro.<\/p>\n<p class=\"paragraph\" data-paragraph-number=\"12\">En paralelo, el informe incorpor\u00f3 el balance de la <b>vacunaci\u00f3n contra el dengue<\/b>. Entre la semana 31 de 2025 y la semana 30 de 2026 se aplicaron <b>428.607 dosis<\/b> en todo el pa\u00eds, de las cuales <b>274.092<\/b> correspondieron a primeras dosis y <b>154.515<\/b> a segundas. La mayor cantidad de aplicaciones se concentr\u00f3 en la regi\u00f3n <b>Centro<\/b>, en especial en la <b>provincia de Buenos Aires<\/b>, seguida por <b>C\u00f3rdoba<\/b> y <b>CABA<\/b>, mientras que fuera de esa regi\u00f3n se destac\u00f3 <b>Tucum\u00e1n<\/b>.<\/p>\n<p class=\"paragraph\" data-paragraph-number=\"13\">El BEN vincul\u00f3 ese cuadro con la escasa circulaci\u00f3n del virus, aunque tambi\u00e9n destac\u00f3 la capacidad del sistema de salud para mantener la sospecha cl\u00ednica, la notificaci\u00f3n y el estudio de personas con s\u00edndrome febril. <b>El 91% de los casos notificados tuvo estudios de laboratorio<\/b> y <b>el 70% fue analizado mediante m\u00e9todos directos<\/b>. La mediana entre la consulta y la notificaci\u00f3n fue de <b>dos d\u00edas<\/b>, mientras que el tiempo promedio entre el inicio de s\u00edntomas y la consulta fue de <b>un d\u00eda<\/b>.<\/p>\n<p class=\"paragraph\" data-paragraph-number=\"14\">Esa vigilancia permiti\u00f3 identificar diagn\u00f3sticos alternativos entre personas inicialmente estudiadas por dengue. En <b>940 pacientes<\/b> con dengue descartado se confirmaron otros eventos de notificaci\u00f3n obligatoria. Los m\u00e1s frecuentes fueron <b>fiebre chikungunya<\/b>, con <b>327 casos<\/b>, e <b>infecciones respiratorias<\/b>, con <b>259<\/b>.<\/p>\n<p class=\"paragraph\" data-paragraph-number=\"15\">En ese mismo grupo tambi\u00e9n se confirmaron <b>leptospirosis<\/b>, <b>fiebre hemorr\u00e1gica argentina<\/b>, <b>hantavirosis<\/b>, <b>rickettsiosis<\/b>, <b>psitacosis<\/b>, <b>meningoencefalitis<\/b>, <b>paludismo<\/b> e <b>infecciones bacterianas invasivas<\/b>, entre otras enfermedades sometidas a vigilancia nacional.<\/p>\n<p><img alt=\"El Bolet\u00edn Epidemiol\u00f3gico Nacional se\u00f1al\u00f3 que el VSR predomin\u00f3 entre los pacientes internados por infecci\u00f3n respiratoria aguda grave durante 2026.\" class=\"global-image\" decoding=\"async\" fetchpriority=\"low\" height=\"1280\" loading=\"lazy\" src=\"https:\/\/www.europesays.com\/es\/wp-content\/uploads\/2026\/09\/XUW56N7RMVG43JKPYTP45H5GYE.jpg\" width=\"1920\"\/>El Bolet\u00edn Epidemiol\u00f3gico Nacional se\u00f1al\u00f3 que el VSR predomin\u00f3 entre los pacientes internados por infecci\u00f3n respiratoria aguda grave durante 2026.<\/p>\n<p class=\"paragraph\" data-paragraph-number=\"16\">Para la temporada <b>2026-2027<\/b>, el BEN inform\u00f3 que se mantienen <b>2 casos confirmados de dengue<\/b> detectados en la <b>semana 32<\/b>, ambos con antecedente de viaje a <b>Brasil<\/b>. Los casos correspondieron a la <b>provincia de Buenos Aires<\/b> y presentaron <b>serotipo DENV-3<\/b>.<\/p>\n<p class=\"paragraph\" data-paragraph-number=\"17\">El bolet\u00edn detall\u00f3 que en la semana 33 se hab\u00edan notificado <b>243 casos sospechosos de dengue<\/b>, con <b>134 descartados<\/b>, <b>102 en estudio<\/b> y <b>5 probables<\/b>. En el caso de chikungunya, todav\u00eda no se confirmaron casos en la nueva temporada, pero s\u00ed se notificaron <b>55 sospechosos<\/b> y <b>5 probables en Salta<\/b>, localizados en los departamentos de <b>Or\u00e1n<\/b>, <b>General Jos\u00e9 de San Mart\u00edn<\/b> y <b>Anta<\/b>.<\/p>\n<p class=\"paragraph\" data-paragraph-number=\"18\">Frente a ese cuadro, el Ministerio de Salud mantuvo la recomendaci\u00f3n de sostener una vigilancia intensificada por la posibilidad de circulaci\u00f3n en \u00e1reas con condiciones ambientales, sociales y epidemiol\u00f3gicas favorables para la transmisi\u00f3n, adem\u00e1s del ingreso de serotipos a trav\u00e9s de casos importados. En el caso de chikungunya, el seguimiento contin\u00faa orientado a la b\u00fasqueda activa entre los cuadros de s\u00edndrome febril agudo inespec\u00edfico.<\/p>\n<p class=\"paragraph\" data-paragraph-number=\"19\">El peso que tuvo la <b>chikungunya<\/b> en la temporada 2025-2026 no fue la \u00fanica se\u00f1al que dej\u00f3 el <b>Bolet\u00edn Epidemiol\u00f3gico Nacional<\/b>. Junto con el brote concentrado en el NOA y el retroceso del <b>dengue<\/b>, el informe mostr\u00f3 que la vigilancia epidemiol\u00f3gica sigue captando otros eventos con comportamiento por encima de los valores hist\u00f3ricos. En esa lista aparecen la <b>coqueluche<\/b>, que acumul\u00f3 <b>362 casos<\/b> frente a una mediana hist\u00f3rica de <b>176<\/b> y qued\u00f3 en aumento en las \u00faltimas cuatro semanas; la <b>triquinosis<\/b>, con <b>460 casos<\/b> contra una mediana de <b>274<\/b>; la <b>hantavirosis<\/b>, con <b>56<\/b> frente a <b>39<\/b>; la <b>leptospirosis<\/b>, con <b>190<\/b> contra <b>106<\/b>; y la <b>hepatitis A<\/b>, con <b>62<\/b> frente a <b>39<\/b>.<\/p>\n<p><img alt=\"Imagen IHULZ4WU3FFS5FYSRQDSNRQDJY\" class=\"global-image\" decoding=\"async\" fetchpriority=\"low\" height=\"1280\" loading=\"lazy\" src=\"https:\/\/www.europesays.com\/es\/wp-content\/uploads\/2026\/09\/IHULZ4WU3FFS5FYSRQDSNRQDJY.jpg\" width=\"1920\"\/><\/p>\n<p class=\"paragraph\" data-paragraph-number=\"20\">Ese mapa tambi\u00e9n incluy\u00f3 eventos de transmisi\u00f3n sexual y salud mental. La <b>s\u00edfilis en poblaci\u00f3n general<\/b> lleg\u00f3 a <b>2.377 casos acumulados<\/b>, por encima de la mediana hist\u00f3rica de <b>1.810<\/b>, mientras que la <b>s\u00edfilis en embarazadas<\/b> sum\u00f3 <b>2.296 casos<\/b> frente a <b>1.779<\/b>, con una clasificaci\u00f3n de aumento en el acumulado anual. En paralelo, el BEN ubic\u00f3 por encima de lo esperado los <b>intentos de suicidio<\/b>, con <b>8.096 episodios sin resultado mortal<\/b> y <b>362 con resultado mortal<\/b>, este \u00faltimo adem\u00e1s con un comportamiento por encima de lo esperado en las \u00faltimas cuatro semanas. As\u00ed, el cierre de la temporada no solo dej\u00f3 a la chikungunya como principal brote de arbovirosis, sino tambi\u00e9n un conjunto m\u00e1s amplio de alertas sanitarias que van desde zoonosis e infecciones inmunoprevenibles hasta eventos ligados a la salud mental.<\/p>\n<p class=\"paragraph\" data-paragraph-number=\"21\">En paralelo, el bolet\u00edn actualiz\u00f3 la situaci\u00f3n de los virus respiratorios y se\u00f1al\u00f3 que el escenario se mantuvo <b>sin cambios significativos y dentro de lo esperado<\/b> para esta \u00e9poca del a\u00f1o, aunque con un volumen elevado de cuadros gripales y una circulaci\u00f3n sostenida de influenza y <b>VSR<\/b>. En consultas ambulatorias se notificaron <b>14 casos de influenza<\/b> en la \u00faltima semana analizada y la positividad se ubic\u00f3 en <b>26,4%<\/b>.<\/p>\n<p class=\"paragraph\" data-paragraph-number=\"22\">La vigilancia nacional mostr\u00f3 que en 2026 las detecciones de influenza aumentaron desde la <b>semana 10<\/b>, con predominio de <b>influenza A(H3N2)<\/b> y un m\u00e1ximo entre las semanas <b>21 y 22<\/b>, tras lo cual comenz\u00f3 un descenso. Entre las semanas 31 y 32 se notificaron <b>416 casos de influenza<\/b>, mientras que entre personas hospitalizadas se registraron <b>8.247 casos<\/b> en lo que va del a\u00f1o, con predominio de influenza A y <b>149 fallecimientos con diagn\u00f3stico de influenza<\/b>.<\/p>\n<p><img alt=\"Infograf\u00eda sobre la influenza mostrando un hombre tosiendo, virus A, B y C, transmisi\u00f3n por got\u00edculas y contacto, y pictogramas de fiebre, dolores corporales y fatiga extrema.\" class=\"global-image\" decoding=\"async\" fetchpriority=\"low\" height=\"1536\" loading=\"lazy\" src=\"https:\/\/www.europesays.com\/es\/wp-content\/uploads\/2026\/09\/S3SOL53JIRGCJPUOTVWJDGYM44.png\" width=\"2752\"\/>Infograf\u00eda detallada que explica la naturaleza de la influenza, sus v\u00edas de transmisi\u00f3n como el aire y superficies, y los s\u00edntomas principales como fiebre alta, dolores y cansancio extremo para su reconocimiento temprano. (Imagen Ilustrativa Infobae)<\/p>\n<p class=\"paragraph\" data-paragraph-number=\"23\">En cuanto al <b>VSR<\/b>, el ascenso se observa desde la <b>semana 13<\/b>. En las \u00faltimas cuatro semanas analizadas se detectaron <b>31 casos positivos entre 338 muestras ambulatorias estudiadas<\/b>. Entre pacientes internados, durante las primeras 33 semanas de 2026 se registraron <b>5.222 internaciones por infecci\u00f3n respiratoria aguda grave<\/b>, y en las \u00faltimas cuatro semanas predominaron las detecciones de <b>VSR<\/b>, con <b>302 positivos entre 819 casos estudiados<\/b>, por encima de influenza (<b>34 casos<\/b>). Adem\u00e1s, en lo que va del a\u00f1o se notificaron <b>4.338 casos hospitalizados con detecci\u00f3n de VSR<\/b>, con <b>652 detecciones en las semanas 32 y 33<\/b>.<\/p>\n<p class=\"paragraph\" data-paragraph-number=\"24\">El informe record\u00f3 que los mayores porcentajes de positividad de VSR se observan en menores de 2 a\u00f1os y destac\u00f3 la estrategia de prevenci\u00f3n incorporada al <b>Calendario Nacional de Vacunaci\u00f3n<\/b> para embarazadas entre las semanas 32 y 36 de gestaci\u00f3n, con el objetivo de transferir anticuerpos al beb\u00e9 antes del nacimiento. En paralelo, <b>SARS-CoV-2<\/b> se mantuvo en niveles bajos durante 2026, con <b>710 casos en personas internadas<\/b> y sin fallecimientos notificados en la semana 33.<\/p>\n<p class=\"paragraph\" data-paragraph-number=\"25\">En lo que va de <b>2026<\/b>, el <b>Sistema Nacional de Vigilancia de la Salud (SNVS 2.0)<\/b> recibi\u00f3 <b>853.798 notificaciones de enfermedad tipo influenza (ETI)<\/b>. Aunque los registros hasta la semana 32 superaron los de a\u00f1os previos, el BEN indic\u00f3 que se mantuvieron en niveles de seguridad y alerta y que desde la <b>semana 22<\/b> se observa una tendencia descendente.<\/p>\n<p class=\"paragraph\" data-paragraph-number=\"26\">En el caso de la <b>neumon\u00eda<\/b>, las tasas de incidencia de este a\u00f1o fueron similares a las de los a\u00f1os anteriores, con valores levemente inferiores. El m\u00e1ximo se registr\u00f3 en las semanas 21 y 22, seguido por una baja en las semanas posteriores. Para la <b>bronquiolitis<\/b>, el comportamiento de 2026 tambi\u00e9n mostr\u00f3 un descenso respecto de los valores hist\u00f3ricos, mientras que para ambas enfermedades el pico de la serie sigue ubicado en <b>2016<\/b>.<\/p>\n","protected":false},"excerpt":{"rendered":"La chikungunya concentr\u00f3 el principal brote de arbovirosis de la temporada 2025-2026 en Argentina, con foco en el&hellip;\n","protected":false},"author":2,"featured_media":743015,"comment_status":"","ping_status":"","sticky":false,"template":"","format":"standard","meta":{"footnotes":""},"categories":[92],"tags":[131753,25,24,165,1479,15511,6666,166,23],"class_list":["post-743014","post","type-post","status-publish","format-standard","has-post-thumbnail","category-salud","tag-agua-estancada","tag-es","tag-espana","tag-health","tag-lluvia","tag-mosquito","tag-patio","tag-salud","tag-spain"],"share_on_mastodon":{"url":"https:\/\/pubeurope.com\/@es\/117198624458968970","error":""},"_links":{"self":[{"href":"https:\/\/www.europesays.com\/es\/wp-json\/wp\/v2\/posts\/743014","targetHints":{"allow":["GET"]}}],"collection":[{"href":"https:\/\/www.europesays.com\/es\/wp-json\/wp\/v2\/posts"}],"about":[{"href":"https:\/\/www.europesays.com\/es\/wp-json\/wp\/v2\/types\/post"}],"author":[{"embeddable":true,"href":"https:\/\/www.europesays.com\/es\/wp-json\/wp\/v2\/users\/2"}],"replies":[{"embeddable":true,"href":"https:\/\/www.europesays.com\/es\/wp-json\/wp\/v2\/comments?post=743014"}],"version-history":[{"count":0,"href":"https:\/\/www.europesays.com\/es\/wp-json\/wp\/v2\/posts\/743014\/revisions"}],"wp:featuredmedia":[{"embeddable":true,"href":"https:\/\/www.europesays.com\/es\/wp-json\/wp\/v2\/media\/743015"}],"wp:attachment":[{"href":"https:\/\/www.europesays.com\/es\/wp-json\/wp\/v2\/media?parent=743014"}],"wp:term":[{"taxonomy":"category","embeddable":true,"href":"https:\/\/www.europesays.com\/es\/wp-json\/wp\/v2\/categories?post=743014"},{"taxonomy":"post_tag","embeddable":true,"href":"https:\/\/www.europesays.com\/es\/wp-json\/wp\/v2\/tags?post=743014"}],"curies":[{"name":"wp","href":"https:\/\/api.w.org\/{rel}","templated":true}]}}