{"id":743022,"date":"2026-09-02T00:33:23","date_gmt":"2026-09-02T00:33:23","guid":{"rendered":"https:\/\/www.europesays.com\/es\/743022\/"},"modified":"2026-09-02T00:33:23","modified_gmt":"2026-09-02T00:33:23","slug":"la-ultraderecha-usa-el-no-de-islandia-como-otra-via-para-debilitar-a-la-union-europea","status":"publish","type":"post","link":"https:\/\/www.europesays.com\/es\/743022\/","title":{"rendered":"La ultraderecha usa el &#8216;no&#8217; de Islandia como otra v\u00eda para debilitar a la Uni\u00f3n Europea"},"content":{"rendered":"<p class=\"article-text\">\n        En un momento transcendental para la Uni\u00f3n Europea ante los procesos electorales que se van a vivir en Alemania, Francia y Espa\u00f1a, en el curso pol\u00edtico que ha comenzado, <a href=\"https:\/\/www.eldiario.es\/internacional\/islandia-rechaza-volver-negociar-entrada-ue-margen-apenas-decimas-falta-terminar-recuento_1_13474899.html\" data-mrf-recirculation=\"links-noticia\" class=\"link\" rel=\"nofollow noopener\" target=\"_blank\">el resultado negativo del refer\u00e9ndum<\/a> en Islandia para comenzar negociaciones para la integraci\u00f3n en la UE ha removido el avispero donde mejor se mueve la ultraderecha.\n    <\/p>\n<p class=\"article-text\">\n        \u201cLa UE ha conseguido crear un espacio econ\u00f3mico y regulatorio europeo lo suficientemente atractivo como para que pa\u00edses como Islandia se integren. Sin embargo, no ha tenido el mismo \u00e9xito a la hora de explicar por qu\u00e9 pasar de formar parte de ese espacio a convertirse en un miembro de pleno derecho merece el sacrificio adicional que supone transferir competencias nacionales, es decir, perder soberan\u00eda. Aqu\u00ed se da una situaci\u00f3n parad\u00f3jica. Resulta que el propio \u00e9xito de la integraci\u00f3n europea puede socavar el incentivo para entrar en la Uni\u00f3n, al menos para algunos pa\u00edses europeos ricos que hasta ahora han preferido mantenerse al margen\u201d, explica Apostolos Thomadakis, del Centre for European Policy Studies.\n    <\/p>\n","protected":false},"excerpt":{"rendered":"En un momento transcendental para la Uni\u00f3n Europea ante los procesos electorales que se van a vivir en&hellip;\n","protected":false},"author":2,"featured_media":743023,"comment_status":"","ping_status":"","sticky":false,"template":"","format":"standard","meta":{"footnotes":""},"categories":[42],"tags":[17,18,129933,2080,13,14,11,61,62,63,64,1612,19,20,9,689,10,15,16,12,21,22,4247,2079,3252,65,66,67],"class_list":["post-743022","post","type-post","status-publish","format-standard","has-post-thumbnail","category-internacional","tag-breaking-news","tag-breakingnews","tag-debilitar","tag-europea","tag-featured-news","tag-featurednews","tag-headlines","tag-internacional","tag-international","tag-international-news","tag-internationalnews","tag-islandia","tag-latest-news","tag-latestnews","tag-news","tag-no","tag-noticias","tag-noticias-destacadas","tag-noticiasdestacadas","tag-titulares","tag-ultimas-noticias","tag-ultimasnoticias","tag-ultraderecha","tag-union","tag-via","tag-world","tag-world-news","tag-worldnews"],"share_on_mastodon":{"url":"https:\/\/pubeurope.com\/@es\/117198639627045571","error":""},"_links":{"self":[{"href":"https:\/\/www.europesays.com\/es\/wp-json\/wp\/v2\/posts\/743022","targetHints":{"allow":["GET"]}}],"collection":[{"href":"https:\/\/www.europesays.com\/es\/wp-json\/wp\/v2\/posts"}],"about":[{"href":"https:\/\/www.europesays.com\/es\/wp-json\/wp\/v2\/types\/post"}],"author":[{"embeddable":true,"href":"https:\/\/www.europesays.com\/es\/wp-json\/wp\/v2\/users\/2"}],"replies":[{"embeddable":true,"href":"https:\/\/www.europesays.com\/es\/wp-json\/wp\/v2\/comments?post=743022"}],"version-history":[{"count":0,"href":"https:\/\/www.europesays.com\/es\/wp-json\/wp\/v2\/posts\/743022\/revisions"}],"wp:featuredmedia":[{"embeddable":true,"href":"https:\/\/www.europesays.com\/es\/wp-json\/wp\/v2\/media\/743023"}],"wp:attachment":[{"href":"https:\/\/www.europesays.com\/es\/wp-json\/wp\/v2\/media?parent=743022"}],"wp:term":[{"taxonomy":"category","embeddable":true,"href":"https:\/\/www.europesays.com\/es\/wp-json\/wp\/v2\/categories?post=743022"},{"taxonomy":"post_tag","embeddable":true,"href":"https:\/\/www.europesays.com\/es\/wp-json\/wp\/v2\/tags?post=743022"}],"curies":[{"name":"wp","href":"https:\/\/api.w.org\/{rel}","templated":true}]}}