{"id":743024,"date":"2026-09-02T00:34:12","date_gmt":"2026-09-02T00:34:12","guid":{"rendered":"https:\/\/www.europesays.com\/es\/743024\/"},"modified":"2026-09-02T00:34:12","modified_gmt":"2026-09-02T00:34:12","slug":"asesina-a-tiros-a-un-taxista-de-30-anos-en-el-centro-de-azpeitia-y-se-da-a-la-fuga","status":"publish","type":"post","link":"https:\/\/www.europesays.com\/es\/743024\/","title":{"rendered":"Asesina a tiros a un taxista de 30 a\u00f1os en el centro de Azpeitia y se da a la fuga"},"content":{"rendered":"<p style=\"\">Conmoci\u00f3n en Azpeitia y alrededores. Un joven de unos 30 a\u00f1os fue asesinado a tiros este martes en pleno centro de la localidad de Urola  &#8230; Kosta, seg\u00fan inform\u00f3 la Ertzaintza a trav\u00e9s de una nota de prensa. Al parecer, el veh\u00edculo que conduc\u00eda el fallecido, un taxi negro de la marca Mercedes, habr\u00eda sido embestido por detr\u00e1s por otro autom\u00f3vil y el joven conductor habr\u00eda recibido varios disparos una vez que el agresor y la v\u00edctima se bajaron de sus coches.<\/p>\n<p class=\"v-d-p\" style=\"\">Una vez recibido el aviso del tr\u00e1gico suceso, la polic\u00eda aut\u00f3noma dispuso un dispositivo con controles en diferentes zonas de Azpeitia as\u00ed como en los alrededores del municipio con el objetivo de encontrar al autor de los disparos. El mismo habr\u00eda vuelto a subirse al veh\u00edculo que conduc\u00eda, un Volkswagen gris seg\u00fan ha podido saber este peri\u00f3dico, y huy\u00f3 en direcci\u00f3n al centro de Azpeitia.<\/p>\n<p class=\"v-d-p\" style=\"\">Al cierre de esta edici\u00f3n, la Ertzaintza manten\u00eda el dispositivo con controles en diferentes zonas de Urola Kosta para la b\u00fasqueda del sospechoso del que, por el momento, no ha trascendido ning\u00fan detalle m\u00e1s de forma oficial.<\/p>\n<p class=\"v-d-p\" style=\"\">El tr\u00e1gico suceso se produjo en torno a las 20.00 horas en pleno centro de Azpeitia y en una zona muy concurrida de la localidad, en la rotonda que se sit\u00faa entre la plaza de toros y el campo de f\u00fatbol de Garmendipe. As\u00ed, al escuchar el sonido de los disparos, varios vecinos se acercaron a la avenida Artzubia. Testigos del tiroteo, todav\u00eda impactados por el luctuoso suceso de este martes, contaron a este peri\u00f3dico que un veh\u00edculo Volkswagen gris habr\u00eda embestido al taxista por detr\u00e1s y su ocupante habr\u00eda aprovechado el momento en el que el taxista se baj\u00f3 del veh\u00edculo para descerrajarle al menos cinco tiros que causaron su muerte. Uno de los disparos habr\u00eda alcanzado a la v\u00edctima en la cabeza. Los mismos testigos apuntaron que en el interior del veh\u00edculo s\u00f3lo viajaba el autor de los disparos que, tras volver al coche, huy\u00f3 hacia el centro de la localidad.<\/p>\n<p><img decoding=\"async\" loading=\"lazy\" src=\"https:\/\/www.europesays.com\/es\/wp-content\/uploads\/2026\/09\/asesinato-azpeitia-noche-U201482033938iPB-U301526871372LoE-650x455@Diario Vasco.jpg\" class=\"v-a-img\" width=\"680\" height=\"478\" alt=\"\" data-voc-vtm-id=\"in-text-traffic\"\/><\/p>\n<p>(F\u00e9lix Morquecho)<\/p>\n<p class=\"v-d-p\" style=\"\">Tras recibir el aviso de que una persona se hallaba herida por arma de fuego, hasta el lugar del suceso se desplazaron ambulancias medicalizadas, varias dotaciones de la Ertzaintza, as\u00ed como patrullas de la polic\u00eda local de Azpeitia. Los intentos de los servicios de emergencia por reanimar al taxista resultaron infructuosos y los sanitarios certificaron su fallecimiento. <\/p>\n<p class=\"v-d-p\" style=\"\">El cuerpo del joven taxista estuvo sobre la carretera m\u00e1s all\u00e1 de la medianoche, momento en que se procedi\u00f3 a realizar el levantamiento del cad\u00e1ver. En la zona del suceso se produjeron momentos de tensi\u00f3n y consternaci\u00f3n una vez que se acercaron los familiares de la v\u00edctima.<\/p>\n<p class=\"v-d-p\" style=\"\">El asesinato del joven caus\u00f3 una enorme conmoci\u00f3n en Azpeitia, donde el taxista era muy conocido tanto por su trabajo como por residir en la zona en la que se produjo el tr\u00e1gico suceso. \u00abNo nos creemos que algo as\u00ed pueda pasar en Azpeitia, siempre lo escuchas y parece que pasa en otros sitios. Estoy en shock\u00bb, aseguraba una vecina de la zona a este peri\u00f3dico nada m\u00e1s conocer el asesinato del joven. Adem\u00e1s de taxista, el joven tambi\u00e9n ejerc\u00eda como DJ, un hobby que compart\u00eda con el trabajo como conductor. Hab\u00eda pinchado en salas como el Dabadaba de San Sebasti\u00e1n.<\/p>\n<p>\nTercer homicidio en 2026\n<\/p>\n<p class=\"v-d-p\" style=\"\">Gipuzkoa es un territorio que no tiene una elevada criminalidad, pero en los \u00faltimos meses se han registrado varios sucesos que han tenido ocupada a la polic\u00eda. El asesinato de este martes es el tercero que se produce en el territorio en lo que va de 2026. Hasta ahora, el \u00faltimo homicidio en Gipuzkoa fue el pasado 12 de julio, cuando C. A., de 33 a\u00f1os y residente en Errenteria, fue acuchillado en Kaputxinos. Los hechos ocurrieron en plena v\u00eda p\u00fablica, en el n\u00famero 13 de la calle Sorgintxulo, donde la v\u00edctima sufri\u00f3 una herida por arma blanca en el pecho que le caus\u00f3 la muerte. Pocos minutos antes hab\u00eda coincidido con el presunto agresor en una terraza de un bar de la zona tomando caf\u00e9.<\/p>\n<p class=\"v-d-p\" style=\"\">Seg\u00fan reconstruyeron los vecinos, el primero estaba en una mesa alta de la terraza, junto a la entrada al local, y el otro hombre en el pasadizo, que tiene una peque\u00f1a ventana desde la cual se ve la barra del bar y por la que se pueden hacer pedidos. Fue en ese peque\u00f1o callej\u00f3n donde se produjo el apu\u00f1alamiento y la v\u00edctima cay\u00f3 al suelo gravemente herida. La Ertzaintza identific\u00f3 a un joven de 23 a\u00f1os que hab\u00eda dejado all\u00ed mismo el arma blanca utilizada, y procedi\u00f3 a su detenci\u00f3n.<\/p>\n<p class=\"v-d-p\" style=\"\">A finales de abril, concretamente el d\u00eda 28, la Ertzaintza hall\u00f3 un cad\u00e1ver en Irun en una zona ferroviaria okupada del barrio de Belaskoenea. El hombre, de 34 a\u00f1os, presentaba una herida de bala en el abdomen. Seg\u00fan pudo confirmar este peri\u00f3dico, en la escena del crimen apareci\u00f3 al menos un casquillo. Apenas doce horas despu\u00e9s del hallazgo la Ertzaintza detuvo a un hombre de 29 a\u00f1os por su presunta vinculaci\u00f3n con la muerte, causada por un arma de fuego.<\/p>\n<p class=\"v-d-p\" style=\"\">Fuera del territorio, a estos dos tr\u00e1gicos sucesos ocurridos en Gipuzkoa se suma la muerte de Dalian, joven tolosarra que fue asesinado a finales de febrero en Par\u00eds. El autor del s\u00f3rdido suceso \u2013el cad\u00e1ver fue troceado\u2013, un franc\u00e9s de 50 a\u00f1os y propietario del piso donde viv\u00eda el joven tolosarra, admiti\u00f3 haber acabado con la vida del que era su inquilino tras una \u00abpelea con herramientas\u00bb entre los dos el viernes 27 de febrero, en el piso que le ten\u00eda alquilado en Saint-Denis, otra comuna de la periferia norte de la capital francesa. La polic\u00eda hall\u00f3, a los pocos d\u00edas, el cuerpo descuartizado de Dalian en la misma vivienda.<\/p>\n","protected":false},"excerpt":{"rendered":"Conmoci\u00f3n en Azpeitia y alrededores. Un joven de unos 30 a\u00f1os fue asesinado a tiros este martes en&hellip;\n","protected":false},"author":2,"featured_media":743025,"comment_status":"","ping_status":"","sticky":false,"template":"","format":"standard","meta":{"footnotes":""},"categories":[8],"tags":[988,7055,17,18,1558,1563,25,24,13,14,11,15119,19,20,9,10,15,16,23,38036,131795,12,575,21,22],"class_list":["post-743024","post","type-post","status-publish","format-standard","has-post-thumbnail","category-espana","tag-anos","tag-azpeitia","tag-breaking-news","tag-breakingnews","tag-coches","tag-dos","tag-es","tag-espana","tag-featured-news","tag-featurednews","tag-headlines","tag-incidente","tag-latest-news","tag-latestnews","tag-news","tag-noticias","tag-noticias-destacadas","tag-noticiasdestacadas","tag-spain","tag-taxista","tag-tirotean","tag-titulares","tag-tras","tag-ultimas-noticias","tag-ultimasnoticias"],"share_on_mastodon":{"url":"https:\/\/pubeurope.com\/@es\/117198643244037843","error":""},"_links":{"self":[{"href":"https:\/\/www.europesays.com\/es\/wp-json\/wp\/v2\/posts\/743024","targetHints":{"allow":["GET"]}}],"collection":[{"href":"https:\/\/www.europesays.com\/es\/wp-json\/wp\/v2\/posts"}],"about":[{"href":"https:\/\/www.europesays.com\/es\/wp-json\/wp\/v2\/types\/post"}],"author":[{"embeddable":true,"href":"https:\/\/www.europesays.com\/es\/wp-json\/wp\/v2\/users\/2"}],"replies":[{"embeddable":true,"href":"https:\/\/www.europesays.com\/es\/wp-json\/wp\/v2\/comments?post=743024"}],"version-history":[{"count":0,"href":"https:\/\/www.europesays.com\/es\/wp-json\/wp\/v2\/posts\/743024\/revisions"}],"wp:featuredmedia":[{"embeddable":true,"href":"https:\/\/www.europesays.com\/es\/wp-json\/wp\/v2\/media\/743025"}],"wp:attachment":[{"href":"https:\/\/www.europesays.com\/es\/wp-json\/wp\/v2\/media?parent=743024"}],"wp:term":[{"taxonomy":"category","embeddable":true,"href":"https:\/\/www.europesays.com\/es\/wp-json\/wp\/v2\/categories?post=743024"},{"taxonomy":"post_tag","embeddable":true,"href":"https:\/\/www.europesays.com\/es\/wp-json\/wp\/v2\/tags?post=743024"}],"curies":[{"name":"wp","href":"https:\/\/api.w.org\/{rel}","templated":true}]}}