{"id":743028,"date":"2026-09-02T00:40:20","date_gmt":"2026-09-02T00:40:20","guid":{"rendered":"https:\/\/www.europesays.com\/es\/743028\/"},"modified":"2026-09-02T00:40:20","modified_gmt":"2026-09-02T00:40:20","slug":"faria-horario-y-donde-ver-el-partido-del-us-open-2026-por-tv-y-en-directo","status":"publish","type":"post","link":"https:\/\/www.europesays.com\/es\/743028\/","title":{"rendered":"Faria: horario y d\u00f3nde ver el partido del US Open 2026 por TV y en directo"},"content":{"rendered":"<p class=\"ft-text\"><strong>Carlos Alcaraz se prepara para dar el siguiente paso en el US Open 2026.<\/strong> <a class=\"ft-link ft-link--decoration\" href=\"https:\/\/www.sport.es\/es\/noticias\/tenis\/alcaraz-regresa-campeon-133819519\" rel=\"nofollow noopener\" target=\"_blank\">Tras una muy convincente victoria ante el ruso Safiullin en su estreno<\/a>, el tenista de El Palmar avanza hacia segunda ronda con la firme intenci\u00f3n de seguir recuperando sensaciones y poder defender el m\u00e1ximo de los puntos obtenidos tras la conquista de la anterior edici\u00f3n del &#8216;Major&#8217; estadounidense.<\/p>\n<p class=\"ft-text\">Fuera del circuito desde el ya lejano mes de abril por culpa de su fat\u00eddica lesi\u00f3n de mu\u00f1eca, Alcaraz escogi\u00f3 el US Open como escenario de su regreso. <strong>A pesar del poco rodaje, las sensaciones en el primer partido no han podido ser mejores<\/strong>, aunque su camino hacia la defensa del t\u00edtulo no tardar\u00e1 en endurecerse.<\/p>\n<p class=\"ft-text\"><strong>El pr\u00f3ximo rival de Alcaraz en el US Open 2026 ser\u00e1 Jaime Faria, el n\u00famero 72 del mundo<\/strong>. El portugu\u00e9s viene de sufrir de lo lindo en su estreno, teniendo que acudir al quinto set para doblegar al local Jenson Brooksby.<\/p>\n<p><img decoding=\"async\" src=\"https:\/\/www.europesays.com\/es\/wp-content\/uploads\/2026\/09\/380bf060-8ff5-4d34-be96-b5d6444a520f_alta-libre-aspect-ratio_default_0_x1050y485.jpg\" width=\"1200\" height=\"831\" alt=\"Faria, rival de Alcaraz en segunda ronda del US Open 2026\" class=\"ft-helper-img-rd\" loading=\"lazy\" fetchpriority=\"auto\"\/><\/p>\n<p class=\"ft-helper-fontColor-quaternary ft-helper-fontSize-body-S ft-helper-spacer-t-xxs\">Faria, rival de Alcaraz en segunda ronda del US Open 2026  \/ EFE<\/p>\n<p>\u00bfA qu\u00e9 hora juega Alcaraz contra Faria en el US Open 2026?<\/p>\n<p class=\"ft-text\">El partido entre <strong>Carlos Alcaraz y Jaime Faria, <\/strong>correspondiente a la segunda ronda del US Open 2026, se disputar\u00e1 en la madrugada de este <strong>mi\u00e9rcoles 2 de septiembre a jueves 3 de septiembre en Espa\u00f1a. <\/strong><\/p>\n<p class=\"ft-text\">El cruce tendr\u00e1 lugar en el segundo turno de la sesi\u00f3n de tarde de la Artur Ashe, por lo que dar\u00e1 comienzo alrededor de las <strong>2:30 horas (CEST), <\/strong>una vez termine el duelo entre<strong> Sabalenka e Iatcenko. <\/strong><\/p>\n<p>\u00bfD\u00f3nde ver por TV los partidos de Alcaraz del US Open 2026?<\/p>\n<p class=\"ft-text\">En Espa\u00f1a, todos los partidos del<strong> US Open 2026 <\/strong>se podr\u00e1n ver por TV y online a trav\u00e9s de<strong> <\/strong><a class=\"ft-link ft-link--decoration\" href=\"https:\/\/clk.tradedoubler.com\/click?p=357743&amp;a=3149065&amp;epi=open&amp;url=https%3A%2F%2Fwww.movistarplus.es%2Fdeportes%2Ftenis%2Fhorarios%3F\" target=\"_blank\" rel=\"nofollow noopener\">Movistar\u202fPlus +<\/a>, que ofrece la cobertura completa del torneo.<\/p>\n<p class=\"ft-text\">El pr\u00f3ximo partido de Alcaraz, as\u00ed como los de hipot\u00e9ticas rondas posteriores, ser\u00e1n emitidos en el <strong>dial 7<\/strong> o <strong>#Vamos<\/strong>, reservados para los cruces m\u00e1s importantes, mientras que el resto de enfrentamientos tambi\u00e9n ser\u00e1n ofrecidos a trav\u00e9s del paquete Deportes+.<\/p>\n<p class=\"ft-text\">Desde <strong>SPORT<\/strong>, te contamos todo lo que suceda en el US Open 2026 a trav\u00e9s de nuestras cr\u00f3nicas, prestando especial atenci\u00f3n al desempe\u00f1o de Alcaraz.<\/p>\n","protected":false},"excerpt":{"rendered":"Carlos Alcaraz se prepara para dar el siguiente paso en el US Open 2026. Tras una muy convincente&hellip;\n","protected":false},"author":2,"featured_media":743029,"comment_status":"","ping_status":"","sticky":false,"template":"","format":"standard","meta":{"footnotes":""},"categories":[274],"tags":[4736,168,3169,25,24,131797,319,5829,1045,9251,3745,23,167,327,326,1559,809],"class_list":["post-743028","post","type-post","status-publish","format-standard","has-post-thumbnail","category-tenis","tag-alcaraz","tag-deportes","tag-donde","tag-es","tag-espana","tag-faria","tag-horario","tag-open","tag-partido","tag-ronda","tag-segunda","tag-spain","tag-sports","tag-tenis","tag-tennis","tag-us","tag-ver"],"share_on_mastodon":{"url":"https:\/\/pubeurope.com\/@es\/117198666915163421","error":""},"_links":{"self":[{"href":"https:\/\/www.europesays.com\/es\/wp-json\/wp\/v2\/posts\/743028","targetHints":{"allow":["GET"]}}],"collection":[{"href":"https:\/\/www.europesays.com\/es\/wp-json\/wp\/v2\/posts"}],"about":[{"href":"https:\/\/www.europesays.com\/es\/wp-json\/wp\/v2\/types\/post"}],"author":[{"embeddable":true,"href":"https:\/\/www.europesays.com\/es\/wp-json\/wp\/v2\/users\/2"}],"replies":[{"embeddable":true,"href":"https:\/\/www.europesays.com\/es\/wp-json\/wp\/v2\/comments?post=743028"}],"version-history":[{"count":0,"href":"https:\/\/www.europesays.com\/es\/wp-json\/wp\/v2\/posts\/743028\/revisions"}],"wp:featuredmedia":[{"embeddable":true,"href":"https:\/\/www.europesays.com\/es\/wp-json\/wp\/v2\/media\/743029"}],"wp:attachment":[{"href":"https:\/\/www.europesays.com\/es\/wp-json\/wp\/v2\/media?parent=743028"}],"wp:term":[{"taxonomy":"category","embeddable":true,"href":"https:\/\/www.europesays.com\/es\/wp-json\/wp\/v2\/categories?post=743028"},{"taxonomy":"post_tag","embeddable":true,"href":"https:\/\/www.europesays.com\/es\/wp-json\/wp\/v2\/tags?post=743028"}],"curies":[{"name":"wp","href":"https:\/\/api.w.org\/{rel}","templated":true}]}}