{"id":743038,"date":"2026-09-02T00:53:20","date_gmt":"2026-09-02T00:53:20","guid":{"rendered":"https:\/\/www.europesays.com\/es\/743038\/"},"modified":"2026-09-02T00:53:20","modified_gmt":"2026-09-02T00:53:20","slug":"ana-rosa-quintana-70-anos-sobre-su-infancia-en-el-barrio-de-usera-fue-muy-feliz-y-creo-que-eso-te-da-mucha-seguridad-en-la-vida","status":"publish","type":"post","link":"https:\/\/www.europesays.com\/es\/743038\/","title":{"rendered":"Ana Rosa Quintana, 70 a\u00f1os, sobre su infancia en el barrio de Usera: \u00abFue muy feliz y creo que eso te da mucha seguridad en la vida\u00bb"},"content":{"rendered":"<p><img decoding=\"async\" class=\"v-ath__i\" loading=\"lazy\" src=\"https:\/\/www.europesays.com\/es\/wp-content\/uploads\/2026\/09\/autor-7263-foto-1.jpeg\" alt=\"Daniel Dom\u00ednguez\"\/><\/p>\n<p>01\/09\/2026 a las 09:00h.<\/p>\n<p class=\"v-d-p\" style=\"\">Con el inicio de septiembre llega la &#8216;operaci\u00f3n retorno&#8217; de las vacaciones de verano, los preparativos para la vuelta al cole&#8230; y el inicio de la nueva temporada de muchos espacios televisivos, como &#8216;El programa de AR&#8217; en &#8216;Telecinco&#8217;.<\/p>\n<p class=\"v-d-p\" style=\"\">El lunes 31 de agosto marca el regreso de Ana Rosa Quintana a la televisi\u00f3n despu\u00e9s de sus vacaciones y de un impasse de dos meses del programa en la parrilla de &#8216;Telecinco&#8217;.<\/p>\n<p class=\"v-d-p\" style=\"\">La <strong>presentadora madrile\u00f1a de 70 a\u00f1os contin\u00faa al pie del ca\u00f1\u00f3n<\/strong> y, como reconoci\u00f3 a comienzos de 2026, \u00abpodr\u00eda estar en casa perfectamente, pero todav\u00eda puedo hacer cosas\u00bb, por lo que su jubilaci\u00f3n, de momento, no est\u00e1 sobre la mesa. Este \u00faltimo d\u00eda de agosto comienza una nueva temporada en televisi\u00f3n con el matinal de &#8216;Telecinco&#8217;.<\/p>\n<ul class=\"v-cmp-rld__u\">\n<li class=\"v-cmp-rld__l\">\n<p><a class=\"v-a-lnk\" href=\"http:\/\/www.abc.es\/gente\/julia-otero-sobre-estudios-universitarios-hice-filologia-20260828160027-nt.html#vtm_modulosEngag=noticiasrelacionadas-cmp-uno:gente:noticia:1\" data-voc-vtm-id=\"in-text-traffic\" rel=\"nofollow noopener\" target=\"_blank\"><br \/>\n<img decoding=\"async\" loading=\"lazy\" src=\"https:\/\/www.europesays.com\/es\/wp-content\/uploads\/2026\/09\/6490808d-18fa-4bd3-b8f9-8d954a7affad-k9ZB--366x256@diario_abc.jpg\" class=\"v-a-img\" width=\"258\" height=\"180\" alt=\"Julia Otero: \u00abHice Filolog\u00eda Hisp\u00e1nica y, como jam\u00e1s he sido ni\u00f1a pija, adem\u00e1s trabajaba bastantes horas al d\u00eda\u00bb\"\/><br \/>\n<\/a><\/p>\n<\/li>\n<\/ul>\n<p class=\"v-d-p\" style=\"\">El programa, cuya emisi\u00f3n comienza, como siempre, a las 9.00 horas, <strong>obliga a la comunicadora a levantarse cada d\u00eda alrededor de las 5.30 horas<\/strong>, pero tambi\u00e9n a meterse en la cama muy pronto, sobre las 22.00, como ha reconocido en alguna entrevista.<\/p>\n<p class=\"v-d-p\" style=\"\">Aunque Ana Rosa Quintana no suele ser quien responde a las preguntas, pero tambi\u00e9n ha protagonizado entrevistas en las que habla sobre su vida personal o su trayectoria profesional. Por ejemplo, la periodista se ha mostrado muy orgullosa de sus or\u00edgenes.<\/p>\n<p>\nEn un barrio de Madrid\n<\/p>\n<p class=\"v-d-p\" style=\"\">El pasado mes de junio, Juan y Medio entrevist\u00f3 a Ana Rosa Quintana para su programa en &#8216;Canal Sur&#8217;, la televisi\u00f3n auton\u00f3mica andaluza, donde la periodista record\u00f3 su d\u00eda a d\u00eda cuando era peque\u00f1a.<\/p>\n<p class=\"v-d-p\" style=\"\">\u00ab<strong>La cajera de una cafeter\u00eda me recog\u00eda, me daba la merienda<\/strong> y me llevaba donde estaban mis padres. [&#8230;] Muchas noches me llevaban dormida en el coche a casa\u00bb, reconoce sobre su infancia, marcada por las largas jornadas de trabajo de sus padres.<\/p>\n<p class=\"v-a-t\">\n\u00abMuchas noches me llevaban dormida en el coche a casa\u00bb\n<\/p>\n<p class=\"v-d-p\" style=\"\">Ana Rosa creci\u00f3 en el madrile\u00f1o barrio de Usera junto a sus padres y su hermano, dos a\u00f1os mayor que ella. \u00ab<strong>Era una familia muy democr\u00e1tica<\/strong>, donde todo se hablaba y todo se consensuaba\u00bb, asegur\u00f3 en una entrevista a &#8216;The Objective&#8217;.<\/p>\n<p class=\"v-d-p\" style=\"\">Una etapa de la que Ana Rosa Quintana guarda muy buenos recuerdos. \u00abMi infancia fue muy feliz y creo que eso te da mucha seguridad en la vida\u00bb. <\/p>\n","protected":false},"excerpt":{"rendered":"01\/09\/2026 a las 09:00h. Con el inicio de septiembre llega la &#8216;operaci\u00f3n retorno&#8217; de las vacaciones de verano,&hellip;\n","protected":false},"author":2,"featured_media":743039,"comment_status":"","ping_status":"","sticky":false,"template":"","format":"standard","meta":{"footnotes":""},"categories":[171],"tags":[683,988,1626,10345,146,147,25,24,6664,3624,27011,2465,585,57,23,214,12241,2606],"class_list":["post-743038","post","type-post","status-publish","format-standard","has-post-thumbnail","category-tv","tag-ana","tag-anos","tag-barrio","tag-creo","tag-entertainment","tag-entretenimiento","tag-es","tag-espana","tag-feliz","tag-infancia","tag-quintana","tag-rosa","tag-seguridad","tag-sobre","tag-spain","tag-tv","tag-usera","tag-vida"],"share_on_mastodon":{"url":"https:\/\/pubeurope.com\/@es\/117198718495933243","error":""},"_links":{"self":[{"href":"https:\/\/www.europesays.com\/es\/wp-json\/wp\/v2\/posts\/743038","targetHints":{"allow":["GET"]}}],"collection":[{"href":"https:\/\/www.europesays.com\/es\/wp-json\/wp\/v2\/posts"}],"about":[{"href":"https:\/\/www.europesays.com\/es\/wp-json\/wp\/v2\/types\/post"}],"author":[{"embeddable":true,"href":"https:\/\/www.europesays.com\/es\/wp-json\/wp\/v2\/users\/2"}],"replies":[{"embeddable":true,"href":"https:\/\/www.europesays.com\/es\/wp-json\/wp\/v2\/comments?post=743038"}],"version-history":[{"count":0,"href":"https:\/\/www.europesays.com\/es\/wp-json\/wp\/v2\/posts\/743038\/revisions"}],"wp:featuredmedia":[{"embeddable":true,"href":"https:\/\/www.europesays.com\/es\/wp-json\/wp\/v2\/media\/743039"}],"wp:attachment":[{"href":"https:\/\/www.europesays.com\/es\/wp-json\/wp\/v2\/media?parent=743038"}],"wp:term":[{"taxonomy":"category","embeddable":true,"href":"https:\/\/www.europesays.com\/es\/wp-json\/wp\/v2\/categories?post=743038"},{"taxonomy":"post_tag","embeddable":true,"href":"https:\/\/www.europesays.com\/es\/wp-json\/wp\/v2\/tags?post=743038"}],"curies":[{"name":"wp","href":"https:\/\/api.w.org\/{rel}","templated":true}]}}