{"id":743058,"date":"2026-09-02T01:03:18","date_gmt":"2026-09-02T01:03:18","guid":{"rendered":"https:\/\/www.europesays.com\/es\/743058\/"},"modified":"2026-09-02T01:03:18","modified_gmt":"2026-09-02T01:03:18","slug":"enzo-jesus-y-muchos-mas-repasa-los-fichajes-mas-importantes-de-las-ultimas-horas-del-mercado","status":"publish","type":"post","link":"https:\/\/www.europesays.com\/es\/743058\/","title":{"rendered":"Enzo, Jesus y muchos m\u00e1s: repasa los fichajes m\u00e1s importantes de las \u00faltimas horas del mercado"},"content":{"rendered":"<p data-testid=\"article-teaser\">Estos son los fichajes y entresijos m\u00e1s destacados del \u00faltimo d\u00eda del mercado de fichajes de verano en las grandes ligas europeas<\/p>\n<p>El mercado de fichajes de verano en las grandes ligas europeas ha bajado el tel\u00f3n oficialmente, despu\u00e9s de que expirara el plazo fijado para que los clubes completaran sus operaciones, a la espera de que la ventana vuelva a abrirse el pr\u00f3ximo mes de enero.<\/p>\n<p>El mercado de fichajes en Inglaterra y Espa\u00f1a se cerr\u00f3 a la 01:00 de la madrugada del mi\u00e9rcoles, hora de La Meca, mientras que en Francia, Alemania e Italia concluy\u00f3 a las 21:00 del martes.<\/p>\n<p>Sin embargo, pese al cierre de la ventana de traspasos, la emoci\u00f3n a\u00fan no ha terminado, ya que todav\u00eda quedan varias operaciones a la espera del anuncio oficial, despu\u00e9s de que se alcanzaran acuerdos sobre ellas antes de que venciera el plazo definitivo.<\/p>\n<p>M\u00e1s all\u00e1 de las grandes ligas europeas, los fichajes contin\u00faan en Turqu\u00eda hasta el pr\u00f3ximo viernes, mientras que el mercado en M\u00e9xico finaliza el 11 de septiembre en curso y en Portugal el d\u00eda 15 del mismo mes; por su parte, el plazo definitivo en Arabia Saud\u00ed se extiende hasta el pr\u00f3ximo 12 de octubre.<\/p>\n<p>A continuaci\u00f3n, les presentamos lo m\u00e1s destacado en cuanto a fichajes y entretelones del \u00faltimo d\u00eda del mercado en las cinco grandes ligas europeas.<\/p>\n<p><strong>Pueden debatir los temas y las noticias con mayor profundidad en los foros de \u00abKooora\u00bb<\/strong><\/p>\n","protected":false},"excerpt":{"rendered":"Estos son los fichajes y entresijos m\u00e1s destacados del \u00faltimo d\u00eda del mercado de fichajes de verano en&hellip;\n","protected":false},"author":2,"featured_media":743059,"comment_status":"","ping_status":"","sticky":false,"template":"","format":"standard","meta":{"footnotes":""},"categories":[5],"tags":[5031,210,9710,17,18,14015,25,24,13,14,11,25395,30060,19,20,2013,9,10,15,16,20114,3048,126586,23,81326,51805,12,21,22],"class_list":["post-743058","post","type-post","status-publish","format-standard","has-post-thumbnail","category-titulares","tag-arsenal","tag-barcelona","tag-bayern-munich","tag-breaking-news","tag-breakingnews","tag-chelsea","tag-es","tag-espana","tag-featured-news","tag-featurednews","tag-headlines","tag-inter","tag-inter-milan","tag-latest-news","tag-latestnews","tag-manchester-city","tag-news","tag-noticias","tag-noticias-destacadas","tag-noticiasdestacadas","tag-paris-saint-germain","tag-real-madrid","tag-schalke-04","tag-spain","tag-ssc-napoles","tag-ssc-napoli","tag-titulares","tag-ultimas-noticias","tag-ultimasnoticias"],"share_on_mastodon":{"url":"https:\/\/pubeurope.com\/@es\/117198756697244820","error":""},"_links":{"self":[{"href":"https:\/\/www.europesays.com\/es\/wp-json\/wp\/v2\/posts\/743058","targetHints":{"allow":["GET"]}}],"collection":[{"href":"https:\/\/www.europesays.com\/es\/wp-json\/wp\/v2\/posts"}],"about":[{"href":"https:\/\/www.europesays.com\/es\/wp-json\/wp\/v2\/types\/post"}],"author":[{"embeddable":true,"href":"https:\/\/www.europesays.com\/es\/wp-json\/wp\/v2\/users\/2"}],"replies":[{"embeddable":true,"href":"https:\/\/www.europesays.com\/es\/wp-json\/wp\/v2\/comments?post=743058"}],"version-history":[{"count":0,"href":"https:\/\/www.europesays.com\/es\/wp-json\/wp\/v2\/posts\/743058\/revisions"}],"wp:featuredmedia":[{"embeddable":true,"href":"https:\/\/www.europesays.com\/es\/wp-json\/wp\/v2\/media\/743059"}],"wp:attachment":[{"href":"https:\/\/www.europesays.com\/es\/wp-json\/wp\/v2\/media?parent=743058"}],"wp:term":[{"taxonomy":"category","embeddable":true,"href":"https:\/\/www.europesays.com\/es\/wp-json\/wp\/v2\/categories?post=743058"},{"taxonomy":"post_tag","embeddable":true,"href":"https:\/\/www.europesays.com\/es\/wp-json\/wp\/v2\/tags?post=743058"}],"curies":[{"name":"wp","href":"https:\/\/api.w.org\/{rel}","templated":true}]}}