{"id":743062,"date":"2026-09-02T01:11:21","date_gmt":"2026-09-02T01:11:21","guid":{"rendered":"https:\/\/www.europesays.com\/es\/743062\/"},"modified":"2026-09-02T01:11:21","modified_gmt":"2026-09-02T01:11:21","slug":"baugh-y-simmons-ya-estan-de-vuelta-en-vitoria","status":"publish","type":"post","link":"https:\/\/www.europesays.com\/es\/743062\/","title":{"rendered":"Baugh y Simmons ya est\u00e1n de vuelta en Vitoria"},"content":{"rendered":"<p>\n        <strong>Damion Baugh y Kobi Simmons ya est\u00e1n de regreso en Vitoria<\/strong>. Los dos bases del Kosner Baskonia han aterrizado esta tarde despu\u00e9s de completar su participaci\u00f3n en las <a href=\"https:\/\/www.fiba.basketball\/es\" title=\"ventanas FIBA\" rel=\"nofollow noopener\" target=\"_blank\" class=\"link copy\">ventanas FIBA<\/a> con la <strong>Rep\u00fablica Democr\u00e1tica del Congo y Costa de Marfil<\/strong>, respectivamente, y el club azulgrana ha mostrado en sus redes sociales su llegada al Buesa Arena.\n<\/p>\n<p class=\"article-body__text \">\n        Ambos<strong> se incorporar\u00e1n de inmediato a la din\u00e1mica de pretemporada<\/strong> y se pondr\u00e1n a las \u00f3rdenes de <a href=\"https:\/\/www.noticiasdealava.eus\/tags\/paolo-galbiati\/\" title=\"Paolo Galbiati\" target=\"_blank\" class=\"link copy\" rel=\"nofollow noopener\">Paolo Galbiati<\/a>, que podr\u00e1 contar por fin con dos de sus directores de juego para completar la preparaci\u00f3n de cara al primer gran objetivo del curso: la Supercopa Endesa. El <a href=\"https:\/\/www.noticiasdealava.eus\/baskonia\/\" title=\"Baskonia\" target=\"_blank\" class=\"link copy\" rel=\"nofollow noopener\">Baskonia<\/a> se medir\u00e1 al <strong>Joventut en las semifinales<\/strong> el 19 de septiembre.\n<\/p>\n<p class=\"article-body__text \">\n        Simmons y Baugh han tenido un<strong> protagonismo destacado con sus respectivas selecciones<\/strong> durante la triple jornada disputada en <strong>Dakar (Senegal)<\/strong>, aunque con diferente suerte.\n<\/p>\n<p class=\"article-body__text \">\n        El <strong>estadounidense de Costa de Marfil<\/strong>, que ha disputado los tres encuentros, cerr\u00f3 su participaci\u00f3n con <strong>35 puntos y 8 asistencias en sus dos mejores actuaciones ante Mali y Angola<\/strong>, mientras que<strong> Baugh ha acumulado nada menos que 110 minutos en los tres partidos con el Congo<\/strong>, con promedios de 15 puntos y 7 asistencias.\n<\/p>\n<blockquote class=\"twitter-tweet\" data-lang=\"es\">\n<p lang=\"es\" dir=\"ltr\">\ud83d\udc40 Mirad a qui\u00e9nes dos tenemos por casa<\/p>\n<p>Good to see you, Damion &amp; Kobi! <a href=\"https:\/\/t.co\/eXl95oS2jP\" rel=\"nofollow\">pic.twitter.com\/eXl95oS2jP<\/a><\/p>\n<p>\u2014 Kosner Baskonia (@Baskonia) <a href=\"https:\/\/x.com\/Baskonia\/status\/2094800432845463800?ref_src=twsrc%5Etfw\" rel=\"nofollow\">1 de septiembre de 2026<\/a><\/p><\/blockquote>\n<p>  Exprimido al m\u00e1ximo<\/p>\n<p class=\"article-body__text \">\n        El nuevo base baskonista llegado este verano de la G League ha sido, eso s\u00ed, <strong>exprimido al m\u00e1ximo por su selecci\u00f3n<\/strong>. <strong>Jug\u00f3 35 minutos ante Angola, 36 frente a Mali y 39 contra Egipto<\/strong>. Su rendimiento tuvo luces y sombras, especialmente por las 22 p\u00e9rdidas acumuladas en los tres encuentros y unos porcentajes de tiro irregulares.\n<\/p>\n<p class=\"article-body__text \">\n        M\u00e1s all\u00e1 del desgaste, la participaci\u00f3n internacional deja una<strong> importante recompensa para el Baskonia<\/strong>. Tanto Simmons como Baugh <strong>han obtenido el pasaporte cotonou <\/strong>tras debutar con Costa de Marfil y Congo, respectivamente, por lo que <strong>podr\u00e1n disputar la Liga ACB sin ocupar plaza de extracomunitario.<\/strong>\n<\/p>\n<p class=\"article-body__text \">\n        Ahora ambos<strong> regresan a Vitoria con ritmo competitivo<\/strong> y apenas dos semanas y media por delante para ponerse a tono y empezar a trabajar junto al resto de sus compa\u00f1eros con la Supercopa ya en el horizonte.\n<\/p>\n<p>            <script async src=\"https:\/\/platform.twitter.com\/widgets.js\" charset=\"utf-8\"><\/script><\/p>\n","protected":false},"excerpt":{"rendered":"Damion Baugh y Kobi Simmons ya est\u00e1n de regreso en Vitoria. Los dos bases del Kosner Baskonia han&hellip;\n","protected":false},"author":2,"featured_media":743063,"comment_status":"","ping_status":"","sticky":false,"template":"","format":"standard","meta":{"footnotes":""},"categories":[269],"tags":[299,298,124247,168,25,24,6018,23,167,2177,1357],"class_list":["post-743062","post","type-post","status-publish","format-standard","has-post-thumbnail","category-baloncesto","tag-baloncesto","tag-basketball","tag-baugh","tag-deportes","tag-es","tag-espana","tag-simmons","tag-spain","tag-sports","tag-vitoria","tag-vuelta"],"share_on_mastodon":{"url":"https:\/\/pubeurope.com\/@es\/117198788035140420","error":""},"_links":{"self":[{"href":"https:\/\/www.europesays.com\/es\/wp-json\/wp\/v2\/posts\/743062","targetHints":{"allow":["GET"]}}],"collection":[{"href":"https:\/\/www.europesays.com\/es\/wp-json\/wp\/v2\/posts"}],"about":[{"href":"https:\/\/www.europesays.com\/es\/wp-json\/wp\/v2\/types\/post"}],"author":[{"embeddable":true,"href":"https:\/\/www.europesays.com\/es\/wp-json\/wp\/v2\/users\/2"}],"replies":[{"embeddable":true,"href":"https:\/\/www.europesays.com\/es\/wp-json\/wp\/v2\/comments?post=743062"}],"version-history":[{"count":0,"href":"https:\/\/www.europesays.com\/es\/wp-json\/wp\/v2\/posts\/743062\/revisions"}],"wp:featuredmedia":[{"embeddable":true,"href":"https:\/\/www.europesays.com\/es\/wp-json\/wp\/v2\/media\/743063"}],"wp:attachment":[{"href":"https:\/\/www.europesays.com\/es\/wp-json\/wp\/v2\/media?parent=743062"}],"wp:term":[{"taxonomy":"category","embeddable":true,"href":"https:\/\/www.europesays.com\/es\/wp-json\/wp\/v2\/categories?post=743062"},{"taxonomy":"post_tag","embeddable":true,"href":"https:\/\/www.europesays.com\/es\/wp-json\/wp\/v2\/tags?post=743062"}],"curies":[{"name":"wp","href":"https:\/\/api.w.org\/{rel}","templated":true}]}}