{"id":743082,"date":"2026-09-02T01:23:48","date_gmt":"2026-09-02T01:23:48","guid":{"rendered":"https:\/\/www.europesays.com\/es\/743082\/"},"modified":"2026-09-02T01:23:48","modified_gmt":"2026-09-02T01:23:48","slug":"la-junta-desea-que-deoleo-se-quede-en-manos-espanolas-y-si-puede-ser-andaluzas","status":"publish","type":"post","link":"https:\/\/www.europesays.com\/es\/743082\/","title":{"rendered":"La Junta desea que Deoleo \u00abse quede en manos espa\u00f1olas y, si puede ser, andaluzas\u00bb"},"content":{"rendered":"<p><img decoding=\"async\" class=\"v-ath__i\" loading=\"lazy\" src=\"https:\/\/www.europesays.com\/es\/wp-content\/uploads\/2026\/09\/1788312228_249_autor-5497-foto-3.jpeg\" alt=\"Agencia Europa Press\"\/><\/p>\n<p>01\/09\/2026 a las 20:15h.<\/p>\n<p class=\"v-d-p\" style=\"\">El consejero de Agricultura, Pesca, Agua y Desarrollo Rural, Ram\u00f3n Fern\u00e1ndez-Pacheco, ha manifestado este martes que desde la Junta de Andaluc\u00eda desean que \u00abojal\u00e1\u00bb  &#8230; que Deoleo, compa\u00f1\u00eda en el sector alimentario y de comercializaci\u00f3n de aceite de oliva en proceso de venta, \u00abse quede en manos espa\u00f1olas en primer lugar y, si puede ser, en manos andaluzas\u00bb.<\/p>\n","protected":false},"excerpt":{"rendered":"01\/09\/2026 a las 20:15h. El consejero de Agricultura, Pesca, Agua y Desarrollo Rural, Ram\u00f3n Fern\u00e1ndez-Pacheco, ha manifestado este&hellip;\n","protected":false},"author":2,"featured_media":743083,"comment_status":"","ping_status":"","sticky":false,"template":"","format":"standard","meta":{"footnotes":""},"categories":[80],"tags":[10175,82,114293,2614,95,94,25,18207,24,2024,3955,789,32890,23],"class_list":["post-743082","post","type-post","status-publish","format-standard","has-post-thumbnail","category-economia","tag-andaluzas","tag-business","tag-deoleo","tag-desea","tag-economia","tag-economy","tag-es","tag-espaolas","tag-espana","tag-junta","tag-manos","tag-puede","tag-quede","tag-spain"],"share_on_mastodon":{"url":"https:\/\/pubeurope.com\/@es\/117198840008015193","error":""},"_links":{"self":[{"href":"https:\/\/www.europesays.com\/es\/wp-json\/wp\/v2\/posts\/743082","targetHints":{"allow":["GET"]}}],"collection":[{"href":"https:\/\/www.europesays.com\/es\/wp-json\/wp\/v2\/posts"}],"about":[{"href":"https:\/\/www.europesays.com\/es\/wp-json\/wp\/v2\/types\/post"}],"author":[{"embeddable":true,"href":"https:\/\/www.europesays.com\/es\/wp-json\/wp\/v2\/users\/2"}],"replies":[{"embeddable":true,"href":"https:\/\/www.europesays.com\/es\/wp-json\/wp\/v2\/comments?post=743082"}],"version-history":[{"count":0,"href":"https:\/\/www.europesays.com\/es\/wp-json\/wp\/v2\/posts\/743082\/revisions"}],"wp:featuredmedia":[{"embeddable":true,"href":"https:\/\/www.europesays.com\/es\/wp-json\/wp\/v2\/media\/743083"}],"wp:attachment":[{"href":"https:\/\/www.europesays.com\/es\/wp-json\/wp\/v2\/media?parent=743082"}],"wp:term":[{"taxonomy":"category","embeddable":true,"href":"https:\/\/www.europesays.com\/es\/wp-json\/wp\/v2\/categories?post=743082"},{"taxonomy":"post_tag","embeddable":true,"href":"https:\/\/www.europesays.com\/es\/wp-json\/wp\/v2\/tags?post=743082"}],"curies":[{"name":"wp","href":"https:\/\/api.w.org\/{rel}","templated":true}]}}