{"id":743090,"date":"2026-09-02T01:32:19","date_gmt":"2026-09-02T01:32:19","guid":{"rendered":"https:\/\/www.europesays.com\/es\/743090\/"},"modified":"2026-09-02T01:32:19","modified_gmt":"2026-09-02T01:32:19","slug":"pablo-arraya-sobre-ignacio-buse-antes-de-su-debut-en-el-us-open-2026-me-recuerda-a-andy-murray-atp-apuesplan","status":"publish","type":"post","link":"https:\/\/www.europesays.com\/es\/743090\/","title":{"rendered":"Pablo Arraya sobre Ignacio Buse antes de su debut en el US Open 2026: \u00abMe recuerda a Andy Murray\u00bb | ATP | apuesplan"},"content":{"rendered":"<p>MIRA AQU\u00cd: <a itemprop=\"url\" class=\"sc__mira-aqui-link\" href=\"https:\/\/elcomercio.pe\/deporte-total\/tenis\/ignacio-buse-que-hace-tan-especial-cada-triunfo-de-buse-y-por-que-el-tenis-peruano-puede-vivir-hoy-un-dia-de-gloria-33-anos-despues-de-la-hazana-de-jaime-yzaga-noticia\/\" aria-label=\"\u00bfQu\u00e9 hace tan especial cada triunfo de Buse y por qu\u00e9 el tenis peruano puede vive hoy un d\u00eda de gloria 33 a\u00f1os despu\u00e9s de la haza\u00f1a de Yzaga?\" rel=\"nofollow noopener\" target=\"_blank\">\u00bfQu\u00e9 hace tan especial cada triunfo de Buse y por qu\u00e9 el tenis peruano puede vive hoy un d\u00eda de gloria 33 a\u00f1os despu\u00e9s de la haza\u00f1a de Yzaga?<\/a><\/p>\n<p itemprop=\"description\" class=\"sc__font-paragraph\">Pablo Arraya, una de las voces que ha seguido de cerca su evoluci\u00f3n, destaca precisamente esa capacidad de adaptaci\u00f3n. Para el extenista peruano, Buse est\u00e1 viviendo \u201cel nuevo renacimiento del tenis peruano\u201d y ya puede ser considerado uno de los mejores de nuestra historia. Su crecimiento, sostiene, tiene una explicaci\u00f3n: trabajo, preparaci\u00f3n f\u00edsica, fortaleza mental y, sobre todo, la confianza que entregan victorias como la conseguida ante Arthur Fery.<\/p>\n<p itemprop=\"description\" class=\"sc__font-paragraph\"><b>\u2014\u00bfC\u00f3mo viste la nueva consagraci\u00f3n de Ignacio Buse en un torneo ATP?<\/b><\/p>\n<p itemprop=\"description\" class=\"sc__font-paragraph\">Cada vez est\u00e1 mejorando m\u00e1s. Cada partido est\u00e1 mejorando m\u00e1s. Todos est\u00e1bamos dudando de cu\u00e1nto iba a durar estos partidos en cancha en cancha dura porque al principio no le fue muy bien, pero mira c\u00f3mo se ha adaptado ganando su segundo ATP. Incre\u00edble el nivel de adaptaci\u00f3n y el nivel de fe a su trabajo.<\/p>\n<p itemprop=\"description\" class=\"sc__font-paragraph\"><b>\u2014\u00bfQu\u00e9 significa este t\u00edtulo para el tenis peruano?<\/b><\/p>\n<p itemprop=\"description\" class=\"sc__font-paragraph\">Simplemente que nos pone en la \u00e9lite del tenis mundial en este momento. Tenemos uno de los jugadores que en este momento es de los que m\u00e1s ha triunfado en el circuito ATP. Est\u00e1 ganando en diferentes superficies, es joven y es, de verdad, el nuevo renacimiento del tenis peruano.<\/p>\n<p itemprop=\"description\" class=\"sc__font-paragraph\"><b>\u2014Tiene 22 a\u00f1os, hace tres que est\u00e1 en el circuito ATP. Pero, \u00bfya se puede decir que es uno de los mejores tenistas en la historia del Per\u00fa?<\/b><\/p>\n<p itemprop=\"description\" class=\"sc__font-paragraph\">Definitivamente, por supuesto. En cuanto a ranking ya pas\u00f3 a Luis Horna. Est\u00e1 entre los 30 mejores por primera vez. Tiene, adem\u00e1s, dos t\u00edtulos de ATP en singles en una super joven carrera y definitivamente el hecho de que todos lo podemos ver ahora, que todos lo podemos disfrutar, todos podemos aprender de \u00e9l, del sacrificio, del trabajo y del talento que est\u00e1 demostrando. Se est\u00e1 poniendo como uno de los jugadores que m\u00e1s valor han tenido en la historia de nuestro tenis. <\/p>\n<p><img loading=\"lazy\" src=\"https:\/\/www.europesays.com\/es\/wp-content\/uploads\/2026\/09\/KHKCR6KSQ5EHHAS3MNKLCJMH4M.jpeg\" alt=\"Nacido en C\u00f3rdoba, Argentina, Pablo Arraya lleg\u00f3 al pa\u00eds siendo ni\u00f1o y se nacionaliz\u00f3 peruano a los 18 a\u00f1os. Termin\u00f3 convirti\u00e9ndose en uno de los referentes hist\u00f3ricos de la raqueta nacional.\" decoding=\"async\" class=\"lazy sc__image  w-full\" style=\"max-width:980px;width:100%;height:auto\" width=\"980\" height=\"560\"\/><\/p>\n<p>Nacido en C\u00f3rdoba, Argentina, Pablo Arraya lleg\u00f3 al pa\u00eds siendo ni\u00f1o y se nacionaliz\u00f3 peruano a los 18 a\u00f1os. Termin\u00f3 convirti\u00e9ndose en uno de los referentes hist\u00f3ricos de la raqueta nacional.<\/p>\n<p itemprop=\"description\" class=\"sc__font-paragraph\"><b>\u2014\u00bfQu\u00e9 cambi\u00f3 en Nacho para tener este ascenso tan mete\u00f3rico? <\/b><\/p>\n<p itemprop=\"description\" class=\"sc__font-paragraph\">Ha tenido de las tendencias m\u00e1s r\u00e1pidas que he visto en un jugador latinoamericano, adem\u00e1s con victorias muy importantes. Eso es lo primero que se me viene a la cabeza. Y segundo es que a su equipo y a \u00e9l este tipo de victorias lo ayuda a creer en que \u00e9l puede seguir subiendo y por qu\u00e9 no estar entre los 10 mejores del mundo, que es efectivamente lo que su equipo est\u00e1 buscando. Eso es lo que el equipo est\u00e1 aspirando y eso me parece incre\u00edble de jug\u00e1rsela a un nivel tan alto. Me parece una muy buena motivaci\u00f3n.<\/p>\n<p itemprop=\"description\" class=\"sc__font-paragraph\"><b>\u2014\u00bfEste ascenso es comparable con el de alg\u00fan peruano anteriormente?<\/b><\/p>\n<p itemprop=\"description\" class=\"sc__font-paragraph\">No he seguido mucho la carrera de Horna, pero me acuerdo de que Jaime (Yzaga) tambi\u00e9n subi\u00f3 muy r\u00e1pido, ya como juvenil \u00e9l se hab\u00eda metido. Ahora recuerda que Bus estuvo tres a\u00f1os luchando, este es su tercer a\u00f1o en el tenis profesional en el que se empiezan a ver estos grandes resultados, pero a pesar de ser una carrera, tiene un ascenso mete\u00f3rico. Es lo mismo que pas\u00f3 con Jaime. <\/p>\n<p itemprop=\"description\" class=\"sc__font-paragraph\"><b>\u2014\u00bfBuse es una realidad en la \u00e9lite o a\u00fan le falta algo? <\/b><\/p>\n<p itemprop=\"description\" class=\"sc__font-paragraph\">Dicen que est\u00e1 en una etapa de maduraci\u00f3n. Me parece que se tiene que poner m\u00e1s fuerte f\u00edsicamente y que \u00e9l est\u00e1 trabajando en eso todos los d\u00edas. Hoy d\u00eda estuvo en el gimnasio antes del partido. Una gran se\u00f1al. El adquirir m\u00e1s fuerza y mejorar la parte mental, simplemente con este tipo de victorias, ayuda much\u00edsimo a empezar a creer un poquito m\u00e1s.<\/p>\n<p><img loading=\"lazy\" src=\"https:\/\/www.europesays.com\/es\/wp-content\/uploads\/2026\/09\/MKGXMMXPOBHINL732POWVY353I.jpg\" alt=\"Ignacio Buse festeja un nuevo t\u00edtulo en una temporada inolvidable (Foto: @WSOpen2026)\" decoding=\"async\" class=\"lazy sc__image  w-full\" style=\"max-width:980px;width:100%;height:auto\" width=\"980\" height=\"653\"\/><\/p>\n<p>Ignacio Buse festeja un nuevo t\u00edtulo en una temporada inolvidable (Foto: @WSOpen2026)<\/p>\n<p itemprop=\"description\" class=\"sc__font-paragraph\"><b>\u2014\u00bfQu\u00e9 tanto tiene que ver, justamente, esa preparaci\u00f3n f\u00edsica para lo que est\u00e1 consiguiendo ahora?<\/b><\/p>\n<p itemprop=\"description\" class=\"sc__font-paragraph\">Es mucho por parte del trabajo que se exige ahora para el tenis profesional. Para el tenis profesional ya no es solamente horas en la cancha, sino es horas fuera de la cancha, es la alimentaci\u00f3n. Yo lo dije hace m\u00e1s o menos tres a\u00f1os, se va a tener que transformar en un superhombre y eso es exactamente lo que \u00e9l est\u00e1 haciendo. Se est\u00e1 recuperando m\u00e1s r\u00e1pido, est\u00e1 cada vez m\u00e1s fuerte, cada vez se est\u00e1 moviendo mejor, o sea, se est\u00e1 transformando poco a poco en un superhombre y tambi\u00e9n por su disciplina que est\u00e1 mostrando. Dentro de dos d\u00edas va a jugar el US Open y hoy d\u00eda, a pesar de haber ganado un t\u00edtulo, no va a poder celebrar mucho. \u00c9l no va a poder celebrar casi nada. Se va a tener que poner las pilas enseguida porque en dos d\u00edas viene uno de los torneos m\u00e1s importantes de del mundo.<\/p>\n<p itemprop=\"description\" class=\"sc__font-paragraph\"><b>\u2014\u00bfCu\u00e1ndo ves jugar a Nacho, a qui\u00e9n te recuerda? <\/b><\/p>\n<p itemprop=\"description\" class=\"sc__font-paragraph\">A Andy Murray con la gran diferencia de que Andy Murray fue n\u00famero uno del mundo debido a que era muy veloz, muy r\u00e1pido naturalmente. Y en eso, en esa explosi\u00f3n y en esa rapidez es lo que Ignacio todav\u00eda va a tener que mejorar para verlo muy parecido a Murray. Pero ese estilo de juego es parecido. <\/p>\n<p itemprop=\"description\" class=\"sc__font-paragraph\"><b>\u2014\u00bfQu\u00e9 podemos esperar de Nacho en el US Open? <\/b><\/p>\n<p itemprop=\"description\" class=\"sc__font-paragraph\">Curiosamente, muchos de los entendidos y mejores amigos m\u00edos y coaches y gente que est\u00e1 en la televisi\u00f3n dicen que a Buse, este tipo de superficie donde la cancha es r\u00e1pida, es en lo que m\u00e1s se va a destacar. Y te digo curiosamente porque hasta hace una semana todos nos pregunt\u00e1bamos cu\u00e1nto tiempo se va a tardar empezar a ganar partidos en esta superficie. \u00c9l est\u00e1 muy bien f\u00edsicamente, la final no fue tan exigente a nivel f\u00edsico y yo creo que tiene una muy buena posibilidad de avanzar hasta la tercera ronda. Eso es lo que a m\u00ed me gustar\u00eda. En la tercera ronda creo que se encontrar\u00eda con uno de los favoritos, pero me parece de que \u00e9l con la confianza que tiene y con el nivel de f\u00edsico con el que se encuentra ahora puede ganar varios partidos en el US Open y por qu\u00e9 no ponernos a so\u00f1ar a todos con un t\u00edtulo.<\/p>\n<p itemprop=\"description\" class=\"sc__font-paragraph\">********<\/p>\n<p>SOBRE EL AUTOR<\/p>\n<p>Periodista en Deporte Total de El Comercio desde 2018, el mismo a\u00f1o que Per\u00fa cumpli\u00f3 el sue\u00f1o de volver a un Mundial. Siete a\u00f1os en el diario con coberturas de Eliminatorias, Copa Am\u00e9rica, Mundial, Juegos Ol\u00edmpicos, Juegos Panamericanos, en vivo y streaming.  <a href=\"https:\/\/elcomercio.pe\/autor\/marco\/\" itemprop=\"url\" class=\"about-author_seemore\" rel=\"nofollow noopener\" target=\"_blank\">Ver m\u00e1s<\/a><\/p>\n","protected":false},"excerpt":{"rendered":"MIRA AQU\u00cd: \u00bfQu\u00e9 hace tan especial cada triunfo de Buse y por qu\u00e9 el tenis peruano puede vive&hellip;\n","protected":false},"author":2,"featured_media":743091,"comment_status":"","ping_status":"","sticky":false,"template":"","format":"standard","meta":{"footnotes":""},"categories":[274],"tags":[1691,35637,168,25,24,26625,131838,23,167,327,326,541,113529],"class_list":["post-743090","post","type-post","status-publish","format-standard","has-post-thumbnail","category-tenis","tag-atp","tag-buse","tag-deportes","tag-es","tag-espana","tag-ignacio-buse","tag-pablo-arraya","tag-spain","tag-sports","tag-tenis","tag-tennis","tag-us-open","tag-us-open-2026"],"share_on_mastodon":{"url":"https:\/\/pubeurope.com\/@es\/117198871805292194","error":""},"_links":{"self":[{"href":"https:\/\/www.europesays.com\/es\/wp-json\/wp\/v2\/posts\/743090","targetHints":{"allow":["GET"]}}],"collection":[{"href":"https:\/\/www.europesays.com\/es\/wp-json\/wp\/v2\/posts"}],"about":[{"href":"https:\/\/www.europesays.com\/es\/wp-json\/wp\/v2\/types\/post"}],"author":[{"embeddable":true,"href":"https:\/\/www.europesays.com\/es\/wp-json\/wp\/v2\/users\/2"}],"replies":[{"embeddable":true,"href":"https:\/\/www.europesays.com\/es\/wp-json\/wp\/v2\/comments?post=743090"}],"version-history":[{"count":0,"href":"https:\/\/www.europesays.com\/es\/wp-json\/wp\/v2\/posts\/743090\/revisions"}],"wp:featuredmedia":[{"embeddable":true,"href":"https:\/\/www.europesays.com\/es\/wp-json\/wp\/v2\/media\/743091"}],"wp:attachment":[{"href":"https:\/\/www.europesays.com\/es\/wp-json\/wp\/v2\/media?parent=743090"}],"wp:term":[{"taxonomy":"category","embeddable":true,"href":"https:\/\/www.europesays.com\/es\/wp-json\/wp\/v2\/categories?post=743090"},{"taxonomy":"post_tag","embeddable":true,"href":"https:\/\/www.europesays.com\/es\/wp-json\/wp\/v2\/tags?post=743090"}],"curies":[{"name":"wp","href":"https:\/\/api.w.org\/{rel}","templated":true}]}}