{"id":743106,"date":"2026-09-02T01:43:24","date_gmt":"2026-09-02T01:43:24","guid":{"rendered":"https:\/\/www.europesays.com\/es\/743106\/"},"modified":"2026-09-02T01:43:24","modified_gmt":"2026-09-02T01:43:24","slug":"el-sevilla-fc-cierra-su-mercado-de-fichajes-con-la-doble-incorporacion-del-ultimo-dia-y-el-sorpreson-final-de-fofana","status":"publish","type":"post","link":"https:\/\/www.europesays.com\/es\/743106\/","title":{"rendered":"El Sevilla FC cierra su mercado de fichajes con la doble incorporaci\u00f3n del \u00faltimo d\u00eda, y el sorpres\u00f3n final de Fofana"},"content":{"rendered":"<p><img decoding=\"async\" class=\"v-ath__i\" loading=\"lazy\" src=\"https:\/\/www.europesays.com\/es\/wp-content\/uploads\/2026\/09\/autor-6269-foto-5.jpeg\" alt=\"Nacho P\u00e9rez\"\/><\/p>\n<p>01\/09\/2026<\/p>\n<p>Actualizado 02\/09\/2026 &#8211; 00:47h.<\/p>\n<p class=\"v-d-p\" style=\"\">El mercado de fichajes veraniego para el <strong>Sevilla FC acab\u00f3 con sorpresa de \u00faltima hora<\/strong>. El equipo nervionense, cuya direcci\u00f3n deportiva lidera<strong> Jos\u00e9 Ignacio Navarro<\/strong>, ha cerrado 27 operaciones entre entradas y salidas incluyendo en esta cifra los casos de futbolistas que no ampliaron su vinculaci\u00f3n con el club o regresaron a sus equipos de sus cesiones tras haber estado a pr\u00e9stamo en el Sevilla. En el \u00faltimo d\u00eda del mercado de fichajes veraniego el Sevilla realiz\u00f3 tres movimientos siendo todos ellos de entrada. Aterrizaron a la vez en la ciudad <strong>Lucas Stassin<\/strong> y <strong>F\u00e9lix<\/strong><strong>Correia<\/strong> que se convirtieron en el noveno y el d\u00e9cimo fichaje del club nervionense, pero a escasos minutos para que se cerrara el mercado, el club anunci\u00f3 la incorporaci\u00f3n del centrocampista <strong>Youssouf Fofana<\/strong>.  <\/p>\n<p class=\"v-d-p\" style=\"\">El club nervionense dej\u00f3 pr\u00e1cticamente cerradas la incorporaci\u00f3n de los dos atacantes el lunes tal y como evidencia el hecho de que, tanto el delantero procedente del Saint-Ettiene como el extremo que llega desde el Lille, aterrizaran ya a mediod\u00eda en el aeropuerto de Sevilla. No obstante, antes de que se echara el tel\u00f3n al mercado, Jos\u00e9 Ignacio Navarro y su equipo de trabajo estuvieron intentando acometer el martes algunas operaciones m\u00e1s tanto de salida como de entrada. Busc\u00f3 la direcci\u00f3n deportiva cerrar alguna salida m\u00e1s que diera mayor margen para incorporar a otro futbolista m\u00e1s. Al frustrarse la salida de Rub\u00e9n Vargas, tampoco conseguir sacar a Marcao y no encontrarle acomodo a Fabio Cardoso (\u00fanico descarte inicial que se queda en el equipo) se le ense\u00f1\u00f3 la puerta de salida al canterano Manu Bueno, pero con tan poco tiempo por delante, el jerezano no encontr\u00f3 una salida convincente y no solo permanecer\u00e1 en la plantilla, si no que tendr\u00e1 ficha y dorsal del primer equipo. <\/p>\n<p class=\"v-d-p\" style=\"\">Todo hac\u00eda indicar que el club no har\u00eda m\u00e1s movimientos. Permanec\u00eda atento a las posibilidades que le pudiera brindar el mercado, pero no terminaba de encontrar ninguna opci\u00f3n que le terminase de convencer. Se buscaba un pivote pese a que hubo ofrecimientos de futbolistas que suelen ocupar otras demarcaciones. El neerland\u00e9s Melayro Bogarde (jugador del LASK Linz austriaco), era una de las opciones en las que el club hab\u00eda estado trabajando, pero no cuajaba. Y a \u00faltima hora apareci\u00f3 la opci\u00f3n de firmar a Youssouf Fofana como cedido y sin opci\u00f3n de compra. El futbolista de 27 a\u00f1os se encaminaba a regresar a Francia para jugar en el Olympique de Lyon, pero la operaci\u00f3n se trunc\u00f3 y el Sevilla se lanz\u00f3 consiguiendo sobre la bocina su und\u00e9cimo y \u00faltimo fichaje.<\/p>\n<p>\nUna ficha sin ocupar\n<\/p>\n<p class=\"v-d-p\" style=\"\">De este modo, la plantilla del Sevilla tendr\u00e1, hasta que en enero se vuelva a abrir la posibilidad de hacer fichajes, a 24 futbolistas con ficha y dorsal del primer equipo qued\u00e1ndose una plaza libre. El elenco completo ser\u00e1 el siguiente: Vlachodimos, Fran Gonz\u00e1lez, Kike Salas, Sangante, Castr\u00edn, Marcao, Cardoso, Suazo, Julio D\u00edaz, Carmona, Juan Iglesias, Agoum\u00e9, Kochorashvili, Guridi, Manu Bueno, Fofana, Rub\u00e9n Vargas, Correia, Ejuke, Alfon, Peque, Stassin, Robbie Ure e Isaac Romero. Se espera que en cualquier caso los futbolistas de la cantera, tal y como ha venido ocurriendo en las primeras jornadas y tambi\u00e9n durante el pasado curso, sigan aportando al equipo dirigido por Luis Garc\u00eda Plaza. <\/p>\n","protected":false},"excerpt":{"rendered":"01\/09\/2026 Actualizado 02\/09\/2026 &#8211; 00:47h. El mercado de fichajes veraniego para el Sevilla FC acab\u00f3 con sorpresa de&hellip;\n","protected":false},"author":2,"featured_media":743107,"comment_status":"","ping_status":"","sticky":false,"template":"","format":"standard","meta":{"footnotes":""},"categories":[93],"tags":[500,168,978,7537,25,24,285,13058,1239,7791,1171,23,167,3667],"class_list":["post-743106","post","type-post","status-publish","format-standard","has-post-thumbnail","category-deportes","tag-cierra","tag-deportes","tag-dia","tag-doble","tag-es","tag-espana","tag-fichajes","tag-incorporacion","tag-mercado","tag-salidas","tag-sevilla","tag-spain","tag-sports","tag-ultimo"],"share_on_mastodon":{"url":"https:\/\/pubeurope.com\/@es\/117198914966080427","error":""},"_links":{"self":[{"href":"https:\/\/www.europesays.com\/es\/wp-json\/wp\/v2\/posts\/743106","targetHints":{"allow":["GET"]}}],"collection":[{"href":"https:\/\/www.europesays.com\/es\/wp-json\/wp\/v2\/posts"}],"about":[{"href":"https:\/\/www.europesays.com\/es\/wp-json\/wp\/v2\/types\/post"}],"author":[{"embeddable":true,"href":"https:\/\/www.europesays.com\/es\/wp-json\/wp\/v2\/users\/2"}],"replies":[{"embeddable":true,"href":"https:\/\/www.europesays.com\/es\/wp-json\/wp\/v2\/comments?post=743106"}],"version-history":[{"count":0,"href":"https:\/\/www.europesays.com\/es\/wp-json\/wp\/v2\/posts\/743106\/revisions"}],"wp:featuredmedia":[{"embeddable":true,"href":"https:\/\/www.europesays.com\/es\/wp-json\/wp\/v2\/media\/743107"}],"wp:attachment":[{"href":"https:\/\/www.europesays.com\/es\/wp-json\/wp\/v2\/media?parent=743106"}],"wp:term":[{"taxonomy":"category","embeddable":true,"href":"https:\/\/www.europesays.com\/es\/wp-json\/wp\/v2\/categories?post=743106"},{"taxonomy":"post_tag","embeddable":true,"href":"https:\/\/www.europesays.com\/es\/wp-json\/wp\/v2\/tags?post=743106"}],"curies":[{"name":"wp","href":"https:\/\/api.w.org\/{rel}","templated":true}]}}