{"id":743110,"date":"2026-09-02T01:45:17","date_gmt":"2026-09-02T01:45:17","guid":{"rendered":"https:\/\/www.europesays.com\/es\/743110\/"},"modified":"2026-09-02T01:45:17","modified_gmt":"2026-09-02T01:45:17","slug":"enric-auquer-espana-se-ha-radicalizado-muchisimo-mira-ceuta","status":"publish","type":"post","link":"https:\/\/www.europesays.com\/es\/743110\/","title":{"rendered":"Enric Auquer: \u00abEspa\u00f1a se ha radicalizado much\u00edsimo, mira Ceuta\u00bb"},"content":{"rendered":"<p><img decoding=\"async\" class=\"v-ath__i\" loading=\"lazy\" src=\"https:\/\/www.europesays.com\/es\/wp-content\/uploads\/2026\/09\/1788313517_717_autor-5497-foto-3.jpeg\" alt=\"Agencia Europa Press\"\/><\/p>\n<p>01\/09\/2026 a las 18:25h.<\/p>\n<p class=\"v-d-p\" style=\"\">El actor Enric Auquer protagoniza el largometraje &#8216;CRONOS&#8217;, sobre los atentados del 17-A de 2017 en Barcelona y Cambrils. En ese sentido, el catal\u00e1n  &#8230; considera que desde entonces Espa\u00f1a se ha \u00abradicalizado much\u00edsimo\u00bb y ha puesto el ejemplo de lo sucedido en la ciudad de Ceuta. \u00abEspa\u00f1a se ha radicalizado much\u00edsimo, mira a Ceuta ahora, mira a (S\u00edlvia) Orriols, mira a Vox. Todo lo que se genera son discursos de odio y culpar al otro de no hacer una revisi\u00f3n de tu propio privilegio, de c\u00f3mo t\u00fa gestionas. Eso acabar\u00e1 generando m\u00e1s odio, m\u00e1s violencia, m\u00e1s dolor, incluso m\u00e1s muerte\u00bb, ha asegurado al ser preguntado por en una entrevista con Europa Press sobre el se\u00f1alamiento que sufri\u00f3 la comunidad isl\u00e1mica en Espa\u00f1a tras los atentados.<\/p>\n","protected":false},"excerpt":{"rendered":"01\/09\/2026 a las 18:25h. El actor Enric Auquer protagoniza el largometraje &#8216;CRONOS&#8217;, sobre los atentados del 17-A de&hellip;\n","protected":false},"author":2,"featured_media":743111,"comment_status":"","ping_status":"","sticky":false,"template":"","format":"standard","meta":{"footnotes":""},"categories":[91],"tags":[73670,4486,4021,146,147,25,2586,24,32488,131846,131845,23],"class_list":["post-743110","post","type-post","status-publish","format-standard","has-post-thumbnail","category-entretenimiento","tag-auquer","tag-ceuta","tag-enric","tag-entertainment","tag-entretenimiento","tag-es","tag-espaa","tag-espana","tag-mira","tag-muchsimo","tag-radicalizado","tag-spain"],"share_on_mastodon":{"url":"https:\/\/pubeurope.com\/@es\/117198922756599317","error":""},"_links":{"self":[{"href":"https:\/\/www.europesays.com\/es\/wp-json\/wp\/v2\/posts\/743110","targetHints":{"allow":["GET"]}}],"collection":[{"href":"https:\/\/www.europesays.com\/es\/wp-json\/wp\/v2\/posts"}],"about":[{"href":"https:\/\/www.europesays.com\/es\/wp-json\/wp\/v2\/types\/post"}],"author":[{"embeddable":true,"href":"https:\/\/www.europesays.com\/es\/wp-json\/wp\/v2\/users\/2"}],"replies":[{"embeddable":true,"href":"https:\/\/www.europesays.com\/es\/wp-json\/wp\/v2\/comments?post=743110"}],"version-history":[{"count":0,"href":"https:\/\/www.europesays.com\/es\/wp-json\/wp\/v2\/posts\/743110\/revisions"}],"wp:featuredmedia":[{"embeddable":true,"href":"https:\/\/www.europesays.com\/es\/wp-json\/wp\/v2\/media\/743111"}],"wp:attachment":[{"href":"https:\/\/www.europesays.com\/es\/wp-json\/wp\/v2\/media?parent=743110"}],"wp:term":[{"taxonomy":"category","embeddable":true,"href":"https:\/\/www.europesays.com\/es\/wp-json\/wp\/v2\/categories?post=743110"},{"taxonomy":"post_tag","embeddable":true,"href":"https:\/\/www.europesays.com\/es\/wp-json\/wp\/v2\/tags?post=743110"}],"curies":[{"name":"wp","href":"https:\/\/api.w.org\/{rel}","templated":true}]}}