{"id":743112,"date":"2026-09-02T01:46:22","date_gmt":"2026-09-02T01:46:22","guid":{"rendered":"https:\/\/www.europesays.com\/es\/743112\/"},"modified":"2026-09-02T01:46:22","modified_gmt":"2026-09-02T01:46:22","slug":"karmela-padavic-callaghan-fisica-einstein-pensaba-que-la-dilatacion-del-tiempo-era-real-y-a-la-vez-irreal-tenia-razon","status":"publish","type":"post","link":"https:\/\/www.europesays.com\/es\/743112\/","title":{"rendered":"Karmela Padavic-Callaghan, f\u00edsica: \u00abEinstein pensaba que la dilataci\u00f3n del tiempo era real y a la vez irreal; ten\u00eda raz\u00f3n\u00bb"},"content":{"rendered":"<p class=\"description\"><b>Ampliamos nuestra mejor oferta:<\/b> consigue acceso ilimitado a National Geographic por solo <b>0,75\u20ac\/mes + REGALO<\/b>. \u00a1No te quedes sin!<\/p>\n<p class=\"description\">Disfruta de las <b>ediciones especiales<\/b> de National Geographic con un <b>descuento especial exclusivo para suscriptores<\/b>.<\/p>\n<p>El <a href=\"https:\/\/www.nationalgeographic.com.es\/ciencia\/atrevida-idea-que-tiempo-no-existe-y-como-se-podria-demostrar_27369\" rel=\"nofollow noopener\" target=\"_blank\">tiempo<\/a> es una de nuestras mayores obsesiones (quiz\u00e1 la mayor). Unas veces parece pasar muy despacio, como cuando esperamos en la cola del supermercado o <strong>a que llegue nuestro turno en el m\u00e9dico<\/strong> y, en otras ocasiones, parece pasar volando cuando estamos absortos en una buena charla o con nuestra persona favorita.<\/p>\n<p>Sin embargo, <strong>m\u00e1s all\u00e1 de nuestra percepci\u00f3n psicol\u00f3gica, el tiempo f\u00edsico tambi\u00e9n se deforma<\/strong>. Seg\u00fan la teor\u00eda de la relatividad de <a href=\"https:\/\/historia.nationalgeographic.com.es\/personajes\/einstein\" rel=\"nofollow noopener\" target=\"_blank\">Albert Einstein,<\/a> formulada a principios del siglo XX, los relojes marcan el tiempo m\u00e1s lentamente cuanto m\u00e1s r\u00e1pido viajan o m\u00e1s cerca est\u00e1n de una masa gravitatoria masiva.<\/p>\n<p>Si bien es una realidad emp\u00edrica, la naturaleza de esta dilataci\u00f3n temporal ha generado numerosos (y un tanto acalorados) debates desde 1905. \u00bfEs un cambio f\u00edsico real en los \u00e1tomos de un reloj, o es simplemente un efecto de la perspectiva del observador? La f\u00edsica croata <strong>Karmela Padavic-Callaghan\u00a0<\/strong><a href=\"https:\/\/www.newscientist.com\/article\/2586888-einstein-thought-time-dilation-was-both-real-and-not-he-was-right\" rel=\"nofollow noopener\" target=\"_blank\">ha explorado recientemente<\/a> esta paradoja, d\u00e1ndole la raz\u00f3n a Einstein, quien \u00abpensaba que la dilataci\u00f3n del tiempo era real y a la vez irreal\u00bb. Como ella misma confiesa al enfrentarse a este rompecabezas \u00absiendo estudiante de f\u00edsica moderna, <strong>no me sorprende necesariamente este duelo un tanto frustrante entre las palabras &#8216;aparente&#8217; y &#8216;real'\u00bb.<\/strong><\/p>\n<p>&#13;<img loading=\"lazy\" decoding=\"async\"   src=\"https:\/\/www.europesays.com\/es\/wp-content\/uploads\/2026\/09\/1788313581_347_vecinos-y-equipos-de-rescate-registran-los-escombros-de-un-edificio-derrumbado-tras-el-terremoto-que.webp\" alt=\"Vecinos y equipos de rescate registran los escombros de un edificio derrumbado tras el terremoto que sacudi\u00f3 Cali (Colombia) el lunes 10 de agosto de 2026.\" class=\"image lazyload\" width=\"800\" height=\"800\" data-aspectratio=\"800\/800\"\/>El tiempo no es absoluto: la genialidad de Einstein<\/p>\n<p>Antes de Einstein,<strong> el universo se reg\u00eda por las leyes de <a href=\"https:\/\/historia.nationalgeographic.com.es\/a\/isaac-newton-cientifico-y-alquimista_10246\" rel=\"nofollow noopener\" target=\"_blank\">Newton<\/a>,<\/strong> donde el tiempo era un tel\u00f3n de fondo absoluto e inmutable. Un segundo en la Tierra era exactamente igual a un segundo en el rinc\u00f3n m\u00e1s alejado del cosmos. Sin embargo, Einstein, bas\u00e1ndose en las ecuaciones del electromagnetismo del cient\u00edfico brit\u00e1nico <strong>James Clerk Maxwell<\/strong>, se dio cuenta de que la velocidad de la luz en el vac\u00edo (unos 300.000 km\/s) es siempre constante, independientemente de lo r\u00e1pido que se mueva el observador. <strong>Si la velocidad de la luz no cambia, algo m\u00e1s tiene que pasar, o m\u00e1s bien, ceder. Y ese \u00abalgo\u00bb es el espacio-tiempo.<\/strong><\/p>\n<p>Imagina un reloj de luz: dos espejos paralelos donde un fot\u00f3n rebota de arriba a abajo. Si ese reloj viaja en una nave espacial a velocidades cercanas a la de la luz, un observador en la Tierra ver\u00e1 que el fot\u00f3n tiene que trazar una l\u00ednea diagonal (m\u00e1s larga) para alcanzar el espejo en movimiento. <strong>Como la luz no puede acelerar para cubrir esa distancia extra, el tiempo debe ralentizarse. <\/strong><\/p>\n<p>Para el viajero, el tiempo pasa m\u00e1s despacio que para su amigo que se ha quedado en la Tierra. Es el mismo ejemplo que pondr\u00edamos en un enorme rascacielos: <strong>el tiempo transcurre m\u00e1s r\u00e1pido en la planta alta de un rascacielos que en la planta baja<\/strong>, porque la <a href=\"https:\/\/www.nationalgeographic.com.es\/ciencia\/fuerza-gravedad-asi-actua-interior-planeta_20445\" rel=\"nofollow noopener\" target=\"_blank\">gravedad<\/a> de la Tierra es ligeramente m\u00e1s intensa en la base del edificio (al estar m\u00e1s cerca del centro del planeta). Del mismo modo, un reloj situado a menor altitud, como ocurre al nivel del mar, transcurre ligeramente m\u00e1s despacio que otro ubicado a mayor altura, por ejemplo, en la cima de una gran monta\u00f1a.<\/p>\n<p><img loading=\"lazy\" decoding=\"async\"   src=\"https:\/\/www.europesays.com\/es\/wp-content\/uploads\/2026\/09\/dilatacion-temporal_e9a5ebbb_260901114702_800x450.webp\" alt=\"dilatacion temporal\" class=\"lazyload\" width=\"800\" height=\"450\" data-aspectratio=\"800\/450\"\/>&#13;iStock<br \/>\n\u00bfReal o aparente? El debate hist\u00f3rico con Johannes Stark<\/p>\n<p>Si el tiempo se ralentiza para el viajero, <strong>\u00bfest\u00e1n cambiando f\u00edsicamente los \u00e1tomos de su cuerpo y de su reloj? <\/strong>En 1906, Einstein debati\u00f3 precisamente esto con el f\u00edsico Johannes Stark quien estudiaba \u00e1tomos cargados que se mov\u00edan r\u00e1pidamente y pensaba que, al moverse, algo dentro del propio \u00e1tomo cambiaba f\u00edsicamente. Einstein lo rechaz\u00f3 de plano. <strong>Postul\u00f3 que los \u00e1tomos siguen siendo exactamente los mismos<\/strong> y que su funcionamiento interno no se ve afectado por el movimiento. La dilataci\u00f3n del tiempo era la \u00fanica explicaci\u00f3n.<\/p>\n<p>Tal y como reflexiona Padavic-Callaghan sobre este choque hist\u00f3rico entre f\u00edsica y filosof\u00eda: \u00abDebajo de la espinosa cuesti\u00f3n de si la dilataci\u00f3n del tiempo es real se esconde otra, a\u00fan m\u00e1s espinosa y filos\u00f3fica:<strong> \u00bfqu\u00e9 significa ser real?\u00bb<\/strong>.<\/p>\n<p>Relojes, naves espaciales y la prueba del GPS<\/p>\n<p>A pesar de las dudas filos\u00f3ficas de sus contempor\u00e1neos, la dilataci\u00f3n del tiempo es innegablemente real en sus efectos pr\u00e1cticos. Y <strong>no necesitamos viajar a la velocidad de la luz para comprobarlo.<\/strong><\/p>\n<p>El ejemplo m\u00e1s claro lo llevamos en el bolsillo. Los sat\u00e9lites del <strong>sistema GPS<\/strong> orbitan la Tierra a unos 14.000 km\/h. Debido a su velocidad (relatividad especial), sus relojes at\u00f3micos se retrasan unos 7 microsegundos al d\u00eda respecto a los de la Tierra. Al mismo tiempo, al estar m\u00e1s lejos de la gravedad terrestre, se adelantan unos 45 microsegundos. Si los ingenieros no corrigieran esta diferencia neta de 38 microsegundos diarios, nuestros sistemas de navegaci\u00f3n fallar\u00edan por kil\u00f3metros en cuesti\u00f3n de horas.<\/p>\n<p><img loading=\"lazy\" decoding=\"async\"   src=\"https:\/\/www.europesays.com\/es\/wp-content\/uploads\/2026\/09\/dilatacion-temporal_8ace24fb_260901132327_800x535.webp\" alt=\"dilatacion temporal\" class=\"lazyload\" width=\"800\" height=\"535\" data-aspectratio=\"800\/535\"\/>&#13;iStock<\/p>\n<p>Los astronautas a bordo de la ISS, por ejemplo, envejecen un poco menos que las personas en la Tierra debido a sus altas velocidades y a los efectos de la dilataci\u00f3n del tiempo.<\/p>\n<p>Entonces, \u00bften\u00eda raz\u00f3n Einstein al decir que no cambia nada en el \u00e1tomo, pero el tiempo s\u00ed se dilata? Absolutamente. <strong>La dilataci\u00f3n del tiempo es \u00abirreal\u00bb en el sentido de que no altera la maquinaria interna de la materia, pero es tremendamente \u00abreal\u00bb porque sus efectos son medibles<\/strong>\u00a0y universales. Al final, el universo nos demuestra que la realidad no es blanca o negra, y que nuestra intuici\u00f3n cotidiana no sirve para explicar el cosmos.<\/p>\n<p>Padavic-Callaghan lo resume a la perfecci\u00f3n trazando un paralelismo con el mundo subat\u00f3mico: \u00abLa teor\u00eda cu\u00e1ntica, que rige todas las cosas diminutas y fr\u00edas, me ense\u00f1\u00f3 que no siempre puedo esperar que una sola cosa sobre un objeto sea inequ\u00edvocamente cierta a la vez&#8230; La relatividad especial puede estar ense\u00f1\u00e1ndome una lecci\u00f3n similar sobre el tiempo\u00bb.<\/p>\n","protected":false},"excerpt":{"rendered":"Ampliamos nuestra mejor oferta: consigue acceso ilimitado a National Geographic por solo 0,75\u20ac\/mes + REGALO. \u00a1No te quedes&hellip;\n","protected":false},"author":2,"featured_media":743113,"comment_status":"","ping_status":"","sticky":false,"template":"","format":"standard","meta":{"footnotes":""},"categories":[81],"tags":[13411,119,123,124,25,24,8450,117,121,122,23,118,120,125371,159],"class_list":["post-743112","post","type-post","status-publish","format-standard","has-post-thumbnail","category-ciencia-y-tecnologia","tag-albert-einstein","tag-ciencia","tag-ciencia-y-tecnologia","tag-cienciaytecnologia","tag-es","tag-espana","tag-fisica","tag-science","tag-science-and-technology","tag-scienceandtechnology","tag-spain","tag-technology","tag-tecnologia","tag-teoria-de-la-relatividad","tag-tiempo"],"share_on_mastodon":{"url":"https:\/\/pubeurope.com\/@es\/117198926493168181","error":""},"_links":{"self":[{"href":"https:\/\/www.europesays.com\/es\/wp-json\/wp\/v2\/posts\/743112","targetHints":{"allow":["GET"]}}],"collection":[{"href":"https:\/\/www.europesays.com\/es\/wp-json\/wp\/v2\/posts"}],"about":[{"href":"https:\/\/www.europesays.com\/es\/wp-json\/wp\/v2\/types\/post"}],"author":[{"embeddable":true,"href":"https:\/\/www.europesays.com\/es\/wp-json\/wp\/v2\/users\/2"}],"replies":[{"embeddable":true,"href":"https:\/\/www.europesays.com\/es\/wp-json\/wp\/v2\/comments?post=743112"}],"version-history":[{"count":0,"href":"https:\/\/www.europesays.com\/es\/wp-json\/wp\/v2\/posts\/743112\/revisions"}],"wp:featuredmedia":[{"embeddable":true,"href":"https:\/\/www.europesays.com\/es\/wp-json\/wp\/v2\/media\/743113"}],"wp:attachment":[{"href":"https:\/\/www.europesays.com\/es\/wp-json\/wp\/v2\/media?parent=743112"}],"wp:term":[{"taxonomy":"category","embeddable":true,"href":"https:\/\/www.europesays.com\/es\/wp-json\/wp\/v2\/categories?post=743112"},{"taxonomy":"post_tag","embeddable":true,"href":"https:\/\/www.europesays.com\/es\/wp-json\/wp\/v2\/tags?post=743112"}],"curies":[{"name":"wp","href":"https:\/\/api.w.org\/{rel}","templated":true}]}}