{"id":743128,"date":"2026-09-02T02:00:16","date_gmt":"2026-09-02T02:00:16","guid":{"rendered":"https:\/\/www.europesays.com\/es\/743128\/"},"modified":"2026-09-02T02:00:16","modified_gmt":"2026-09-02T02:00:16","slug":"enzo-fernandez-la-traca-final-del-mercado-el-city-se-gasta-400-millones-para-sustituir-a-rodri","status":"publish","type":"post","link":"https:\/\/www.europesays.com\/es\/743128\/","title":{"rendered":"Enzo Fern\u00e1ndez, la traca final del mercado: el City se gasta 400 millones para sustituir a Rodri"},"content":{"rendered":"<p class=\"ft-text\">Dejar los deberes para \u00faltima hora no siempre es sin\u00f3nimo de cat\u00e1strofe. En el \u00e1mbito futbol\u00edstico, de hecho, suele ser habitual cerrar fichajes casi sobre la bocina, bien porque las negociaciones se alargan m\u00e1s de lo previsto, bien porque apurar los plazos permite abaratar el precio de una operaci\u00f3n. Esta ventana de transferencias estival no iba a ser menos. Pasar\u00e1 a la historia como uno de los mercados m\u00e1s imprevisibles de los \u00faltimos tiempos, marcado por constantes <strong>giros de guion y un gasto r\u00e9cord.<\/strong><\/p>\n<p class=\"ft-text\">Este dato es un disparate: <strong>ocho <\/strong>de los <strong>30 <\/strong>fichajes m\u00e1s caros de la historia se han realizado este verano. Y s\u00ed, para sorpresa de nadie, siete han ido a parar a clubes de la <strong>Premier League: Enzo Fern\u00e1ndez <\/strong>(Manchester City, 146), <strong>Morgan Rogers<\/strong> (Chelsea, 138), <strong>Elliot Anderson<\/strong> (Manchester City, 135), <a class=\"ft-link ft-link--decoration\" href=\"https:\/\/www.sport.es\/es\/noticias\/premier-league\/psg-exprime-liverpool-barcola-145-133808908\" rel=\"nofollow noopener\" target=\"_blank\"><strong>Bradley Barcola<\/strong><\/a> (Liverpool, 125), <strong>Sandro Tonali <\/strong>(Tottenham, 108), <strong>Mateus Fernandes<\/strong> (Tottenham, 99) y <strong>Ayyoub Bouaddi <\/strong>(Manchester City, 95).<a class=\"ft-link ft-link--decoration\" href=\"https:\/\/www.sport.es\/es\/noticias\/real-madrid\/mourinho-diomande-precio-133788183\" rel=\"nofollow noopener\" target=\"_blank\"><strong> Yan Diomande<\/strong><\/a>, traspaso m\u00e1s caro de la historia del <strong>Real Madrid<\/strong>, dej\u00f3 <strong>125 <\/strong>millones &#8211; m\u00e1s unos <strong>15 <\/strong>en variables &#8211; en las arcas del <strong>RB Leipzig.<\/strong><\/p>\n<p class=\"ft-text\"><strong>Manchester City, Chelsea y Tottenham<\/strong> &#8211; sin menospreciar a un Liverpool que rompi\u00f3 la banca por <strong>Barcola <\/strong>&#8211; se llevan la palma. La <strong>Premier<\/strong>, por si no hab\u00eda quedado claro ya, juega en otra liga. \u00bfCu\u00e1ntos traspasos por encima de los <strong>100 <\/strong>millones habremos visto en Inglaterra este verano? Y, cuando parec\u00eda que ya no quedaba espacio para otra locura, lleg\u00f3 la traca final: <strong>Enzo Fern\u00e1ndez<\/strong> puso rumbo al <strong>Manchester City<\/strong> por <strong>146 <\/strong>millones, convirtiendo el \u00faltimo d\u00eda de mercado en el broche perfecto para un verano de aut\u00e9ntico desenfreno econ\u00f3mico. <\/p>\n<p>400 millones para sustituir a Rodri<\/p>\n<p class=\"ft-text\">El argentino, que solo quer\u00eda vestir la camiseta &#8216;skyblue&#8217;, se sale finalmente con la suya para convertirse en el cuarto fichaje m\u00e1s caro de la historia del f\u00fatbol. Hace realidad su deseo de reencontrarse con <strong>Enzo Maresca <\/strong>en M\u00e1nchester despu\u00e9s de ser abucheado por la hinchada &#8216;blue&#8217; y de que<strong> Xabi Alonso<\/strong> le dejase fuera de la convocatoria de Carabao Cup. <\/p>\n<p class=\"ft-text\"><strong>Enzo <\/strong>se despidi\u00f3 del Chelsea tras tres a\u00f1os y medio y dos t\u00edtulos en sus redes sociales: <strong>\u00abEstos d\u00edas no han sido f\u00e1ciles para m\u00ed.<\/strong> Escribir esto tampoco me resulta f\u00e1cil. La verdad es que no he estado pasando por un buen momento. El Chelsea siempre tendr\u00e1 un lugar en mis pensamientos y, sobre todo, en mi coraz\u00f3n\u00bb.<\/p>\n<p class=\"ft-text\">La entidad mancuniana no tiene al sustituto de <strong>Rodri<\/strong>, sino tres: <strong>Anderson, Bouaddi y Enzo<\/strong>. Por la friolera de casi <strong>400 <\/strong>millones de euros. A priori, un centro del campo de primer nivel, con talento, m\u00fasculo y potencial. Habr\u00e1 que ver c\u00f3mo hace encajar las piezas Maresca. <\/p>\n<p class=\"ft-text\">Antes de anunciar al internacional argentino, por cierto, el <strong>City <\/strong>dio la bienvenida a<strong> Iliman Ndiaye<\/strong>, procedente del <strong>Everton <\/strong>a cambio de <strong>75 <\/strong>millones de euros. El <strong>Liverpool <\/strong>rechaz\u00f3 la oferta de <strong>100 <\/strong>millones por <strong>Gakpo <\/strong>y los &#8216;skyblues&#8217; se lanzaron a por el extremo senegal\u00e9s, una de las caras visibles de los &#8216;toffees&#8217;.<\/p>\n<p>Un modo carrera en la vida real<\/p>\n<p class=\"ft-text\"><strong>Enzo <\/strong>es la guinda de un mercado m\u00e1s propio de un modo carrera que del f\u00fatbol real. A <strong>Aubameyang <\/strong>&#8211; o &#8216;Aurameyang&#8217; -, fichaje estrella del <strong>D\u00e9por<\/strong>, se suman <a class=\"ft-link ft-link--decoration\" href=\"https:\/\/www.sport.es\/es\/noticias\/barca\/oficial-marc-casado-cedido-deportivo-133829760\" rel=\"nofollow noopener\" target=\"_blank\"><strong>Marc Casad\u00f3<\/strong><\/a><strong> <\/strong>(cedido) y <strong>Jos\u00e9 Mar\u00eda Gim\u00e9nez<\/strong>. <strong>Harvey Elliot<\/strong>, canterano &#8216;red&#8217;, jugar\u00e1 prestado en el <strong>Valencia <\/strong>hasta final de temporada. <strong>Carlos Mart\u00edn y Mikel Goti <\/strong>se marchan cedidos a <strong>Almer\u00eda y Oviedo,<\/strong> respectivamente. <strong>Lemar <\/strong>deja el <strong>Atl\u00e9tico <\/strong>y refuerza al <strong>Elche<\/strong>.<\/p>\n<p class=\"ft-text\">Por otro lado, el <strong>Racing <\/strong>comunic\u00f3 la marcha del colombiano <strong>Gustavo Puerta<\/strong> al <strong>Olympiacos<\/strong>, que abon\u00f3 su cl\u00e1usula de rescisi\u00f3n, estimada en <strong>20 <\/strong>millones de euros. <strong>Jean-Clair Todibo,<\/strong> viejo conocido cul\u00e9, jugar\u00e1 cedido por e<strong>l West Ham <\/strong>en Francia, en el <strong>Lens<\/strong>. <\/p>\n<p class=\"ft-text\"><strong>Robert S\u00e1nchez <\/strong>deja el <strong>Chelsea <\/strong>despu\u00e9s de ser relegado al banquillo tras la llegada del <strong>Dibu <\/strong>y se pone a las \u00f3rdenes de<strong> Cesc F\u00e0bregas.<\/strong> A pr\u00e9stamo tambi\u00e9n se marcharon <strong>Mudryk <\/strong>y <strong>Grealish<\/strong>, a <strong>Tottenham <\/strong>y <strong>Everton<\/strong>, respectivamente. <strong>Ethan Nwaneri,<\/strong> promesa &#8216;gunner&#8217;, se foguear\u00e1 este curso en el <strong>Dortmund<\/strong>.<\/p>\n<p>Competencia para Juli\u00e1n<\/p>\n<p class=\"ft-text\">La guinda de <strong>Mateu Alemany<\/strong> fue <a class=\"ft-link ft-link--decoration\" href=\"https:\/\/www.sport.es\/es\/noticias\/atletico-de-madrid\/oficial-jonathan-david-competencia-julian-133849959\" rel=\"nofollow noopener\" target=\"_blank\"><strong>Jonathan David<\/strong><\/a>, &#8216;9&#8217; que estuvo en la agenda de <strong>Deco<\/strong> el pasado verano tras dejar el <strong>Lille<\/strong>. El canadiense, de 26 a\u00f1os, aterriza en el <strong>Metropolitano <\/strong>procedente de la <strong>Juventus <\/strong>en calidad de cedido. <\/p>\n<p class=\"ft-text\">Llega como competencia directa de <strong>Juli\u00e1n \u00c1lvarez<\/strong>, quien sigue en el ojo del hurac\u00e1n despu\u00e9s de su frustrado fichaje por el <strong>Bar\u00e7a <\/strong>este verano. La llegada de <strong>Woltemade <\/strong>a <strong>Tur\u00edn<\/strong>, tambi\u00e9n cedido, dio luz verde a la operaci\u00f3n.<\/p>\n<p class=\"ft-text\">Eso s\u00ed, pueden ser compatibles. La &#8216;Ara\u00f1a&#8217; es un delantero mucho m\u00e1s m\u00f3vil que el canadiense, algo m\u00e1s rematador que asociativo. Los n\u00fameros de <strong>David <\/strong>esta temporada han sido m\u00e1s bien discretos, pero demostr\u00f3 tener un olfato goleador letal durante su etapa en el <strong>Lille<\/strong>.<\/p>\n<p>Cambio de cromos en Cornell\u00e0<\/p>\n<p class=\"ft-text\">En clave perica, <strong>Monchi <\/strong>realiza un cambio de cromos en el lateral derecho para cerrar una ventana de transferencias con hasta siete fichajes: <strong>Andoni Gorosabel <\/strong>por <strong>Rub\u00e9n S\u00e1nchez<\/strong>. El catal\u00e1n quer\u00eda marcharse del <strong>Espanyol <\/strong>y, adem\u00e1s, no contaba para <strong>Manolo Gonz\u00e1lez<\/strong>, por lo que fue traspasado al <strong>Elche<\/strong>. Su reemplazo es el canterano de la <strong>Real Sociedad <\/strong>y ex del <strong>Alav\u00e9s<\/strong>, que se qued\u00f3 sin hueco en el carril derecho y llega cedido hasta final de curso.<\/p>\n<p>Ceballos, nueve a\u00f1os despu\u00e9s<\/p>\n<p class=\"ft-text\">Uno de los movimientos m\u00e1s sonados del verano es, al fin, realidad: <strong>Dani Ceballos<\/strong> volver\u00e1 al <strong>Real Betis<\/strong> nueve a\u00f1os despu\u00e9s. Lo har\u00e1 como agente libre tras casi dos meses de espera, los que pasaron desde que el <strong>Madrid <\/strong>anunciase el acuerdo de rescisi\u00f3n del a\u00f1o de contrato que ten\u00eda firmado con el conjunto blanco. El traspaso de <strong>Pablo Garc\u00eda<\/strong> al <strong>Racing<\/strong>, clave.<\/p>\n","protected":false},"excerpt":{"rendered":"Dejar los deberes para \u00faltima hora no siempre es sin\u00f3nimo de cat\u00e1strofe. En el \u00e1mbito futbol\u00edstico, de hecho,&hellip;\n","protected":false},"author":2,"featured_media":743129,"comment_status":"","ping_status":"","sticky":false,"template":"","format":"standard","meta":{"footnotes":""},"categories":[268],"tags":[168,67731,25,24,10994,1058,280,282,1239,9890,281,23,167,90081],"class_list":["post-743128","post","type-post","status-publish","format-standard","has-post-thumbnail","category-futbol","tag-deportes","tag-enzo","tag-es","tag-espana","tag-fernandez","tag-final","tag-football","tag-futbol","tag-mercado","tag-mercado-fichajes","tag-soccer","tag-spain","tag-sports","tag-traca"],"share_on_mastodon":{"url":"https:\/\/pubeurope.com\/@es\/117198980839977727","error":""},"_links":{"self":[{"href":"https:\/\/www.europesays.com\/es\/wp-json\/wp\/v2\/posts\/743128","targetHints":{"allow":["GET"]}}],"collection":[{"href":"https:\/\/www.europesays.com\/es\/wp-json\/wp\/v2\/posts"}],"about":[{"href":"https:\/\/www.europesays.com\/es\/wp-json\/wp\/v2\/types\/post"}],"author":[{"embeddable":true,"href":"https:\/\/www.europesays.com\/es\/wp-json\/wp\/v2\/users\/2"}],"replies":[{"embeddable":true,"href":"https:\/\/www.europesays.com\/es\/wp-json\/wp\/v2\/comments?post=743128"}],"version-history":[{"count":0,"href":"https:\/\/www.europesays.com\/es\/wp-json\/wp\/v2\/posts\/743128\/revisions"}],"wp:featuredmedia":[{"embeddable":true,"href":"https:\/\/www.europesays.com\/es\/wp-json\/wp\/v2\/media\/743129"}],"wp:attachment":[{"href":"https:\/\/www.europesays.com\/es\/wp-json\/wp\/v2\/media?parent=743128"}],"wp:term":[{"taxonomy":"category","embeddable":true,"href":"https:\/\/www.europesays.com\/es\/wp-json\/wp\/v2\/categories?post=743128"},{"taxonomy":"post_tag","embeddable":true,"href":"https:\/\/www.europesays.com\/es\/wp-json\/wp\/v2\/tags?post=743128"}],"curies":[{"name":"wp","href":"https:\/\/api.w.org\/{rel}","templated":true}]}}