{"id":743130,"date":"2026-09-02T02:01:42","date_gmt":"2026-09-02T02:01:42","guid":{"rendered":"https:\/\/www.europesays.com\/es\/743130\/"},"modified":"2026-09-02T02:01:42","modified_gmt":"2026-09-02T02:01:42","slug":"bigote-arrocet-sobre-su-delicado-estado-de-salud-asumo-que-estoy-en-la-recta-final-de-mi-vida","status":"publish","type":"post","link":"https:\/\/www.europesays.com\/es\/743130\/","title":{"rendered":"Bigote Arrocet, sobre su delicado estado de salud: \u00abAsumo que estoy en la recta final de mi vida\u00bb"},"content":{"rendered":"<p class=\"c-paragraph\">La <a href=\"https:\/\/www.20minutos.es\/tags\/instituciones-empresas\/revista-semana.html\" title=\"Revista Semana\" rel=\"nofollow noopener\" target=\"_blank\">revista Semana<\/a>, tal como ha adelantado El verano se mueve, ha conseguido hablar con <a href=\"https:\/\/www.20minutos.es\/tags\/personas\/bigote-arrocet.html\" title=\"Bigote Arrocet\" target=\"_blank\" rel=\"nofollow noopener\">Bigote Arrocet<\/a> tras conocerse que, despu\u00e9s de someterse a varios ex\u00e1menes m\u00e9dicos, los especialistas le han encontrado <b>una mancha y un bulto en uno de sus ri\u00f1ones<\/b>.\u00a0<\/p>\n<p class=\"c-paragraph\">La expareja de <a href=\"https:\/\/www.20minutos.es\/tags\/personas\/maria-teresa-campos.html\" title=\"Mar\u00eda Teresa Campos\" rel=\"nofollow noopener\" target=\"_blank\">Mar\u00eda Teresa Campos<\/a> todav\u00eda est\u00e1 a la espera de unos resultados que despejen la inc\u00f3gnita, aunque <b>no se muestra en absoluto optimista<\/b>: \u00abAsumo que estoy en la recta final de mi vida\u00bb.<\/p>\n<p class=\"c-paragraph\">El humorista no habla \u00fanicamente de sus temores en la conversaci\u00f3n con la publicaci\u00f3n, sino tambi\u00e9n de <b>los l\u00edmites que se ha marcado<\/b> si finalmente recibe malas noticias.\u00a0\u00abSi el quiste es malo y tiene dif\u00edcil tratamiento, no lo quiero. Tampoco si me obliga a depender de una m\u00e1quina\u00bb, asegura.<\/p>\n<p class=\"c-paragraph\">Una decisi\u00f3n que no surge de o\u00eddas. El c\u00f3mico conoce bien la otra cara de una enfermedad grave y guarda en la memoria una experiencia que todav\u00eda pesa: \u00ab<b>Tuve a mi segunda mujer con c\u00e1ncer y s\u00e9 lo que <\/b>es&#8230; Fue un a\u00f1o y medio de sufrimiento terrible. No me voy a someter a ning\u00fan tratamiento as\u00ed\u00bb.<\/p>\n<p class=\"c-paragraph\">En medio de esta espera, Arrocet tambi\u00e9n echa la vista atr\u00e1s para <b>realizar un balance vital<\/b>.\u00a0\u00abEl 85% de mis amigos y familiares han fallecido. He vivido una vida maravillosa. No puedo pedir nada m\u00e1s. No voy a dejar que nadie cuide de m\u00ed. No ser\u00e9 una carga para nadie. Si tengo algo malo, lo asumir\u00e9 y me ir\u00e9 tranquilo y feliz\u00bb, confiesa.<\/p>\n","protected":false},"excerpt":{"rendered":"La revista Semana, tal como ha adelantado El verano se mueve, ha conseguido hablar con Bigote Arrocet tras&hellip;\n","protected":false},"author":2,"featured_media":743131,"comment_status":"","ping_status":"","sticky":false,"template":"","format":"standard","meta":{"footnotes":""},"categories":[174],"tags":[98352,54913,255,16929,146,147,25,24,256,57,23,3271],"class_list":["post-743130","post","type-post","status-publish","format-standard","has-post-thumbnail","category-famosos","tag-arrocet","tag-bigote","tag-celebrities","tag-delicado","tag-entertainment","tag-entretenimiento","tag-es","tag-espana","tag-famosos","tag-sobre","tag-spain","tag-su"],"share_on_mastodon":{"url":"https:\/\/pubeurope.com\/@es\/117198984779118004","error":""},"_links":{"self":[{"href":"https:\/\/www.europesays.com\/es\/wp-json\/wp\/v2\/posts\/743130","targetHints":{"allow":["GET"]}}],"collection":[{"href":"https:\/\/www.europesays.com\/es\/wp-json\/wp\/v2\/posts"}],"about":[{"href":"https:\/\/www.europesays.com\/es\/wp-json\/wp\/v2\/types\/post"}],"author":[{"embeddable":true,"href":"https:\/\/www.europesays.com\/es\/wp-json\/wp\/v2\/users\/2"}],"replies":[{"embeddable":true,"href":"https:\/\/www.europesays.com\/es\/wp-json\/wp\/v2\/comments?post=743130"}],"version-history":[{"count":0,"href":"https:\/\/www.europesays.com\/es\/wp-json\/wp\/v2\/posts\/743130\/revisions"}],"wp:featuredmedia":[{"embeddable":true,"href":"https:\/\/www.europesays.com\/es\/wp-json\/wp\/v2\/media\/743131"}],"wp:attachment":[{"href":"https:\/\/www.europesays.com\/es\/wp-json\/wp\/v2\/media?parent=743130"}],"wp:term":[{"taxonomy":"category","embeddable":true,"href":"https:\/\/www.europesays.com\/es\/wp-json\/wp\/v2\/categories?post=743130"},{"taxonomy":"post_tag","embeddable":true,"href":"https:\/\/www.europesays.com\/es\/wp-json\/wp\/v2\/tags?post=743130"}],"curies":[{"name":"wp","href":"https:\/\/api.w.org\/{rel}","templated":true}]}}