{"id":743140,"date":"2026-09-02T02:15:58","date_gmt":"2026-09-02T02:15:58","guid":{"rendered":"https:\/\/www.europesays.com\/es\/743140\/"},"modified":"2026-09-02T02:15:58","modified_gmt":"2026-09-02T02:15:58","slug":"el-betis-cierra-el-acuerdo-con-ceballos-firma-hasta-2029","status":"publish","type":"post","link":"https:\/\/www.europesays.com\/es\/743140\/","title":{"rendered":"El Betis cierra el acuerdo con Ceballos, firma hasta 2029"},"content":{"rendered":"<p style=\"\">El <strong>Real Betis<\/strong> ha cerrado el fichaje de <strong>Dani Ceballos<\/strong>, con quien tiene un acuerdo ya sellado hasta junio de 2029. El pacto con el futbolista est\u00e1 ya validado por las partes y s\u00f3lo se espera que haya salidas en la plantilla para  &#8230; hacerlo oficial inscribi\u00e9ndolo en LaLiga. El centrocampista, de 30 a\u00f1os, ser\u00e1 el \u00fanico fichaje verdiblanco en este tramo final del mercado. Vuelve a su casa nueve a\u00f1os despu\u00e9s.<\/p>\n<p class=\"v-d-p\" style=\"\">La espera de Ceballos, que rescindi\u00f3 su contrato con el <strong>Real Madrid<\/strong> a finales de junio, ha sido productiva dado que se ha esforzado para llegar a Heli\u00f3polis y vestir la camiseta del club con el que se form\u00f3 en su cantera y en el que milit\u00f3 hasta el verano de 2017, cuando fue traspasado al Real Madrid por 17 millones de euros.<\/p>\n<p class=\"v-d-p\" style=\"\">Ceballos estuvo durante a\u00f1os lanzando gui\u00f1os al Betis para buscar un retorno cuando no contaba con los minutos necesarios en el Madrid y este verano rescindi\u00f3 su contrato para cumplir su sue\u00f1o de volver a ser b\u00e9tico.<\/p>\n<p><img decoding=\"async\" loading=\"lazy\" src=\"https:\/\/www.europesays.com\/es\/wp-content\/uploads\/2026\/09\/ceballos-haro-betis-U65804201320sjc-680x476@diario_abc.jpg\" class=\"v-a-img\" width=\"680\" height=\"478\" alt=\"\u00c1ngel Haro y Dani Ceballos, en su anterior etapa en el Betis\" data-voc-vtm-id=\"in-text-traffic\"\/><\/p>\n<p>\u00c1ngel Haro y Dani Ceballos, en su anterior etapa en el Betis.<\/p>\n<p class=\"v-d-p\" style=\"\">El club verdiblanco sigue intentando en el mercado hacer el hueco con la salida de alg\u00fan centrocampista y gestiona las de Losada, Fidalgo o Pablo Garc\u00eda para hacer el hueco econ\u00f3mico que permita LaLiga e inscribir a Ceballos, algo que puede hacer pasado incluso el plazo de esta noche dado que el futbolista es agente libre.<\/p>\n<p>\nCeballos vuelve al Betis con enorme palmar\u00e9s\n<\/p>\n<p class=\"v-d-p\" style=\"\">Ceballos tiene un palmar\u00e9s impresionante dado que ha sido tres veces campe\u00f3n de la Champions, dos de LaLiga, tiene dos Supercopas de Europa, una Intercontinental, tres Mundiales de Clubes, una FA Cup, una Copa del Rey, tres Supercopas de Espa\u00f1a, una Supercopa de Inglaterra y una Eurocopa sub 21. Adem\u00e1s, ha sido trece veces internacional absoluto.<\/p>\n<p class=\"v-d-p\" style=\"\">El utrerano disput\u00f3 105 partidos en su primera etapa el Betis, entre Primera y Segunda, con siete goles y nueve asistencias. Debut\u00f3 con Gabriel Humberto Calder\u00f3n en el duelo ante la Real Sociedad del tramo final de la campa\u00f1a 2013-14. Luego fue decisivo para el ascenso a Primera y se consolid\u00f3 en el primer equipo como uno de los jugadores espa\u00f1oles j\u00f3venes m\u00e1s interesantes de ese momento, por lo que fue firmado por el Real Madrid. En el equipo blanco jug\u00f3 215 partidos, hizo siete goles y dio 16 asistencias. Tuvo una cesi\u00f3n al Arsenal por dos campa\u00f1as jugando 77 partidos, con dos goles y seis asistencias.<\/p>\n","protected":false},"excerpt":{"rendered":"El Real Betis ha cerrado el fichaje de Dani Ceballos, con quien tiene un acuerdo ya sellado hasta&hellip;\n","protected":false},"author":2,"featured_media":743141,"comment_status":"","ping_status":"","sticky":false,"template":"","format":"standard","meta":{"footnotes":""},"categories":[93],"tags":[32523,945,291,28206,84915,168,25,24,1035,1138,23,167,1885],"class_list":["post-743140","post","type-post","status-publish","format-standard","has-post-thumbnail","category-deportes","tag-32523","tag-acuerdo","tag-betis","tag-ceballos","tag-contempla","tag-deportes","tag-es","tag-espana","tag-fichar","tag-solo","tag-spain","tag-sports","tag-ultima"],"share_on_mastodon":{"url":"https:\/\/pubeurope.com\/@es\/117199044699727946","error":""},"_links":{"self":[{"href":"https:\/\/www.europesays.com\/es\/wp-json\/wp\/v2\/posts\/743140","targetHints":{"allow":["GET"]}}],"collection":[{"href":"https:\/\/www.europesays.com\/es\/wp-json\/wp\/v2\/posts"}],"about":[{"href":"https:\/\/www.europesays.com\/es\/wp-json\/wp\/v2\/types\/post"}],"author":[{"embeddable":true,"href":"https:\/\/www.europesays.com\/es\/wp-json\/wp\/v2\/users\/2"}],"replies":[{"embeddable":true,"href":"https:\/\/www.europesays.com\/es\/wp-json\/wp\/v2\/comments?post=743140"}],"version-history":[{"count":0,"href":"https:\/\/www.europesays.com\/es\/wp-json\/wp\/v2\/posts\/743140\/revisions"}],"wp:featuredmedia":[{"embeddable":true,"href":"https:\/\/www.europesays.com\/es\/wp-json\/wp\/v2\/media\/743141"}],"wp:attachment":[{"href":"https:\/\/www.europesays.com\/es\/wp-json\/wp\/v2\/media?parent=743140"}],"wp:term":[{"taxonomy":"category","embeddable":true,"href":"https:\/\/www.europesays.com\/es\/wp-json\/wp\/v2\/categories?post=743140"},{"taxonomy":"post_tag","embeddable":true,"href":"https:\/\/www.europesays.com\/es\/wp-json\/wp\/v2\/tags?post=743140"}],"curies":[{"name":"wp","href":"https:\/\/api.w.org\/{rel}","templated":true}]}}