{"id":743142,"date":"2026-09-02T02:17:16","date_gmt":"2026-09-02T02:17:16","guid":{"rendered":"https:\/\/www.europesays.com\/es\/743142\/"},"modified":"2026-09-02T02:17:16","modified_gmt":"2026-09-02T02:17:16","slug":"la-vacunacion-frente-al-herpes-zoster-se-asocia-con-menos-enfermedad-cardiovascular-en-personas-mayores-de-60-anos","status":"publish","type":"post","link":"https:\/\/www.europesays.com\/es\/743142\/","title":{"rendered":"La vacunaci\u00f3n frente al herpes z\u00f3ster se asocia con menos enfermedad cardiovascular en personas mayores de 60 a\u00f1os"},"content":{"rendered":"<p id=\"paragraph_1\">Un estudio ha hallado una asociaci\u00f3n entre la <a data-forcefollow=\"false\" data-sponsored=\"false\" href=\"https:\/\/www.elespanol.com\/invertia\/observatorios\/sanidad\/20260324\/desequilibrio-autonomico-vacuna-herpes-zoster-coberturas-canarias-cantabria\/1003744180858_0.html?utm_cmp_rs=linksinline\" rel=\"nofollow noopener\" target=\"_blank\">vacunaci\u00f3n frente al herpes z\u00f3ster<\/a> en personas mayores de 60 a\u00f1os y una reducci\u00f3n en la incidencia de ciertas condiciones cardiovasculares como insuficiencia card\u00edaca y el ictus.<\/p>\n<p class=\"paragraph\" id=\"paragraph_2\">Sin embargo, este efecto solo se observa con la vacuna recombinante, relativamente reciente, y no con la antigua basada en virus atenuado.<\/p>\n<p class=\"paragraph\" id=\"paragraph_3\">El trabajo ha sido <a data-forcefollow=\"false\" data-sponsored=\"false\" href=\"https:\/\/www.nature.com\/articles\/s41591-026-04606-0\" rel=\"nofollow noopener noreferrer\" target=\"_blank\">publicado en Nature Medicine<\/a>. Sus autores, liderados por la psiquiatra de la Universidad de Oxford <strong>Maxime Taquet<\/strong>, ya hab\u00edan observado el efecto beneficioso de la vacuna en la demencia, y ahora buscaban revisar si pod\u00eda ofrecer cierta protecci\u00f3n cardiovascular.<\/p>\n<p><img loading=\"lazy\" decoding=\"async\" alt=\"Vacunaci\u00f3n, herpes z\u00f3ster.\" height=\"240\" src=\"https:\/\/www.europesays.com\/es\/wp-content\/uploads\/2026\/09\/h:240&#038;h=HG86lCQI.jpeg\" width=\"320\" data-lazy-status=\"processed\" data-lazy-info=\"remove loading item 1\"\/><\/p>\n<p class=\"paragraph\" id=\"paragraph_4\">La raz\u00f3n es que el herpes z\u00f3ster es una infecci\u00f3n bastante frecuente (y dolorosa) en la poblaci\u00f3n adulta a partir de los 50 a\u00f1os y puede tener consecuencias en la salud poblacional.<\/p>\n<p class=\"paragraph\" id=\"paragraph_5\">Est\u00e1 causada por el virus de la varicela-z\u00f3ster, que permanece en el cuerpo tras la enfermedad y reaparece una vez que el sistema inmune comienza a debilitarse, generando los sarpullidos conocidos como &#8216;culebrilla&#8217;.<\/p>\n<p class=\"paragraph\" id=\"paragraph_6\">Se sab\u00eda que las personas vacunadas del herpes z\u00f3ster ten\u00edan una menor incidencia card\u00edaca, pero se sospechaba que pod\u00eda deberse a un <strong>sesgo de &#8216;vacunado saludable&#8217;: aquella persona que se vacuna normalmente cuida m\u00e1s su salud<\/strong> y, por tanto, esa menor incidencia pod\u00eda deberse m\u00e1s a otros factores que a la propia vacuna.<\/p>\n<p class=\"paragraph\" id=\"paragraph_7\">Por eso, los investigadores aprovecharon un experimento natural: el momento en que la vacuna basada en prote\u00ednas recombinantes sustituy\u00f3 a la de virus atenuados en Estados Unidos, en 2017 (en Espa\u00f1a se incluy\u00f3 en el calendario en 2022).<\/p>\n<p>Menos ictus e insuficiencia card\u00edaca<\/p>\n<p class=\"paragraph\" id=\"paragraph_8\">Tomaron los datos de m\u00e1s de 70.000 personas mayores de 60 a\u00f1os incluidas en un registro de historiales electr\u00f3nicos de salud de EEUU: la mitad de ellos recibieron una de las dos vacunas. En principio, <strong>n<\/strong><strong>o habr\u00eda raz\u00f3n alguna para sospechar que las caracter\u00edsticas de uno y otro grupo fueran distintas<\/strong>.<\/p>\n<p class=\"paragraph\" id=\"paragraph_9\">Analizando la incidencia de aquellos vacunados en 2017 (el 98,6% recibi\u00f3 la de virus atenuados) y la de los inoculados en 2018 (de los que el 93,5% recibi\u00f3 el producto recombinante) a lo largo de los siete a\u00f1os posteriores, observaron que la carga de enfermedad cardiovascular era un 9% menor en el segundo grupo.<\/p>\n<p class=\"paragraph\" id=\"paragraph_10\">Esta asociaci\u00f3n, que se atenuaba a lo largo del tiempo, era significativa para cardiopat\u00eda isqu\u00e9mica (un 10% menos) e insuficiencia card\u00edaca (un 12% menos) en ambos sexos, e ictus (un 12% menos) en hombres.<\/p>\n<p class=\"paragraph\" id=\"paragraph_11\">Tambi\u00e9n se observ\u00f3 una disminuci\u00f3n del 7% en la incidencia de la fibrilaci\u00f3n auricular, pero no en otras condiciones cardiovasculares como la miocarditis, la enfermedad arterial perif\u00e9rica, el accidente cerebrovascular hemorr\u00e1gico o accidente isqu\u00e9mico transitorio.<\/p>\n<p><img decoding=\"async\" alt=\"El herpes z\u00f3ster o 'culebrilla' se reactiva en forma de erupci\u00f3n cut\u00e1nea.\" height=\"240\" loading=\"lazy\" width=\"320\" data-lazy-status=\"processed\" id=\"7954c5ca92\" src=\"https:\/\/www.elespanol.com\/invertia\/observatorios\/sanidad\/20260902\/vacunacion-frente-herpes-zoster-asocia-enfermedad-cardiovascular-personas-mayores-anos\/[\" https:=\"\" data-lazy-info=\"changed src\"\/><\/p>\n<p class=\"paragraph\" id=\"paragraph_12\">Los autores consideran que este beneficio no puede deberse a una menor incidencia del herpes z\u00f3ster en un grupo frente a otro, ya que la diferencia en n\u00famero de eventos cardiovasculares es mayor que la diferencia en n\u00famero de casos.<\/p>\n<p class=\"paragraph\" id=\"paragraph_13\">Una explicaci\u00f3n posible, sostienen, es que la vacunaci\u00f3n con un producto recombinante pueda inducir cambios inmunes y de otro tipo que puedan ser cardioprotectores.<\/p>\n<p class=\"paragraph\" id=\"paragraph_14\">Con todo, se\u00f1alan que \u00ablos mecanismos biol\u00f3gicos subyacentes a estas observaciones tienen que ser clarificados experimentalmente\u00bb, pero <strong>consideran sus conclusiones suficientes para justificar ensayos cl\u00ednicos y estudios que investiguen el potencial cardioprotector<\/strong> <strong>de esta vacuna<\/strong>.<\/p>\n<p class=\"paragraph\" id=\"paragraph_15\">Dos de los autores, Maxime Taquet y John A. Todd (tambi\u00e9n de la Universidad de Oxford), declaran potenciales conflictos de inter\u00e9s con el laboratorio fabricante de la vacuna recombinante, la farmac\u00e9utica brit\u00e1nica GSK.<\/p>\n<p class=\"paragraph\" id=\"paragraph_16\">Ambos han sido consultores para la compa\u00f1\u00eda. Sin embargo, indican que esta no se ha involucrado de ninguna forma en el estudio y solo ha tenido constancia del estudio una vez que ha sido aceptado para su publicaci\u00f3n.<\/p>\n<p class=\"paragraph\" id=\"paragraph_17\">Pese a los buenos resultados obtenidos con el trabajo, el dise\u00f1o del estudio no permite establecer una causalidad entre la vacuna del herpes z\u00f3ster y la reducci\u00f3n de problem\u00e1tica cardiovascular.<\/p>\n<p class=\"paragraph\" id=\"paragraph_18\">En <a data-forcefollow=\"false\" data-sponsored=\"false\" href=\"https:\/\/www.nature.com\/articles\/d41586-026-02663-6\" rel=\"nofollow noopener noreferrer\" target=\"_blank\">declaraciones a Nature<\/a>, la epidemi\u00f3loga Emily Rayens (que ha llevado a cabo estudios sobre el efecto de esta vacuna en la reducci\u00f3n de la demencia) considera que \u00abno podemos concluir de forma definitiva que hay una asociaci\u00f3n causal\u00bb.<\/p>\n<p class=\"paragraph\" id=\"paragraph_19\">No obstante, se trata de un hallazgo a considerar a nivel poblacional dado el n\u00famero de personas afectadas por el herpes z\u00f3ster.<\/p>\n","protected":false},"excerpt":{"rendered":"Un estudio ha hallado una asociaci\u00f3n entre la vacunaci\u00f3n frente al herpes z\u00f3ster en personas mayores de 60&hellip;\n","protected":false},"author":2,"featured_media":743143,"comment_status":"","ping_status":"","sticky":false,"template":"","format":"standard","meta":{"footnotes":""},"categories":[92],"tags":[679,25,24,165,28217,8311,166,1811,23,1454],"class_list":["post-743142","post","type-post","status-publish","format-standard","has-post-thumbnail","category-salud","tag-cardiologia","tag-es","tag-espana","tag-health","tag-herpes-zoster","tag-observatorio-de-la-sanidad","tag-salud","tag-sanidad","tag-spain","tag-vacunas"],"share_on_mastodon":{"url":"https:\/\/pubeurope.com\/@es\/117199048463119001","error":""},"_links":{"self":[{"href":"https:\/\/www.europesays.com\/es\/wp-json\/wp\/v2\/posts\/743142","targetHints":{"allow":["GET"]}}],"collection":[{"href":"https:\/\/www.europesays.com\/es\/wp-json\/wp\/v2\/posts"}],"about":[{"href":"https:\/\/www.europesays.com\/es\/wp-json\/wp\/v2\/types\/post"}],"author":[{"embeddable":true,"href":"https:\/\/www.europesays.com\/es\/wp-json\/wp\/v2\/users\/2"}],"replies":[{"embeddable":true,"href":"https:\/\/www.europesays.com\/es\/wp-json\/wp\/v2\/comments?post=743142"}],"version-history":[{"count":0,"href":"https:\/\/www.europesays.com\/es\/wp-json\/wp\/v2\/posts\/743142\/revisions"}],"wp:featuredmedia":[{"embeddable":true,"href":"https:\/\/www.europesays.com\/es\/wp-json\/wp\/v2\/media\/743143"}],"wp:attachment":[{"href":"https:\/\/www.europesays.com\/es\/wp-json\/wp\/v2\/media?parent=743142"}],"wp:term":[{"taxonomy":"category","embeddable":true,"href":"https:\/\/www.europesays.com\/es\/wp-json\/wp\/v2\/categories?post=743142"},{"taxonomy":"post_tag","embeddable":true,"href":"https:\/\/www.europesays.com\/es\/wp-json\/wp\/v2\/tags?post=743142"}],"curies":[{"name":"wp","href":"https:\/\/api.w.org\/{rel}","templated":true}]}}