{"id":743148,"date":"2026-09-02T02:20:20","date_gmt":"2026-09-02T02:20:20","guid":{"rendered":"https:\/\/www.europesays.com\/es\/743148\/"},"modified":"2026-09-02T02:20:20","modified_gmt":"2026-09-02T02:20:20","slug":"ibex-35-hoy-la-bolsa-en-directo-el-ibex-cierra-con-un-recorte-del-075-hasta-19-824-puntos","status":"publish","type":"post","link":"https:\/\/www.europesays.com\/es\/743148\/","title":{"rendered":"Ibex 35 hoy, la Bolsa en Directo | El Ibex cierra con un recorte del 0,75% hasta 19.824 puntos"},"content":{"rendered":"<p class=\"ue-c-article__paragraph\">\n                                        Las Bolsas han arrancado septiembre con muchas dudas. El IPC de la eurozona sube al 3,3%, el precio del petr\u00f3leo repunta hasta 92 d\u00f3lares y la previsi\u00f3n de nuevas subidas de tipos presiona al alza los intereses de la deuda. Despu\u00e9s de perder ayer los 20.000 puntos, el Ibex ha cerrado hoy en 19.824 puntos tras ceder un 0,75%.\n                                    <\/p>\n<p>Directos: Gr\u00e1fico Ibex<\/p>\n<p class=\"ue-c-article__paragraph\">Las Bolsas europeas han despedido con fuertes ca\u00eddas la primera sesi\u00f3n de <a href=\"https:\/\/www.expansion.com\/mercados\/2026\/09\/01\/6a957a2ae5fdea2e298b456d.html\" rel=\"nofollow noopener\" target=\"_blank\">septiembre, estad\u00edsticamente el mes m\u00e1s adverso para la Bolsa<\/a>. Deuda, inflaci\u00f3n y bancos centrales, sin dejar de lado la geopol\u00edtica, dominan la actualidad de los mercados. La nueva escalada b\u00e9lica en Oriente Pr\u00f3ximo, con ataques cruzados entre Estados Unidos e <strong>Ir\u00e1n<\/strong>, eleva el precio del <strong>petr\u00f3leo<\/strong> hasta los 92 d\u00f3lares.<\/p>\n<p class=\"ue-c-article__paragraph\">El encarecimiento del petr\u00f3leo llega en un momento delicado por las <strong>tensiones inflacionistas<\/strong> que traslada. La agenda del d\u00eda de hoy ha incluido como dato macro m\u00e1s destacado el <strong>IPC de la eurozona<\/strong>. Los pron\u00f3sticos de un notable repunte de la inflaci\u00f3n en agosto se han cumplido. El IPC ha subido del 2,9% de julio al 3,3%, en l\u00ednea con lo esperado, un nivel que no deja margen a la duda sobre la subida de tipos que podr\u00eda aprobar en poco m\u00e1s de una semana el <strong>Banco Central Europeo<\/strong>.<\/p>\n<p class=\"ue-c-article__paragraph\">Despu\u00e9s de un agosto favorable en Bolsa, los mercados ponen a prueba su optimismo al <a href=\"https:\/\/www.expansion.com\/mercados\/2026\/08\/31\/6a953606e5fdea35598b4595.html\" rel=\"nofollow noopener\" target=\"_blank\">afrontar una nueva ola de subidas de tipos<\/a>. El repunte del BCE podr\u00eda tener continuidad, una semana despu\u00e9s, con el que baraja adoptar la <strong>Reserva Federal<\/strong> de EEUU. Y sin apenas descanso, los inversores tendr\u00e1n que digerir la previsible subida de tipos del <strong>Banco de Jap\u00f3n<\/strong>. Hoy mismo, el inter\u00e9s exigido a la deuda a diez a\u00f1os de Jap\u00f3n ha tocado el 3% por primera vez desde 1996. Con las subidas de tipos de fondo, <a href=\"https:\/\/www.expansion.com\/mercados\/2026\/09\/01\/6a96a2b2e5fdea156a8b4579.html\" rel=\"nofollow noopener\" target=\"_blank\">el aumento en los costes de financiaci\u00f3n es generalizado<\/a>. <\/p>\n","protected":false},"excerpt":{"rendered":"Las Bolsas han arrancado septiembre con muchas dudas. El IPC de la eurozona sube al 3,3%, el precio&hellip;\n","protected":false},"author":2,"featured_media":743149,"comment_status":"","ping_status":"","sticky":false,"template":"","format":"standard","meta":{"footnotes":""},"categories":[80],"tags":[2300,12239,82,95,94,25,24,114,23],"class_list":["post-743148","post","type-post","status-publish","format-standard","has-post-thumbnail","category-economia","tag-bolsa","tag-bolsa-de-wall-street","tag-business","tag-economia","tag-economy","tag-es","tag-espana","tag-mercados","tag-spain"],"share_on_mastodon":{"url":"https:\/\/pubeurope.com\/@es\/117199059539725090","error":""},"_links":{"self":[{"href":"https:\/\/www.europesays.com\/es\/wp-json\/wp\/v2\/posts\/743148","targetHints":{"allow":["GET"]}}],"collection":[{"href":"https:\/\/www.europesays.com\/es\/wp-json\/wp\/v2\/posts"}],"about":[{"href":"https:\/\/www.europesays.com\/es\/wp-json\/wp\/v2\/types\/post"}],"author":[{"embeddable":true,"href":"https:\/\/www.europesays.com\/es\/wp-json\/wp\/v2\/users\/2"}],"replies":[{"embeddable":true,"href":"https:\/\/www.europesays.com\/es\/wp-json\/wp\/v2\/comments?post=743148"}],"version-history":[{"count":0,"href":"https:\/\/www.europesays.com\/es\/wp-json\/wp\/v2\/posts\/743148\/revisions"}],"wp:featuredmedia":[{"embeddable":true,"href":"https:\/\/www.europesays.com\/es\/wp-json\/wp\/v2\/media\/743149"}],"wp:attachment":[{"href":"https:\/\/www.europesays.com\/es\/wp-json\/wp\/v2\/media?parent=743148"}],"wp:term":[{"taxonomy":"category","embeddable":true,"href":"https:\/\/www.europesays.com\/es\/wp-json\/wp\/v2\/categories?post=743148"},{"taxonomy":"post_tag","embeddable":true,"href":"https:\/\/www.europesays.com\/es\/wp-json\/wp\/v2\/tags?post=743148"}],"curies":[{"name":"wp","href":"https:\/\/api.w.org\/{rel}","templated":true}]}}