{"id":743150,"date":"2026-09-02T02:21:11","date_gmt":"2026-09-02T02:21:11","guid":{"rendered":"https:\/\/www.europesays.com\/es\/743150\/"},"modified":"2026-09-02T02:21:11","modified_gmt":"2026-09-02T02:21:11","slug":"lideres-financieros-del-g20-concluyen-una-cumbre-marcada-por-la-acogida-de-eeuu-a-rusia","status":"publish","type":"post","link":"https:\/\/www.europesays.com\/es\/743150\/","title":{"rendered":"L\u00edderes financieros del G20 concluyen una cumbre marcada por la acogida de EEUU a Rusia"},"content":{"rendered":"<p>    <img src=\"https:\/\/www.europesays.com\/es\/wp-content\/uploads\/2026\/09\/2026-09-01T153A003A16Z-91988184.jpg\" width=\"1024\" height=\"682\" alt=\"\" loading=\"eager\" decoding=\"sync\" fetchpriority=\"high\"\/><\/p>\n<p>            afp_tickers        <\/p>\n<p>        Este contenido fue publicado en    <\/p>\n<p>        02 septiembre 2026 &#8211; 02:09\n<\/p>\n<p>Los l\u00edderes financieros del G20 concluyeron el martes su reuni\u00f3n de dos d\u00edas con una declaraci\u00f3n que todos respaldaron plenamente excepto China, mientras Estados Unidos insisti\u00f3 en que la presencia de un ministro ruso no afect\u00f3 las conversaciones.<\/p>\n<p>El secretario del Tesoro estadounidense, Scott Bessent, afirm\u00f3 que el hecho de que casi todos los participantes aceptaran la declaraci\u00f3n final de la presidencia sugiere que \u00abno ha habido ning\u00fan impacto\u00bb derivado de la participaci\u00f3n de Rusia en la cumbre.<\/p>\n<p>Los aliados europeos de Ucrania hab\u00edan expresado su frustraci\u00f3n despu\u00e9s de que el ministro de Finanzas ruso, Anton Siluanov, fuera recibido en las reuniones organizadas por Estados Unidos en Asheville, Carolina del Norte.<\/p>\n<p>La guerra en Oriente Medio y los aranceles del presidente Donald Trump tambi\u00e9n fueron tel\u00f3n de fondo del encuentro.<\/p>\n<p>La declaraci\u00f3n de la presidencia del G20 pidi\u00f3 una \u00abnavegaci\u00f3n libre, segura y previsible por el estrecho de Ormuz\u00bb, aunque China se desmarc\u00f3 de esa secci\u00f3n del comunicado emitido.<\/p>\n<p>Este paso estrat\u00e9gico est\u00e1 pr\u00e1cticamente bloqueado por Teher\u00e1n desde el inicio de la guerra a finales de febrero tras los ataques de Israel y Estados Unidos contra Ir\u00e1n.<\/p>\n<p>La tradicional foto de todos los miembros participantes del G20 se tom\u00f3 el lunes sin la presencia de Siluanov, tras la protesta de funcionarios europeos.<\/p>\n<p>Un portavoz de la Uni\u00f3n Europea se\u00f1al\u00f3 que los representantes hab\u00edan recibido con muy poca antelaci\u00f3n el aviso de la participaci\u00f3n del ministro ruso.<\/p>\n<p>La presencia de Siluanov \u00abcre\u00f3 incomodidad, sin ninguna duda\u00bb, a\u00f1adi\u00f3 el ministro canadiense de Finanzas, Fran\u00e7ois-Philippe Champagne, en una entrevista con la AFP.<\/p>\n<p>El comisario europeo de Econom\u00eda, Valdis Dombrovskis, declar\u00f3 que \u00abno es el momento de normalizar\u00bb las relaciones con Mosc\u00fa.<\/p>\n<p>Se\u00f1al\u00f3 que la inclusi\u00f3n de Rusia implica debatir asuntos econ\u00f3micos sensibles con representantes de un gobierno que est\u00e1 \u00ablibrando una guerra agresiva\u00bb y \u00abmatando civiles a diario\u00bb en su conflicto en Ucrania.<\/p>\n<p>Bessent, sin embargo, replic\u00f3 al t\u00e9rmino de la cumbre que \u00abalgunos europeos se quedaron con un sabor amargo, pero creo que es muy importante entablar di\u00e1logo\u00bb.<\/p>\n<p>\u00abY se\u00f1alar\u00e9 que el ministro de Finanzas con quien me reun\u00ed no est\u00e1 sancionado\u00bb, a\u00f1adi\u00f3 en referencia a Siluanov.<\/p>\n<p>La tensi\u00f3n tambi\u00e9n se produce luego de que Alemania responsabiliz\u00f3 el martes a Rusia de un intento de \u00abataque h\u00edbrido\u00bb con un dron en un aeropuerto estrat\u00e9gico alem\u00e1n el mes pasado. Anunciaron medidas diplom\u00e1ticas.<\/p>\n<p>Con Estados Unidos al frente de la presidencia rotativa del G20, Washington ha tratado de movilizar a sus socios para aumentar la presi\u00f3n econ\u00f3mica sobre Ir\u00e1n y encontrar v\u00edas para impulsar el crecimiento global.<\/p>\n<p>Cuando se le pregunt\u00f3 sobre si tambi\u00e9n hab\u00eda instado a Rusia a recortar su apoyo a Ir\u00e1n, Bessent dijo previamente a los periodistas que \u00abmuchas conversaciones es mejor mantenerlas en privado\u00bb.<\/p>\n<p>\u2013 Desequilibrios comerciales \u2013<\/p>\n<p>Otro punto con el que China discrep\u00f3 fue una declaraci\u00f3n seg\u00fan la cual \u00ablos desequilibrios excesivos y persistentes entra\u00f1an riesgos y pueden generar distorsiones econ\u00f3micas\u00bb.<\/p>\n<p>Esto refleja cr\u00edticas al exceso de capacidad industrial en la segunda mayor econom\u00eda del mundo, que seg\u00fan sus detractores genera competencia desleal y empuja los precios a la baja.<\/p>\n<p>\u00abTenemos que debatir y estudiar una acci\u00f3n colectiva, porque los desequilibrios globales tal y como existen hoy no son sostenibles\u00bb, afirm\u00f3 Champagne.\u00a0<\/p>\n<p>El G20 est\u00e1 compuesto por 19 naciones m\u00e1s la UE y la Uni\u00f3n Africana, y se cre\u00f3 tras la crisis financiera asi\u00e1tica de 1997-1998 para reforzar la estabilidad econ\u00f3mica y financiera mundial.\u00a0<\/p>\n<p>Las conversaciones del G20 sobre finanzas sirven de antesala a la cumbre de l\u00edderes que Trump convocar\u00e1 en diciembre en Miami.<\/p>\n<p>Otro asunto que sali\u00f3 a relucir fue el apoyo a Ucrania, que tambi\u00e9n se debati\u00f3 al margen de la reuni\u00f3n por el m\u00e1s reducido Grupo de los Siete (G7) de econom\u00edas avanzadas.<\/p>\n<p>Mosc\u00fa ha intensificado sus ataques sobre Kiev este verano boreal, m\u00e1s de cuatro a\u00f1os y medio despu\u00e9s del inicio de la invasi\u00f3n rusa en Ucrania.<\/p>\n<p>Las conversaciones auspiciadas por Estados Unidos siguen congeladas, mientras el Kremlin mantiene sus exigencias maximalistas para poner fin a la guerra.<\/p>\n<p>El ministro de Finanzas alem\u00e1n, Lars Klingbeil, dijo el martes que se ha producido un \u00abaumento de brutales ataques con cohetes contra la poblaci\u00f3n civil\u00bb.<\/p>\n<p>\u00abEsto tiene que llegar a su fin\u00bb, enfatiz\u00f3.<\/p>\n<p>bys\/mjf\/mr\/nn\/cr\/mvl<\/p>\n","protected":false},"excerpt":{"rendered":"afp_tickers Este contenido fue publicado en 02 septiembre 2026 &#8211; 02:09 Los l\u00edderes financieros del G20 concluyeron el&hellip;\n","protected":false},"author":2,"featured_media":743151,"comment_status":"","ping_status":"","sticky":false,"template":"","format":"standard","meta":{"footnotes":""},"categories":[42],"tags":[635,17,18,82,636,83,84,13,14,4437,33884,11,61,62,63,14688,86,64,19,20,87,9,10,15,16,88,131850,29931,90,12,21,22,65,66,67],"class_list":["post-743150","post","type-post","status-publish","format-standard","has-post-thumbnail","category-internacional","tag-armed-conflict","tag-breaking-news","tag-breakingnews","tag-business","tag-conflict","tag-diplomacy","tag-economy-general","tag-featured-news","tag-featurednews","tag-government","tag-government-debt","tag-headlines","tag-internacional","tag-international","tag-international-news","tag-international-organisation","tag-international-relations","tag-internationalnews","tag-latest-news","tag-latestnews","tag-macro-economics","tag-news","tag-noticias","tag-noticias-destacadas","tag-noticiasdestacadas","tag-politics","tag-public-finance","tag-state-budget-and-tax","tag-ticker","tag-titulares","tag-ultimas-noticias","tag-ultimasnoticias","tag-world","tag-world-news","tag-worldnews"],"share_on_mastodon":{"url":"","error":"Validation failed: Text character limit of 500 exceeded"},"_links":{"self":[{"href":"https:\/\/www.europesays.com\/es\/wp-json\/wp\/v2\/posts\/743150","targetHints":{"allow":["GET"]}}],"collection":[{"href":"https:\/\/www.europesays.com\/es\/wp-json\/wp\/v2\/posts"}],"about":[{"href":"https:\/\/www.europesays.com\/es\/wp-json\/wp\/v2\/types\/post"}],"author":[{"embeddable":true,"href":"https:\/\/www.europesays.com\/es\/wp-json\/wp\/v2\/users\/2"}],"replies":[{"embeddable":true,"href":"https:\/\/www.europesays.com\/es\/wp-json\/wp\/v2\/comments?post=743150"}],"version-history":[{"count":0,"href":"https:\/\/www.europesays.com\/es\/wp-json\/wp\/v2\/posts\/743150\/revisions"}],"wp:featuredmedia":[{"embeddable":true,"href":"https:\/\/www.europesays.com\/es\/wp-json\/wp\/v2\/media\/743151"}],"wp:attachment":[{"href":"https:\/\/www.europesays.com\/es\/wp-json\/wp\/v2\/media?parent=743150"}],"wp:term":[{"taxonomy":"category","embeddable":true,"href":"https:\/\/www.europesays.com\/es\/wp-json\/wp\/v2\/categories?post=743150"},{"taxonomy":"post_tag","embeddable":true,"href":"https:\/\/www.europesays.com\/es\/wp-json\/wp\/v2\/tags?post=743150"}],"curies":[{"name":"wp","href":"https:\/\/api.w.org\/{rel}","templated":true}]}}