{"id":743158,"date":"2026-09-02T02:29:22","date_gmt":"2026-09-02T02:29:22","guid":{"rendered":"https:\/\/www.europesays.com\/es\/743158\/"},"modified":"2026-09-02T02:29:22","modified_gmt":"2026-09-02T02:29:22","slug":"todos-vamos-a-luchar-por-conseguir-los-dos-objetivos-tanto-la-continuidad-como-la-victoria-ciclismo","status":"publish","type":"post","link":"https:\/\/www.europesays.com\/es\/743158\/","title":{"rendered":"\u00abTodos vamos a luchar por conseguir los dos objetivos, tanto la continuidad como la victoria\u00bb | Ciclismo"},"content":{"rendered":"<p>        <img decoding=\"async\" alt=\"Juanjo Oroz, m\u00e1nager del Kern Pharma.\" loading=\"lazy\"   height=\"898\" width=\"1200\" src=\"https:\/\/www.europesays.com\/es\/wp-content\/uploads\/2026\/09\/oroz.jpg\"\/>Juanjo Oroz, m\u00e1nager del Kern Pharma. (Jagoba Manterola | Foku)<\/p>\n<p>El equipo Kern Pharma ha vuelto este a\u00f1o a la Vuelta en una situaci\u00f3n bastante diferente a su \u00faltima participaci\u00f3n, hace apenas dos a\u00f1os. Entonces vivieron una aut\u00e9ntico carrusel de emociones dif\u00edciles de asimilar. En la 12\u00aa etapa despertaban con la noticia del fallecimiento de Manolo Azcona, alma mater del equipo y fundador, en 1993, de la Asociaci\u00f3n Deportiva Galibier. Ese d\u00eda, en la l\u00ednea de salida, \u00d3scar Rodr\u00edguez, Roger Adri\u00e1, Marc Soler, Richard Carapaz o Jorge Arcas, ciclistas de equipos World Tour que pasaron por la AD Galibier, se acercaron para dar el p\u00e9same a Juanjo y al resto del equipo. Como si fuera un guion de pel\u00edcula, por la tarde, Pablo Castrillo lograba en Manzaneda la primera victoria en la Vuelta para el equipo. Tres d\u00edas m\u00e1s tarde repet\u00eda victoria en Cuitu Negro y, en la etapa 18, Urko Berrade cerraba en Maestu un hist\u00f3rico triplete para el Kern Pharma.<\/p>\n<p>Despu\u00e9s de aquella Vuelta, el equipo ha seguido cosechando \u00e9xitos importantes, pero tambi\u00e9n ha conocido toda la crudeza del ciclismo profesional. Esta primavera, la empresa farmac\u00e9utica que les patrocina les informaba de que no renovar\u00eda el contrato que finalizaba al t\u00e9rmino de esta temporada. Desde entonces, el equipo busca un patrocinador que le permita dar continuidad al proyecto y conf\u00edan en que su participaci\u00f3n en La Vuelta sirva para demostrar las virtudes de una forma de entender el ciclismo que ha dado ya muchos frutos.<\/p>\n<p><strong>\u00bfEst\u00e1 pudiendo seguir La Vuelta?<\/strong><\/p>\n<p>S\u00ed, igual alg\u00fan d\u00eda tengo que ausentarme, pero la mayor\u00eda de los d\u00edas voy a estar, s\u00ed.<\/p>\n<p><strong>\u00bfCu\u00e1l es el objetivo del equipo en esta Vuelta?<\/strong><\/p>\n<p>Vamos con dos objetivos muy claros. El primero es apoyar y ayudar a afianzar la continuidad de este proyecto de 34 a\u00f1os de historia y categor\u00eda ProTeam, y el segundo objetivo es ganar, ganar una etapa. Creo que el equipo llega bien, merecernos una etapa y a por eso vamos.<\/p>\n<p><strong>Es una situaci\u00f3n complicada tambi\u00e9n para los ciclistas, que desde julio tienen v\u00eda libre para buscar equipo. \u00bfC\u00f3mo de implicados les ve en la carrera?<\/strong><\/p>\n<p>Pues mira, ya est\u00e1n metidos en la primera fuga y creo que han llegado todos muy bien. El equipo ha hecho un trabajo que habla muy bien de su capacidad f\u00edsica y de sacrificio, pero tambi\u00e9n de su compromiso con este proyecto y est\u00e1 claro que todos vamos a luchar por conseguir los dos objetivos, tanto la continuidad como la victoria.<\/p>\n<p><strong>\u00bfCu\u00e1l es la situaci\u00f3n del equipo ahora mismo?<\/strong><\/p>\n<p>La situaci\u00f3n es dif\u00edcil. Necesitamos un sponsor principal. Tenemos apoyos, pero nos falta el principal y creo que estamos consiguiendo, por m\u00e9ritos deportivos, estar entre los 30 mejores equipos del mundo. Con la historia y el trabajo realizado hasta el d\u00eda de hoy por muchas personas, creo que este proyecto est\u00e1 mereciendo hacer una apuesta y poder seguir. Lo que est\u00e1 en nuestra mano es hacerlo cada d\u00eda de la mejor manera y demostrar que es interesante darle continuidad a este proyecto y en eso estamos. No es f\u00e1cil, cada d\u00eda que pasa hay que aumentar la fe, que la tenemos. Pero bueno, tenemos que seguir peleando y lo haremos hasta conseguirlo.<\/p>\n<p><strong>Su proyecto no solo es un equipo profesional, tienen tambi\u00e9n un equipo sub-23. De todo esto, \u00bfcu\u00e1nto est\u00e1 en juego?<\/strong><\/p>\n<p>Desgraciadamente, ahora est\u00e1 en juego todo y la prioridad es que el proyecto contin\u00fae. Nosotros tenemos claro que lo que tiene valor en este proyecto es la f\u00e1brica de personas y ciclistas para el futuro y eso es lo que queremos que perdure. En la categor\u00eda sub-23, en la categor\u00eda continental, en la categor\u00eda Pro Team o en la categor\u00eda World Tour, pero queremos que esa f\u00e1brica contin\u00fae. Ahora mismo es nuestra principal batalla, pero es verdad que nos hacen falta unas herramientas que, a d\u00eda de hoy, no las tenemos.<\/p>\n<p><strong>\u00bfCu\u00e1ntas personas est\u00e1n involucradas en el proyecto?<\/strong><\/p>\n<p>Entre los dos proyectos, juntando todos los ciclistas, somos 88 personas, que ya es un n\u00famero amplio. Luego est\u00e1n las cosas que se consiguen. A nosotros nos llena de satisfacci\u00f3n ver a gente progresar, conseguir sus sue\u00f1os. Nos tiran mucho Diego Uriarte, Ibon Ruiz, Berrade&#8230; Queremos dejarnos lo mejor por ellos, porque se lo merecen. Pero tambi\u00e9n me gustar\u00eda enfatizar que nos motiva mucho poder volver a dar oportunidades a ciclistas juveniles que tengan un sitio donde ir, como es el equipo Finisher o el equipo Kern Pharma, que es un sue\u00f1o para muchos. Aunque luego vayan a otros sitios, somos conscientes de que, en cadetes o en juveniles, les hace trabajar y pelear por su sue\u00f1o. Creemos que ese referente hay que mantenerlo entre todos y estamos dispuestos a trabajar m\u00e1s, si hace falta, para conseguirlo.<\/p>\n<p><strong>En el ciclismo se est\u00e1n imponiendo equipos con presupuestos grandes y equipos devo y juveniles. En este contexto, \u00bfqu\u00e9 espacio queda para proyectos como el de Kern Pharma?<\/strong><\/p>\n<p>Pues eso la historia lo dir\u00e1. Pero bueno, nosotros s\u00ed podemos decir bien alto que somos un proyecto que apuesta por un modelo claro de personas y de tiempo. Que las cosas necesitan su tiempo y s\u00ed es verdad que no puedes vivir ajeno al mundo. Tienes que adaptarte a \u00e9l de la mejor manera, pero es que para nosotros es muy rentable apostar por otro modelo al que apuesta la mayor\u00eda ahora mismo. Es lo que dices, ya en juveniles se ha identificado al campe\u00f3n, est\u00e1 en el equipo de desarrollo de un World Tour y de ah\u00ed ya es estrella, estrella, estrella. Nuestro modelo no es la inmediatez. Nuestro modelo es ver a Diego Uriarte hoy en la fuga y saber que era un juvenil que vivi\u00f3, afortunadamente, su etapa como sub-23 en Lizarte y Finisher y fue madurando. De juvenil nadie habr\u00eda apostado por \u00e9l y hoy es el d\u00eda que tiene muchas ofertas de equipos World Tour. \u00bfPor qu\u00e9? Porque le hemos dado ese tiempo y ese entorno ideal para crecer. No decimos que lo de los dem\u00e1s est\u00e9 mal, ni mucho menos. Solamente creemos que las cosas necesitan su tiempo, su trabajo, su satisfacci\u00f3n de no conseguir lo que crees que mereces y seguir peleando. Creemos que esa es una criba muy natural, muy buena y que da grand\u00edsimos resultados. No es que no nos importe el resultado, al rev\u00e9s. Es que centr\u00e1ndonos en el rendimiento, en el entorno y en el tiempo, conseguimos unos resultados extraordinarios, como se ha podido ver.\u00a0<\/p>\n<p><img loading=\"lazy\" decoding=\"async\" src=\"https:\/\/www.europesays.com\/es\/wp-content\/uploads\/2026\/09\/JuanjoOroz0901.jpg\" alt=\"\" width=\"1200\" height=\"776\"\/><\/p>\n<p><strong>\u00bfQu\u00e9 es lo que ofrece Kern Pharma a un ciclista joven y con proyecci\u00f3n?<\/strong><\/p>\n<p>Una m\u00e1xima nuestra, la primera, es que aqu\u00ed no tenemos que convencer a nadie. El que viene, viene porque cree en este proyecto, si no ya empezamos mal. Luego, al hablar de ofrecer, muy claramente te dir\u00eda que formaci\u00f3n y bagaje para su futuro. Que le va a dar una carrera m\u00e1s larga, que va a tener m\u00e1s resultados y que va a ganar m\u00e1s dinero, si quieres mirar esos par\u00e1metros en el futuro. No los va a ganar aqu\u00ed, pero nosotros muchas veces les decimos a los ciclistas, \u00bfqu\u00e9 te queda de tu etapa juvenil, de tu etapa sub-23 y de tus primeros a\u00f1os de profesional? \u00bfLas victorias que consigues? No, el bagaje con el que pasas a la siguiente categor\u00eda. Y aqu\u00ed, los ciclistas evolucionan con un bagaje, con una mochila. Eso les va a permitir ser campeones ol\u00edmpicos o hacer un podio en una grande.\u00a0<\/p>\n<p>Ese es nuestro trabajo y para eso hace falta una categor\u00eda sub-23. Somos conscientes de que vamos a contracorriente, porque la categor\u00eda sub-23 ya hay muchos ciclistas que se la saltan. Nosotros creemos en ello y tanto es as\u00ed, que una primera prioridad en este proyecto es salvar esa categor\u00eda, porque pensamos que la mayor\u00eda de los ciclistas no se la pueden saltar y si les das tiempo, hay varios que pueden llegar a ser muy buenos ciclistas. Hasta Pogacar estuvo en la categor\u00eda sub-23.\u00a0<\/p>\n<p><strong>\u00bfQu\u00e9 consecuencias cree que puede tener para la base del ciclismo en Euskal Herria la extensi\u00f3n de equipos con grandes estructuras?<\/strong><\/p>\n<p>Bueno, como todo, yo no juzgo si est\u00e1 bien o est\u00e1 mal. Yo puedo hablar por lo que lucho y lucho por que haya proyectos que cuiden la base, y eso no solo son los ciclistas que pueden llegar a ser buenos. La base es el n\u00famero de ciclistas que participan en las carreras de escuelas, de cadetes&#8230; Es el n\u00famero de carreras que organiza cada club, en cada pueblo, en las fiestas&#8230; Y nosotros, desde nuestra humilde posici\u00f3n, hemos intentado ayudar a todos los stakeholders, como se dice en ingl\u00e9s. A todas las diferentes partes que componen el ciclismo, porque sabemos que, sin ellos, nosotros no somos.<\/p>\n<p>Aqu\u00ed tuvimos a un Indurain que ha creado escuela. Hemos tenido a mucha gente que ha trabajado el ciclismo desde que tiene dientes y creo que algo bueno que tenemos es un entorno de carreras, de clubes, privilegiado a nivel mundial y creo que hay que cuidarlo. Porque el s\u00faper bueno va a tener el camino mucho m\u00e1s claro, porque entra en una gran estructura desde juvenil y va a tener todo para llegar. Pero ese otro camino de hacer las cosas a\u00f1o tras a\u00f1o, con paciencia. De acertar, errar, acertar, errar y a los 24 empezar a madurar, pues ese camino est\u00e1 desapareciendo totalmente. Creo que por el camino de la inmediatez va un porcentaje de ciclistas que puede ser, vamos a decir el 10% y por el otro camino creo que van el 90% de ciclistas. Entonces, si solo regamos el del 10%, la ecuaci\u00f3n queda deslucida, bajo mi punto de vista y se pierde una gran oportunidad. Entonces, si somos los abanderados de ese otro camino, creo que somos una gran oportunidad.\u00a0<\/p>\n<p><strong>A d\u00eda de hoy, los equipos dependen pr\u00e1cticamente \u00edntegramente del patrocinador. \u00bfCree que es posible cambiar esta situaci\u00f3n para que tengan unos ingresos m\u00e1s diversificados?<\/strong><\/p>\n<p>Es una faceta que, en los \u00faltimos tres a\u00f1os, hemos aprendido una barbaridad. Soy consciente de que el modelo del ciclismo es el que es, que hay mucha gente que dice que est\u00e1 mal, que hay que cambiarlo y tambi\u00e9n soy consciente de la gente que lo ha intentado y no lo ha conseguido. Yo creo que hay que adaptarse y con lo que hay, tienes que sacar el m\u00e1ximo. Yo, desde luego, no creo en un patrocinio de \u00abinvierto este dinero y adi\u00f3s\u00bb. Por lo menos, nuestro sistema es hacer equipo. Para m\u00ed, algo que es primordial en un equipo es que hay que cuidar dos patas y si no cuidas una de las dos, te mueres. Una son las personas que forman esto y la segunda pata importante son los patrocinadores. Si tampoco los cuidas, esto se cae, \u00bfno? Entonces, tienes que buscar ese equilibrio.<\/p>\n<p>Algo de lo que me siento muy orgulloso es que todos nuestros patrocinadores han continuado desde el principio y su nivel de satisfacci\u00f3n es muy alto. Porque eso, para nosotros, tambi\u00e9n son victorias. Si a Kern Pharma esto no le cuadrara, pues algo habr\u00edamos hecho mal, pero est\u00e1n encantados. Para nosotros eso tambi\u00e9n es relevante. Que sientan el proyecto, que no s\u00f3lo es una amistad, un cari\u00f1o y ya est\u00e1. Nosotros no somos una empresa que vende tornillos y cuanto m\u00e1s vende, m\u00e1s gana y si vende menos, gana menos.\u00a0<\/p>\n<p><strong>Para terminar, \u00bfc\u00f3mo cree que encarar\u00eda Manolo una situaci\u00f3n como la actual?<\/strong><\/p>\n<p>Bueno, es que la gente me va a tratar por loco, pero la estamos encarando juntos. Al final, ha sido una de las cosas que te regala la vida. A mi padre le quiero un mont\u00f3n, pero Manolo est\u00e1 a esa altura y es que lo hemos vivido todo juntos. Hemos convivido tanto, que siento que estamos llevando el mismo camino. Y somos peleones, lo tengo claro. Creemos mucho en lo que hacemos y no vamos a doblar la rodilla. Lo que s\u00ed puedo garantizar es que aqu\u00ed no va a quedar nada de nuestra parte porque esto siga adelante. Porque nuestra pasi\u00f3n es hacer un equipo desde la base, como lo estamos haciendo y llevarlo al Tour de Francia con chavales. Con gente de casa, gente que quiera crecer aqu\u00ed. Hasta que no lo consigamos, no vamos a parar. No nos vamos a rendir.\u00a0<\/p>\n<p>\n      Todo sobre<br \/>\n      <a href=\"https:\/\/www.naiz.eus\/es\/info_sek\/vuelta-2026\" rel=\"nofollow noopener\" target=\"_blank\">Vuelta 2026<\/a>\n    <\/p>\n","protected":false},"excerpt":{"rendered":"Juanjo Oroz, m\u00e1nager del Kern Pharma. (Jagoba Manterola | Foku) El equipo Kern Pharma ha vuelto este a\u00f1o&hellip;\n","protected":false},"author":2,"featured_media":743159,"comment_status":"","ping_status":"","sticky":false,"template":"","format":"standard","meta":{"footnotes":""},"categories":[273],"tags":[313,11687,16866,312,168,25,24,25750,26829,23,167,3581,4709,1261],"class_list":["post-743158","post","type-post","status-publish","format-standard","has-post-thumbnail","category-ciclismo","tag-ciclismo","tag-conseguir","tag-continuidad","tag-cycling","tag-deportes","tag-es","tag-espana","tag-luchar","tag-objetivos","tag-spain","tag-sports","tag-tanto","tag-vamos","tag-victoria"],"share_on_mastodon":{"url":"https:\/\/pubeurope.com\/@es\/117199095771913341","error":""},"_links":{"self":[{"href":"https:\/\/www.europesays.com\/es\/wp-json\/wp\/v2\/posts\/743158","targetHints":{"allow":["GET"]}}],"collection":[{"href":"https:\/\/www.europesays.com\/es\/wp-json\/wp\/v2\/posts"}],"about":[{"href":"https:\/\/www.europesays.com\/es\/wp-json\/wp\/v2\/types\/post"}],"author":[{"embeddable":true,"href":"https:\/\/www.europesays.com\/es\/wp-json\/wp\/v2\/users\/2"}],"replies":[{"embeddable":true,"href":"https:\/\/www.europesays.com\/es\/wp-json\/wp\/v2\/comments?post=743158"}],"version-history":[{"count":0,"href":"https:\/\/www.europesays.com\/es\/wp-json\/wp\/v2\/posts\/743158\/revisions"}],"wp:featuredmedia":[{"embeddable":true,"href":"https:\/\/www.europesays.com\/es\/wp-json\/wp\/v2\/media\/743159"}],"wp:attachment":[{"href":"https:\/\/www.europesays.com\/es\/wp-json\/wp\/v2\/media?parent=743158"}],"wp:term":[{"taxonomy":"category","embeddable":true,"href":"https:\/\/www.europesays.com\/es\/wp-json\/wp\/v2\/categories?post=743158"},{"taxonomy":"post_tag","embeddable":true,"href":"https:\/\/www.europesays.com\/es\/wp-json\/wp\/v2\/tags?post=743158"}],"curies":[{"name":"wp","href":"https:\/\/api.w.org\/{rel}","templated":true}]}}