{"id":743164,"date":"2026-09-02T02:33:19","date_gmt":"2026-09-02T02:33:19","guid":{"rendered":"https:\/\/www.europesays.com\/es\/743164\/"},"modified":"2026-09-02T02:33:19","modified_gmt":"2026-09-02T02:33:19","slug":"lionel-richie-ingresa-en-cuidados-intensivos-tras-sus-problemas-de-salud-en-pleno-concierto","status":"publish","type":"post","link":"https:\/\/www.europesays.com\/es\/743164\/","title":{"rendered":"Lionel Richie ingresa en cuidados intensivos tras sus problemas de salud en pleno concierto"},"content":{"rendered":"<p class=\"c-paragraph\">El cantante estadounidense <b>Lionel Richie ingres\u00f3 voluntariamente el pasado s\u00e1bado en un hospital de St. Louis (Misuri), en la unidad de cuidados intensivos<\/b>, para someterse a pruebas m\u00e9dicas, seg\u00fan inform\u00f3 este lunes el portal de far\u00e1ndula TMZ.\u00a0<\/p>\n<p class=\"c-paragraph\">El portal, que cit\u00f3 fuentes cercanas al legendario artista de<b> 77 a\u00f1os<\/b>, indic\u00f3 que este ingres\u00f3 por precauci\u00f3n tras tener dificultades para mantenerse de pie en el <a href=\"https:\/\/www.20minutos.es\/gente\/lionel-richie-es-hospitalizado-urgencia-tras-sufrir-un-mareo-un-concierto_7007074_0.html\" title=\"Lionel Richie es hospitalizado de urgencia tras sufrir un mareo en un concierto\" rel=\"nofollow noopener\" target=\"_blank\">concierto que dio esa misma noche<\/a>, pero espera ser dado de alta ma\u00f1ana martes.\u00a0<\/p>\n<p class=\"c-paragraph\">Al final de su actuaci\u00f3n en la sala The Muny de St. Louis, mientras cantaba su \u00e9xito All night long, Richie<b> pidi\u00f3 a su equipo una silla para sentarse<\/b>, seg\u00fan se observa en v\u00eddeos del concierto publicados en redes sociales.\u00a0<\/p>\n<p class=\"c-paragraph\">Los m\u00e9dicos barajan que el autor de \u00e9xitos como Hello y Endless love sufriera una <b>\u00abligera deshidrataci\u00f3n\u00bb<\/b>, agreg\u00f3 el medio.\u00a0<\/p>\n<p class=\"c-paragraph\">El ingreso del ganador del Grammy se produce despu\u00e9s de otros <b>problemas de salud que le obligaron a finalizar antes de tiempo un concierto a finales de junio en Minesot<\/b>a, y en el que dijo a la audiencia que se sent\u00eda \u00abmareado\u00bb y tambi\u00e9n pidi\u00f3 una silla para descansar.\u00a0<\/p>\n<p class=\"c-paragraph\">Despu\u00e9s de ese incidente en la primera parada de su gira &#8216;Sing a song all night long&#8217;, Richie pospuso los dos siguientes conciertos, que iban a celebrarse en Chicago y Columbus (Ohio), explicando que sus m\u00e9dicos le hab\u00edan recomendado \u00abdescansar y recuperar la salud por completo\u00bb.\u00a0<\/p>\n<p class=\"c-paragraph\">El 4 de julio, public\u00f3 un mensaje en Instagram agradeciendo a sus seguidores su cari\u00f1o y agreg\u00f3 que <b>se encontraba \u00abbien\u00bb<\/b>.\u00a0<\/p>\n<p class=\"c-paragraph\">El tambi\u00e9n jurado del concurso de talento &#8216;American Idol&#8217; no ha publicado nada en sus redes sociales desde el jueves, cuando homenaje\u00f3 a la fallecida cantante Dolly Parton, pero sus seguidores le han dejado cientos de comentarios dese\u00e1ndole una pronta recuperaci\u00f3n.<\/p>\n","protected":false},"excerpt":{"rendered":"El cantante estadounidense Lionel Richie ingres\u00f3 voluntariamente el pasado s\u00e1bado en un hospital de St. Louis (Misuri), en&hellip;\n","protected":false},"author":2,"featured_media":743165,"comment_status":"","ping_status":"","sticky":false,"template":"","format":"standard","meta":{"footnotes":""},"categories":[174],"tags":[255,33385,146,147,25,24,256,12881,131852,46249,131851,23],"class_list":["post-743164","post","type-post","status-publish","format-standard","has-post-thumbnail","category-famosos","tag-celebrities","tag-cuidados","tag-entertainment","tag-entretenimiento","tag-es","tag-espana","tag-famosos","tag-ingresa","tag-intensivos","tag-lionel","tag-richie","tag-spain"],"share_on_mastodon":{"url":"https:\/\/pubeurope.com\/@es\/117199110550620575","error":""},"_links":{"self":[{"href":"https:\/\/www.europesays.com\/es\/wp-json\/wp\/v2\/posts\/743164","targetHints":{"allow":["GET"]}}],"collection":[{"href":"https:\/\/www.europesays.com\/es\/wp-json\/wp\/v2\/posts"}],"about":[{"href":"https:\/\/www.europesays.com\/es\/wp-json\/wp\/v2\/types\/post"}],"author":[{"embeddable":true,"href":"https:\/\/www.europesays.com\/es\/wp-json\/wp\/v2\/users\/2"}],"replies":[{"embeddable":true,"href":"https:\/\/www.europesays.com\/es\/wp-json\/wp\/v2\/comments?post=743164"}],"version-history":[{"count":0,"href":"https:\/\/www.europesays.com\/es\/wp-json\/wp\/v2\/posts\/743164\/revisions"}],"wp:featuredmedia":[{"embeddable":true,"href":"https:\/\/www.europesays.com\/es\/wp-json\/wp\/v2\/media\/743165"}],"wp:attachment":[{"href":"https:\/\/www.europesays.com\/es\/wp-json\/wp\/v2\/media?parent=743164"}],"wp:term":[{"taxonomy":"category","embeddable":true,"href":"https:\/\/www.europesays.com\/es\/wp-json\/wp\/v2\/categories?post=743164"},{"taxonomy":"post_tag","embeddable":true,"href":"https:\/\/www.europesays.com\/es\/wp-json\/wp\/v2\/tags?post=743164"}],"curies":[{"name":"wp","href":"https:\/\/api.w.org\/{rel}","templated":true}]}}