{"id":74317,"date":"2025-08-26T21:17:08","date_gmt":"2025-08-26T21:17:08","guid":{"rendered":"https:\/\/www.europesays.com\/es\/74317\/"},"modified":"2025-08-26T21:17:08","modified_gmt":"2025-08-26T21:17:08","slug":"muere-isabel-pisano-periodista-actriz-y-expareja-de-yasir-arafat","status":"publish","type":"post","link":"https:\/\/www.europesays.com\/es\/74317\/","title":{"rendered":"Muere Isabel Pisano, periodista, actriz y expareja de Yasir Arafat"},"content":{"rendered":"<p>26\/08\/2025<br \/>\n<br \/><strong><br \/>\nActualizado a las 19:03h.<br \/>\n<\/strong><\/p>\n<p class=\"voc-p\" style=\"\">La periodista y actriz Isabel Pisano ha fallecido a los 81 a\u00f1os, seg\u00fan ha confirmado la Asociaci\u00f3n de la Prensa de Madrid (APM) a trav\u00e9s de su perfil de la red social X en un mensaje en el que se referido a ella como <strong>una persona que \u00abromp\u00eda moldes\u00bb.<\/strong><\/p>\n<p class=\"voc-p\" style=\"\">La Academia de Cine ha recordado, por su parte, algunos de los papeles interpretados por la actriz y corresponsal de guerra como <strong>&#8216;Bilbao&#8217; de Bigas Luna, &#8216;Trauma&#8217;, de Le\u00f3n Klimovsky, o &#8216;Una sombra en la oscuridad&#8217;, <\/strong>de Diego Santill\u00e1n.<\/p>\n<p class=\"voc-p\" style=\"\">Pisano, nacida en Montevideo (Uruguay), ha sido galardonada con la <strong>medalla del Ministerio de Cultura de Espa\u00f1a <\/strong>y fue seleccionada \u00abmejor periodista del a\u00f1o 2002\u00bb por la Asociaci\u00f3n de Revistas de Informaci\u00f3n. En su trayectoria como periodista, ha colaborado con medios nacionales e internacionales como la RAI, Telecinco, Intervi\u00fa, El Mundo, Il Giornale o The Guardian y entrevist\u00f3 a numerosos jefes de Estado, pol\u00edticos y personalidades del mundo del cine y la cultura.<\/p>\n<p class=\"voc-p\" style=\"\">Como enviada especial a zonas de conflicto, <strong>cubri\u00f3 las guerras del L\u00edbano, Chad, Irak, Bosnia y Somalia,<\/strong> y fue la \u00fanica periodista que en 1993 estuvo en los bombardeos de Mosul y Basora, en Irak.<\/p>\n<p class=\"voc-p\" style=\"\">Entre otros galardones, posee la Menci\u00f3n Especial del Jurado del Premio Ilaria Alpi 1997 de la RAI; el Premio Ciudad de Valencia; el acc\u00e9sit ARi 1999, y el ARi como Periodista del A\u00f1o 2002 por sus reportajes internacionales en la revista Marie Claire. Ha sido miembro fundador del Aix of peace en Bruselas junto con los Nobel de la Paz P\u00e9rez Esquivel y Al Baradei, el Nobel de Literatura Jos\u00e9 Saramago y el presidente de la Red Voltaire Thierry Meyssan.<\/p>\n<p>\nSu vida sentimental con Arafat\n<\/p>\n<p class=\"voc-p\" style=\"\">Pisano cont\u00f3 en su libro &#8216;Yasser Arafat, la pasi\u00f3n de un l\u00edder&#8217; (2022) que<strong> mantuvo una relaci\u00f3n sentimental con el ex presidente de la Autoridad Nacional Palestina<\/strong>. La periodista conoci\u00f3 al exdirigente en los a\u00f1os 80 cuando trabajaba como corresponsal de guerra. <\/p>\n<p class=\"voc-p\" style=\"\">Seg\u00fan ella misma ha relatado en entrevistas y en su libro mantuvieron una relaci\u00f3n cercana durante m\u00e1s de diez a\u00f1os. Describe que vivi\u00f3 con \u00e9l en distintos lugares, T\u00fanez, Beirut, Tr\u00edpoli y despu\u00e9s en Gaza, y que fue testigo tanto de su vida \u00edntima como de su actividad pol\u00edtica.<\/p>\n<p class=\"voc-p\" style=\"\">Su relato mezcla la faceta privada y sentimental de Arafat con una mirada desde dentro al movimiento palestino y a la figura del l\u00edder. M\u00e1s tarde, Pisano se convirti\u00f3 en escritora de novelas y ensayos, adem\u00e1s de cronista de conflictos en Oriente Medio y \u00c1frica.<\/p>\n<p>Reportar un error<\/p>\n","protected":false},"excerpt":{"rendered":"26\/08\/2025 Actualizado a las 19:03h. La periodista y actriz Isabel Pisano ha fallecido a los 81 a\u00f1os, seg\u00fan&hellip;\n","protected":false},"author":2,"featured_media":74318,"comment_status":"","ping_status":"","sticky":false,"template":"","format":"standard","meta":{"footnotes":""},"categories":[91],"tags":[6456,146,147,25,24,1729,8938,5398,29038,23],"class_list":{"0":"post-74317","1":"post","2":"type-post","3":"status-publish","4":"format-standard","5":"has-post-thumbnail","7":"category-entretenimiento","8":"tag-actriz","9":"tag-entertainment","10":"tag-entretenimiento","11":"tag-es","12":"tag-espana","13":"tag-isabel","14":"tag-muere","15":"tag-periodista","16":"tag-pisano","17":"tag-spain"},"share_on_mastodon":{"url":"","error":""},"_links":{"self":[{"href":"https:\/\/www.europesays.com\/es\/wp-json\/wp\/v2\/posts\/74317","targetHints":{"allow":["GET"]}}],"collection":[{"href":"https:\/\/www.europesays.com\/es\/wp-json\/wp\/v2\/posts"}],"about":[{"href":"https:\/\/www.europesays.com\/es\/wp-json\/wp\/v2\/types\/post"}],"author":[{"embeddable":true,"href":"https:\/\/www.europesays.com\/es\/wp-json\/wp\/v2\/users\/2"}],"replies":[{"embeddable":true,"href":"https:\/\/www.europesays.com\/es\/wp-json\/wp\/v2\/comments?post=74317"}],"version-history":[{"count":0,"href":"https:\/\/www.europesays.com\/es\/wp-json\/wp\/v2\/posts\/74317\/revisions"}],"wp:featuredmedia":[{"embeddable":true,"href":"https:\/\/www.europesays.com\/es\/wp-json\/wp\/v2\/media\/74318"}],"wp:attachment":[{"href":"https:\/\/www.europesays.com\/es\/wp-json\/wp\/v2\/media?parent=74317"}],"wp:term":[{"taxonomy":"category","embeddable":true,"href":"https:\/\/www.europesays.com\/es\/wp-json\/wp\/v2\/categories?post=74317"},{"taxonomy":"post_tag","embeddable":true,"href":"https:\/\/www.europesays.com\/es\/wp-json\/wp\/v2\/tags?post=74317"}],"curies":[{"name":"wp","href":"https:\/\/api.w.org\/{rel}","templated":true}]}}