{"id":743170,"date":"2026-09-02T02:38:18","date_gmt":"2026-09-02T02:38:18","guid":{"rendered":"https:\/\/www.europesays.com\/es\/743170\/"},"modified":"2026-09-02T02:38:18","modified_gmt":"2026-09-02T02:38:18","slug":"bienvenidos-a-hogwarts-los-fans-de-harry-potter-vuelven-a-celebrar-un-1-de-septiembre-magico","status":"publish","type":"post","link":"https:\/\/www.europesays.com\/es\/743170\/","title":{"rendered":"&#8216;Bienvenidos a Hogwarts&#8217;: los fans de Harry Potter vuelven a celebrar un 1 de septiembre m\u00e1gico"},"content":{"rendered":"<p class=\"article-text\">\n        Cientos de seguidores de &#8216;Harry Potter&#8217; venidos de todos los rincones del mundo se dieron cita este martes en Londres para celebrar, como cada 1 de septiembre, el inicio de curso en la escuela ficticia de magia y hechicer\u00eda de Hogwarts y el inminente estreno de la <a href=\"https:\/\/www.eldiario.es\/vertele\/series\/serie-harry-potter-cambiara-escudos-hogwarts-acercarse-son-libros-vt_1_13479657.html\" target=\"_blank\" data-mrf-recirculation=\"links-noticia\" class=\"link\" rel=\"nofollow noopener\">nueva serie<\/a> sobre la saga fant\u00e1stica.\n    <\/p>\n<p class=\"article-text\">\n        En la primera entrega, &#8216;Harry Potter y la Piedra Filosofal&#8217;, la escritora J.K. Rowling describe una escena concreta: a las 11 de la ma\u00f1ana del primer d\u00eda de septiembre, Harry Potter acude a la estaci\u00f3n londinense de King\u00b4s Cross para tomar el tren hacia Hogwarts desde la plataforma 9 y 3\/4, a la que solo se puede acceder atravesando una pared m\u00e1gica.\n    <\/p>\n<p class=\"article-text\">\n        Este martes, para tratar de descongestionar la estaci\u00f3n original, la plataforma de contenido bajo demanda HBO Max ha trasladado esta escena hasta el antiguo mercado de Old Billingsgate, a orillas del r\u00edo T\u00e1mesis, con una experiencia interactiva para &#8216;fans&#8217; para celebrar los m\u00e1s de 25 a\u00f1os de historia de la saga y el inicio de una nueva era, con nuevas caras, antes del lanzamiento de la serie, prevista para el d\u00eda de Navidad.\n    <\/p>\n<p>            <img decoding=\"async\" class=\"lazy\" loading=\"lazy\" data-src=\"https:\/\/static.eldiario.es\/clip\/3f122a0a-3f9f-4caa-a8cf-9e866715eb38_16-9-discover-aspect-ratio_default_0_x1360y215.jpg\" src=\"data:image\/svg+xml,%3Csvg xmlns=\" http:=\"\" viewbox=\"0 0 1200 675\" alt=\"Una fan de Harry Potter celebra el primer d\u00eda de curso\"\/><\/p>\n<p class=\"article-text\">\n        Los primeros privilegiados en disfrutar de esta experiencia fueron, adem\u00e1s de la prensa, decenas de &#8216;influencers&#8217; especializados en &#8216;Harry Potter&#8217;, venidos desde pa\u00edses de Europa o Latinoam\u00e9rica, armados con sus tel\u00e9fonos m\u00f3viles, c\u00e1maras, tr\u00edpodes, y micr\u00f3fonos, para no perder detalle del evento y relatarlo minuto a minuto para sus miles de seguidores.\n    <\/p>\n<p class=\"article-text\">\n        Como si estuvieran en la piel de sus personajes favoritos, pudieron montarse en el Hogwarts Express, la posibilidad de enviar una carta a trav\u00e9s del correo m\u00e1gico de lechuzas, vestirse con el uniforme de su casa m\u00e1gica correspondiente o aguardar la salida del tren hacia Hogwarts con la emblem\u00e1tica cuenta atr\u00e1s.\n    <\/p>\n<p>    Un viaje generacional<\/p>\n<p class=\"article-text\">\n        \u201cPara m\u00ed es un sue\u00f1o, no me creo que est\u00e9 aqu\u00ed. \u00bfQui\u00e9n me iba a decir con 11 a\u00f1os que iba a estar -en Londres- viviendo un momento tan importante como es un 1 de septiembre, la vuelta a casa?\u201d, afirm\u00f3 a EFE la creadora de contenido espa\u00f1ola Jenn Royal.\n    <\/p>\n<p class=\"article-text\">\n        Junto a ella, el madrile\u00f1o Sergio Casas, conocido en redes como &#8216;El Traslador&#8217;, recuerda con ilusi\u00f3n c\u00f3mo su vida \u201ccambi\u00f3\u201d despu\u00e9s de ver por primera vez la primera pel\u00edcula de &#8216;Harry Potter&#8217; y emprendi\u00f3 \u201cun viaje de no retorno\u201d que le ha acompa\u00f1ado durante su infancia, adolescencia y ahora en la edad adulta.\n    <\/p>\n<p>            <img decoding=\"async\" class=\"lazy\" loading=\"lazy\" data-src=\"https:\/\/static.eldiario.es\/clip\/8fe70136-5510-40ff-9b76-f62aea64c02c_16-9-discover-aspect-ratio_default_0_x588y1042.jpg\" src=\"data:image\/svg+xml,%3Csvg xmlns=\" http:=\"\" viewbox=\"0 0 1200 675\" alt=\"Miles de seguidores de 'Harry Potter' se re\u00fanen en Londres para celebrar la salida del tren hacia la escuela ficticia de magia y hechicer\u00eda de Hogwarts\"\/><\/p>\n<p class=\"article-text\">\n        Por ello, la serie le parece un \u201cregalo\u201d para todos los seguidores de la saga y espera que pueda plasmar escenas y personajes de los libros que no se han visto en las pel\u00edculas, con \u201cfrescura y tramas m\u00e1s desarrolladas\u201d.\n    <\/p>\n<p class=\"article-text\">\n        Una emoci\u00f3n similar es la que comparten con EFE Rishla y Josephine, madre e hija. La primera devor\u00f3 los libros durante su \u00e9poca universitaria y relata que, despu\u00e9s de ser madre se los le\u00eda a sus hijos; han visto las pel\u00edculas juntos y desean poder hacer lo mismo con la nueva serie.\n    <\/p>\n<p>    <a href=\"https:\/\/www.eldiario.es\/vertele\/series\/serie-harry-potter-cambiara-escudos-hogwarts-acercarse-son-libros-vt_1_13479657.html\" data-mrf-recirculation=\"saber-mas-abajo\" data-dl-event=\"saber-mas-abajo\" rel=\"nofollow noopener\" target=\"_blank\"><\/p>\n<p class=\"know-more__title\">La serie de &#8216;Harry Potter&#8217; redise\u00f1a los escudos de las 4 casas de Hogwarts para acercarse a la descripci\u00f3n de los libros\n<\/p>\n<p>            <img decoding=\"async\" class=\"lazy\" loading=\"lazy\" data-src=\"https:\/\/static.eldiario.es\/clip\/8839524e-aec3-4e71-bd6e-3a46b2ccb113_16-9-aspect-ratio_default_0.jpg\" src=\"data:image\/svg+xml,%3Csvg xmlns=\" http:=\"\" viewbox=\"0 0 880 495\" alt=\"La serie de 'Harry Potter' redise\u00f1a los escudos de las 4 casas de Hogwarts para acercarse a la descripci\u00f3n de los libros\"\/><\/p>\n<p>                        <\/a><\/p>\n<p class=\"article-text\">\n        La llegada de &#8216;Harry Potter&#8217; a la peque\u00f1a pantalla vendr\u00e1 de la mano de un renovado elenco de actores, y no viene exenta de pol\u00e9mica; pero en este evento patrocinado, el nombre de <a href=\"https:\/\/www.eldiario.es\/cultura\/cine\/emma-watson-habla-primera-vez-publicamente-disputas-j-k-rowling-acerca-personas-trans_1_12633341.html\" target=\"_blank\" data-mrf-recirculation=\"links-noticia\" class=\"link\" rel=\"nofollow noopener\">la escritora J.K. Rowling -tildada de tr\u00e1nsfoba<\/a> por sus m\u00faltiples declaraciones p\u00fablicas sobre su visi\u00f3n sobre la mujer y la identidad de g\u00e9nero- es pr\u00e1cticamente un tab\u00fa.\n    <\/p>\n","protected":false},"excerpt":{"rendered":"Cientos de seguidores de &#8216;Harry Potter&#8217; venidos de todos los rincones del mundo se dieron cita este martes&hellip;\n","protected":false},"author":2,"featured_media":743171,"comment_status":"","ping_status":"","sticky":false,"template":"","format":"standard","meta":{"footnotes":""},"categories":[169],"tags":[3099,5187,177,146,147,25,24,7136,176,12144,41170,7228,175,12145,1971,23,1357],"class_list":["post-743170","post","type-post","status-publish","format-standard","has-post-thumbnail","category-cine","tag-3099","tag-celebran","tag-cine","tag-entertainment","tag-entretenimiento","tag-es","tag-espana","tag-fans","tag-film","tag-harry","tag-hogwarts","tag-londres","tag-movies","tag-potter","tag-septiembre","tag-spain","tag-vuelta"],"share_on_mastodon":{"url":"https:\/\/pubeurope.com\/@es\/117199130378304125","error":""},"_links":{"self":[{"href":"https:\/\/www.europesays.com\/es\/wp-json\/wp\/v2\/posts\/743170","targetHints":{"allow":["GET"]}}],"collection":[{"href":"https:\/\/www.europesays.com\/es\/wp-json\/wp\/v2\/posts"}],"about":[{"href":"https:\/\/www.europesays.com\/es\/wp-json\/wp\/v2\/types\/post"}],"author":[{"embeddable":true,"href":"https:\/\/www.europesays.com\/es\/wp-json\/wp\/v2\/users\/2"}],"replies":[{"embeddable":true,"href":"https:\/\/www.europesays.com\/es\/wp-json\/wp\/v2\/comments?post=743170"}],"version-history":[{"count":0,"href":"https:\/\/www.europesays.com\/es\/wp-json\/wp\/v2\/posts\/743170\/revisions"}],"wp:featuredmedia":[{"embeddable":true,"href":"https:\/\/www.europesays.com\/es\/wp-json\/wp\/v2\/media\/743171"}],"wp:attachment":[{"href":"https:\/\/www.europesays.com\/es\/wp-json\/wp\/v2\/media?parent=743170"}],"wp:term":[{"taxonomy":"category","embeddable":true,"href":"https:\/\/www.europesays.com\/es\/wp-json\/wp\/v2\/categories?post=743170"},{"taxonomy":"post_tag","embeddable":true,"href":"https:\/\/www.europesays.com\/es\/wp-json\/wp\/v2\/tags?post=743170"}],"curies":[{"name":"wp","href":"https:\/\/api.w.org\/{rel}","templated":true}]}}