{"id":743174,"date":"2026-09-02T02:40:17","date_gmt":"2026-09-02T02:40:17","guid":{"rendered":"https:\/\/www.europesays.com\/es\/743174\/"},"modified":"2026-09-02T02:40:17","modified_gmt":"2026-09-02T02:40:17","slug":"reabren-escuelas-en-el-epicentro-del-ebola-en-el-congo-pese-a-inquietud-de-padres-y-maestros","status":"publish","type":"post","link":"https:\/\/www.europesays.com\/es\/743174\/","title":{"rendered":"Reabren escuelas en el epicentro del \u00e9bola en el Congo pese a inquietud de padres y maestros"},"content":{"rendered":"<p>BUNIA, Rep\u00fablica Democr\u00e1tica del Congo (AP) \u2014 Un nuevo a\u00f1o acad\u00e9mico comenz\u00f3 el martes en toda la Rep\u00fablica Democr\u00e1tica del Congo, pese a la preocupaci\u00f3n de padres y docentes de que el brote de \u00e9bola del pa\u00eds a\u00fan represente riesgos para los ni\u00f1os en el epicentro.<\/p>\n<p>La reanudaci\u00f3n de las clases se produce en medio de lo que las autoridades describen como el brote de la enfermedad de m\u00e1s r\u00e1pido crecimiento jam\u00e1s registrado, con 2.950 muertos entre los 6.100 casos confirmados hasta ahora desde mediados de mayo.<\/p>\n<p>El sindicato que representa a los docentes en la provincia de Ituri, el epicentro del brote, hab\u00eda pedido retrasar el reinicio de las clases, pero el gobierno sigui\u00f3 adelante. La UNICEF, el organismo de la ONU para la infancia, indic\u00f3 que est\u00e1 apoyando a las autoridades para prevenir contagios en las escuelas.<\/p>\n<p>Algunas escuelas de Ituri, especialmente las que pertenecen al gobierno, registraron una baja asistencia. Las autoridades de la localidad no respondieron a una solicitud de comentarios sobre las medidas para garantizar que no haya transmisi\u00f3n en las aulas.<\/p>\n<p>Aimerance Vahweka, madre en Bunia, la capital de Ituri, coment\u00f3 que el reinicio escolar la tom\u00f3 por sorpresa y que por ahora mantiene a su hijo en casa.<\/p>\n<p>\u201cNo veo realmente un aumento en las medidas de prevenci\u00f3n\u201d, manifest\u00f3.<\/p>\n<p>Otros funcionarios del sector educativo se\u00f1alaron que est\u00e1n dotando a las escuelas de term\u00f3metros infrarrojos sin contacto, desinfectantes de manos y lavamanos.<\/p>\n<p>\u201cTambi\u00e9n concienciamos a los estudiantes sobre el cumplimiento de los protocolos de higiene, en particular el lavado regular de manos y el uso de desinfectante\u201d, expres\u00f3 Etienne Ndjabu, docente en una escuela privada de Bunia.<\/p>\n<p>Los expertos afirman que a\u00fan persisten grandes desaf\u00edos, ya que muchas escuelas carecen de acceso a agua limpia y la financiaci\u00f3n sigue por debajo de lo previsto.<\/p>\n<p>\u201cTambi\u00e9n hay importantes desaf\u00edos log\u00edsticos, particularmente en zonas remotas, donde la entrega de equipos y materiales de aprendizaje puede retrasarse\u201d, indic\u00f3 Greg Ramm, director de Save the Children en el Congo.<\/p>\n<p>Los ni\u00f1os de 4 a\u00f1os o menos presentan una tasa de mortalidad del 60%, la m\u00e1s alta de cualquier grupo de edad en el brote, seg\u00fan los datos de salud disponibles.<\/p>\n<p>\u201cLa prioridad es proteger la salud de los estudiantes, los docentes y las comunidades, y preservar, en la medida de lo posible, el derecho de los ni\u00f1os a aprender\u201d, afirm\u00f3 Dounia Dekhili, coordinadora de Emergencias de la UNICEF en la Rep\u00fablica Democr\u00e1tica del Congo.<\/p>\n<p>El brote m\u00e1s reciente, causado por el raro virus Bundibugyo, se ha extendido a m\u00e1s de 60 zonas sanitarias. Las autoridades piensan que se hab\u00eda propagado sin ser detectado entre las comunidades al menos desde febrero. La Organizaci\u00f3n Mundial de la Salud se\u00f1al\u00f3 que el brote va camino de superar el brote regional de \u00c1frica Occidental que se produjo entre 2014 y 2016.<\/p>\n<p>Los trabajadores de la salud en las provincias afectadas han realizado varias huelgas para protestar por retrasos en los pagos, lo que ha afectado la respuesta al brote.<\/p>\n<p>Los esfuerzos por contener la enfermedad se han visto obstaculizados por la falta de una vacuna o tratamiento aprobados. Las autoridades congole\u00f1as hab\u00edan comenzado a distribuir miles de dosis de la vacuna Ervebo, que, seg\u00fan la OMS, podr\u00eda brindar cierta protecci\u00f3n.<\/p>\n<p>El conflicto entre el gobierno y los grupos rebeldes en la regi\u00f3n oriental, los ataques contra trabajadores de la salud y un intenso movimiento de poblaci\u00f3n tambi\u00e9n han agravado el brote.<\/p>\n<p>___<\/p>\n<p>Esta historia fue traducida del ingl\u00e9s por un editor de AP con la ayuda de una herramienta de inteligencia artificial generativa.<\/p>\n","protected":false},"excerpt":{"rendered":"BUNIA, Rep\u00fablica Democr\u00e1tica del Congo (AP) \u2014 Un nuevo a\u00f1o acad\u00e9mico comenz\u00f3 el martes en toda la Rep\u00fablica&hellip;\n","protected":false},"author":2,"featured_media":743175,"comment_status":"","ping_status":"","sticky":false,"template":"","format":"standard","meta":{"footnotes":""},"categories":[92],"tags":[25,24,165,10,166,23],"class_list":["post-743174","post","type-post","status-publish","format-standard","has-post-thumbnail","category-salud","tag-es","tag-espana","tag-health","tag-noticias","tag-salud","tag-spain"],"share_on_mastodon":{"url":"https:\/\/pubeurope.com\/@es\/117199138316719266","error":""},"_links":{"self":[{"href":"https:\/\/www.europesays.com\/es\/wp-json\/wp\/v2\/posts\/743174","targetHints":{"allow":["GET"]}}],"collection":[{"href":"https:\/\/www.europesays.com\/es\/wp-json\/wp\/v2\/posts"}],"about":[{"href":"https:\/\/www.europesays.com\/es\/wp-json\/wp\/v2\/types\/post"}],"author":[{"embeddable":true,"href":"https:\/\/www.europesays.com\/es\/wp-json\/wp\/v2\/users\/2"}],"replies":[{"embeddable":true,"href":"https:\/\/www.europesays.com\/es\/wp-json\/wp\/v2\/comments?post=743174"}],"version-history":[{"count":0,"href":"https:\/\/www.europesays.com\/es\/wp-json\/wp\/v2\/posts\/743174\/revisions"}],"wp:featuredmedia":[{"embeddable":true,"href":"https:\/\/www.europesays.com\/es\/wp-json\/wp\/v2\/media\/743175"}],"wp:attachment":[{"href":"https:\/\/www.europesays.com\/es\/wp-json\/wp\/v2\/media?parent=743174"}],"wp:term":[{"taxonomy":"category","embeddable":true,"href":"https:\/\/www.europesays.com\/es\/wp-json\/wp\/v2\/categories?post=743174"},{"taxonomy":"post_tag","embeddable":true,"href":"https:\/\/www.europesays.com\/es\/wp-json\/wp\/v2\/tags?post=743174"}],"curies":[{"name":"wp","href":"https:\/\/api.w.org\/{rel}","templated":true}]}}