{"id":743182,"date":"2026-09-02T02:44:20","date_gmt":"2026-09-02T02:44:20","guid":{"rendered":"https:\/\/www.europesays.com\/es\/743182\/"},"modified":"2026-09-02T02:44:20","modified_gmt":"2026-09-02T02:44:20","slug":"putin-califica-las-amenazas-de-zelenski-de-apelacion-al-terrorismo-de-estado","status":"publish","type":"post","link":"https:\/\/www.europesays.com\/es\/743182\/","title":{"rendered":"Putin califica las amenazas de Zelenski de \u00abapelaci\u00f3n al terrorismo de Estado\u00bb"},"content":{"rendered":"<p><img decoding=\"async\" class=\"v-ath__i\" loading=\"lazy\" src=\"https:\/\/www.europesays.com\/es\/wp-content\/uploads\/2026\/09\/1788317060_898_autor-5496-foto-3.jpeg\" alt=\"Agencia EFE\"\/><\/p>\n<p>02\/09\/2026 a las 01:01h.<\/p>\n<p class=\"v-d-p\" style=\"\">Mosc\u00fa, 1 sep (EFE).- El presidente ruso, Vlad\u00edmir Putin, calific\u00f3 hoy de \u00abapelaci\u00f3n al terrorismo de Estado\u00bb las amenazas vertidas por el l\u00edder ucraniano, Volod\u00edmir Zelenski, sobre que har\u00e1 que el espacio a\u00e9reo ruso sea \u00abcompletamente inseguro\u00bb. \u00abEsta es simplemente una apelaci\u00f3n al terrorismo de  &#8230; Estado\u00bb, dijo Putin en rueda de prensa en Kirguist\u00e1n, en la que advirti\u00f3 que Mosc\u00fa responder\u00e1 a cualquier ataque por parte de Kiev. IM\u00c1GENES: KREMLIN. SOLO USO EDITORIAL. NO VENTAS\/ SOLO DISPONIBLE PARA ILUSTRAR LA NOTICIA QUE ACOMPA\u00d1A (CR\u00c9DITO OBLIGATORIO).  INCLUYE TOTALES EN RUSO DEL PRESIDENTE DE RUSIA, VLAD\u00cdMIR PUTIN, EN RUEDA DE PRENSA EN KIRGUIST\u00c1N. Traducci\u00f3n total presidente ruso, Vlad\u00edmir Putin: 1.- \u00abEsto es simplemente una apelaci\u00f3n al terrorismo de Estado. Quiero destacar que nos piden reanudar las negociaciones, sobre reuniones personales, pero con los terroristas no se negocia\u00bb.<\/p>\n","protected":false},"excerpt":{"rendered":"02\/09\/2026 a las 01:01h. Mosc\u00fa, 1 sep (EFE).- El presidente ruso, Vlad\u00edmir Putin, calific\u00f3 hoy de \u00abapelaci\u00f3n al&hellip;\n","protected":false},"author":2,"featured_media":743183,"comment_status":"","ping_status":"","sticky":false,"template":"","format":"standard","meta":{"footnotes":""},"categories":[42],"tags":[12339,40622,17,18,50301,693,13,14,11,61,62,63,64,19,20,9,10,15,16,10981,592,12,21,22,65,66,67,2318],"class_list":["post-743182","post","type-post","status-publish","format-standard","has-post-thumbnail","category-internacional","tag-amenazas","tag-apelacion","tag-breaking-news","tag-breakingnews","tag-califica","tag-estado","tag-featured-news","tag-featurednews","tag-headlines","tag-internacional","tag-international","tag-international-news","tag-internationalnews","tag-latest-news","tag-latestnews","tag-news","tag-noticias","tag-noticias-destacadas","tag-noticiasdestacadas","tag-putin","tag-terrorismo","tag-titulares","tag-ultimas-noticias","tag-ultimasnoticias","tag-world","tag-world-news","tag-worldnews","tag-zelenski"],"share_on_mastodon":{"url":"https:\/\/pubeurope.com\/@es\/117199154673739787","error":""},"_links":{"self":[{"href":"https:\/\/www.europesays.com\/es\/wp-json\/wp\/v2\/posts\/743182","targetHints":{"allow":["GET"]}}],"collection":[{"href":"https:\/\/www.europesays.com\/es\/wp-json\/wp\/v2\/posts"}],"about":[{"href":"https:\/\/www.europesays.com\/es\/wp-json\/wp\/v2\/types\/post"}],"author":[{"embeddable":true,"href":"https:\/\/www.europesays.com\/es\/wp-json\/wp\/v2\/users\/2"}],"replies":[{"embeddable":true,"href":"https:\/\/www.europesays.com\/es\/wp-json\/wp\/v2\/comments?post=743182"}],"version-history":[{"count":0,"href":"https:\/\/www.europesays.com\/es\/wp-json\/wp\/v2\/posts\/743182\/revisions"}],"wp:featuredmedia":[{"embeddable":true,"href":"https:\/\/www.europesays.com\/es\/wp-json\/wp\/v2\/media\/743183"}],"wp:attachment":[{"href":"https:\/\/www.europesays.com\/es\/wp-json\/wp\/v2\/media?parent=743182"}],"wp:term":[{"taxonomy":"category","embeddable":true,"href":"https:\/\/www.europesays.com\/es\/wp-json\/wp\/v2\/categories?post=743182"},{"taxonomy":"post_tag","embeddable":true,"href":"https:\/\/www.europesays.com\/es\/wp-json\/wp\/v2\/tags?post=743182"}],"curies":[{"name":"wp","href":"https:\/\/api.w.org\/{rel}","templated":true}]}}