{"id":74322,"date":"2025-08-26T21:20:09","date_gmt":"2025-08-26T21:20:09","guid":{"rendered":"https:\/\/www.europesays.com\/es\/74322\/"},"modified":"2025-08-26T21:20:09","modified_gmt":"2025-08-26T21:20:09","slug":"trump-anuncia-que-su-gobierno-pedira-la-pena-de-muerte-para-quien-cometa-un-asesinato-en-washington-internacional","status":"publish","type":"post","link":"https:\/\/www.europesays.com\/es\/74322\/","title":{"rendered":"Trump anuncia que su Gobierno pedir\u00e1 la pena de muerte para quien cometa un asesinato en Washington | Internacional"},"content":{"rendered":"<p>El presidente de Estados Unidos, Donald Trump, ha anunciado que su Gobierno pedir\u00e1 la pena de muerte para todo aquel que comenta un asesinato en Washington como parte de su plan para acabar con el crimen en la capital. \u00abSi alguien asesina a alguien en la capital, pena de muerte\u00bb, dijo Trump durante la s\u00e9ptima reuni\u00f3n de su Gabinete.<\/p>\n<p>M\u00e1s informaci\u00f3n<\/p>\n<p>Seg\u00fan el mandatario, esta \u00abes una medida de prevenci\u00f3n muy fuerte\u00bb, pero asegur\u00f3 que toda su Administraci\u00f3n est\u00e1 de acuerdo. \u00abNo s\u00e9 si estamos preparados para esto en este pa\u00eds. Pero no tenemos otra opci\u00f3n\u00bb, a\u00f1adi\u00f3. \u00abSi alguien mata a alguien\u00bb, insisti\u00f3 el republicano, \u00abva a ser pena de muerte\u00bb.<\/p>\n<p>El presidente avanz\u00f3 esta nueva parte de su estrategia con la que busca acabar con lo que \u00e9l considera una criminalidad desbocada en la capital estadounidense, donde el nivel de delitos, pese a ser alto, est\u00e1 en su punto m\u00e1s bajo de los \u00faltimos 30 a\u00f1os.<\/p>\n<p>El pasado 11 de agosto, Trump tom\u00f3 el control de la seguridad de Washington, por 30 d\u00edas inicialmente, ampar\u00e1ndose en la ley que permite intervenir la autoridad de la ciudad, justificando que existe una \u00abemergencia\u00bb por la alta criminalidad.<\/p>\n<p>Adem\u00e1s de los 800 miembros de la Guardia de Washington activados, seis estados gobernados por republicanos (Virginia Occidental, Carolina del Sur, Ohio, Misisipi, Luisiana y Tennessee) que han decidido enviar m\u00e1s efectivos.<\/p>\n<p>Tras su llegada, el n\u00famero asciende a unos 2.000 efectivos solo de la Guardia Nacional. Tambi\u00e9n patrullan en la ciudad la Polic\u00eda Metropolitana y agentes federales del FBI, la Administraci\u00f3n de Control de Drogas (DEA) y el Servicio de Control de Inmigraci\u00f3n y Aduanas (ICE). Seg\u00fan ha explicado este martes la fiscal general, Pam Bondi, ya se han arrestado 1.094 personas en Washington y se han requisado 115 armas ilegales. Activistas y organizaciones han denunciado que las agencias federales est\u00e1n aprovechando esta supuesta guerra contra el crimen para detener a migrantes indocumentados.<\/p>\n","protected":false},"excerpt":{"rendered":"El presidente de Estados Unidos, Donald Trump, ha anunciado que su Gobierno pedir\u00e1 la pena de muerte para&hellip;\n","protected":false},"author":2,"featured_media":74323,"comment_status":"","ping_status":"","sticky":false,"template":"","format":"standard","meta":{"footnotes":""},"categories":[42],"tags":[17,18,27548,13,14,4437,11,61,62,63,64,19,20,1383,9,10,15,16,12,21,22,65,66,67],"class_list":{"0":"post-74322","1":"post","2":"type-post","3":"status-publish","4":"format-standard","5":"has-post-thumbnail","7":"category-internacional","8":"tag-breaking-news","9":"tag-breakingnews","10":"tag-cabinet","11":"tag-featured-news","12":"tag-featurednews","13":"tag-government","14":"tag-headlines","15":"tag-internacional","16":"tag-international","17":"tag-international-news","18":"tag-internationalnews","19":"tag-latest-news","20":"tag-latestnews","21":"tag-meeting","22":"tag-news","23":"tag-noticias","24":"tag-noticias-destacadas","25":"tag-noticiasdestacadas","26":"tag-titulares","27":"tag-ultimas-noticias","28":"tag-ultimasnoticias","29":"tag-world","30":"tag-world-news","31":"tag-worldnews"},"share_on_mastodon":{"url":"","error":""},"_links":{"self":[{"href":"https:\/\/www.europesays.com\/es\/wp-json\/wp\/v2\/posts\/74322","targetHints":{"allow":["GET"]}}],"collection":[{"href":"https:\/\/www.europesays.com\/es\/wp-json\/wp\/v2\/posts"}],"about":[{"href":"https:\/\/www.europesays.com\/es\/wp-json\/wp\/v2\/types\/post"}],"author":[{"embeddable":true,"href":"https:\/\/www.europesays.com\/es\/wp-json\/wp\/v2\/users\/2"}],"replies":[{"embeddable":true,"href":"https:\/\/www.europesays.com\/es\/wp-json\/wp\/v2\/comments?post=74322"}],"version-history":[{"count":0,"href":"https:\/\/www.europesays.com\/es\/wp-json\/wp\/v2\/posts\/74322\/revisions"}],"wp:featuredmedia":[{"embeddable":true,"href":"https:\/\/www.europesays.com\/es\/wp-json\/wp\/v2\/media\/74323"}],"wp:attachment":[{"href":"https:\/\/www.europesays.com\/es\/wp-json\/wp\/v2\/media?parent=74322"}],"wp:term":[{"taxonomy":"category","embeddable":true,"href":"https:\/\/www.europesays.com\/es\/wp-json\/wp\/v2\/categories?post=74322"},{"taxonomy":"post_tag","embeddable":true,"href":"https:\/\/www.europesays.com\/es\/wp-json\/wp\/v2\/tags?post=74322"}],"curies":[{"name":"wp","href":"https:\/\/api.w.org\/{rel}","templated":true}]}}