{"id":743222,"date":"2026-09-02T03:17:16","date_gmt":"2026-09-02T03:17:16","guid":{"rendered":"https:\/\/www.europesays.com\/es\/743222\/"},"modified":"2026-09-02T03:17:16","modified_gmt":"2026-09-02T03:17:16","slug":"el-as-monaco-de-la-gloria-de-la-final-four-a-la-tercera-division-francesa","status":"publish","type":"post","link":"https:\/\/www.europesays.com\/es\/743222\/","title":{"rendered":"El AS M\u00f3naco, de la gloria de la &#8216;Final Four&#8217;, a la tercera divisi\u00f3n francesa"},"content":{"rendered":"<p>\n        Hay ca\u00eddas que cuesta imaginar. La del <a href=\"https:\/\/asmonaco.basketball\/\" title=\"AS M\u00f3naco\" rel=\"nofollow noopener\" target=\"_blank\" class=\"link copy\">AS M\u00f3naco<\/a> es una de ellas. El mismo equipo que <strong>hace poco m\u00e1s de un a\u00f1o se codeaba con la \u00e9lite continental<\/strong>, alcanzaba la final de la Euroliga y ten\u00eda en sus filas a <strong>estrellas como el exbaskonista Mike James<\/strong>, m\u00e1ximo anotador hist\u00f3rico de la competici\u00f3n, se prepara ahora para competir en la tercera divisi\u00f3n francesa.\n<\/p>\n<p class=\"article-body__text \">\n        <strong>Del brillo de la &#8216;Final Four&#8217; a la NM1<\/strong>. De las grandes noches europeas a empezar pr\u00e1cticamente desde cero.\n<\/p>\n<p class=\"article-body__text \">\n        El AS Monaco Basket, <strong>vigente campe\u00f3n de Francia<\/strong>, ha solicitado formalmente su <strong>inscripci\u00f3n en la NM1, la tercera categor\u00eda del baloncesto galo<\/strong>. El club del Principado confirm\u00f3 este martes que presentar\u00e1 esta misma semana su candidatura con un objetivo tan sencillo como ambicioso: \u201cVolver. Volver a trav\u00e9s del deporte y en la cancha\u201d.\n<\/p>\n<blockquote class=\"twitter-tweet\" data-lang=\"es\" wp_automatic_readability=\"7.4007220216607\">\n<p lang=\"fr\" dir=\"ltr\">AS Monaco Basket : un nouveau chapitre, une ambition intacte<\/p>\n<p>Un nouveau chapitre s&#8217;ouvre aujourd&#8217;hui dans l&#8217;histoire de la Roca Team.<\/p>\n<p>Le communiqu\u00e9 \ud83d\udc47<br \/>\ud83d\udd17<a href=\"https:\/\/t.co\/U1atvWbhSr\" rel=\"nofollow\">https:\/\/t.co\/U1atvWbhSr<\/a> <a href=\"https:\/\/t.co\/8S5sWfLrBT\" rel=\"nofollow\">pic.twitter.com\/8S5sWfLrBT<\/a><\/p>\n<p>\u2014 AS Monaco Basket \ud83c\uddf2\ud83c\udde8 (@ASMonaco_Basket) <a href=\"https:\/\/x.com\/ASMonaco_Basket\/status\/2094721188794704162?ref_src=twsrc%5Etfw\" rel=\"nofollow\">1 de septiembre de 2026<\/a><\/p><\/blockquote>\n<p>  Magnate ruso Alexey Fedorychev<\/p>\n<p class=\"article-body__text \">\n        La decisi\u00f3n es consecuencia de la delicada situaci\u00f3n econ\u00f3mica que arrastra la entidad. El pasado<strong> 3 de julio, la DNCCG<\/strong>, el organismo encargado de controlar las finanzas de los clubes franceses, <strong>excluy\u00f3 al M\u00f3naco de la Betclic \u00c9lite y de la \u00c9lite 2<\/strong>.\n<\/p>\n<p class=\"article-body__text \">\n        La <strong>deuda acumulada asciende a 24 millones de euros<\/strong>, generada durante la <strong>gesti\u00f3n del magnate ruso <\/strong><a href=\"https:\/\/en.wikipedia.org\/wiki\/Alexey_Fedorychev\" title=\"Alexey Fedorychev\" rel=\"nofollow noopener\" target=\"_blank\" class=\"link copy\">Alexey Fedorychev<\/a>, cuando el club dispar\u00f3 su presupuesto y su masa salarial en su apuesta por convertirse en uno de los grandes de Europa.\n<\/p>\n<p>            <a href=\"https:\/\/www.noticiasdealava.eus\/baskonia\/2022\/03\/24\/extrano-matrimonio-monaco-1022976.html\" title=\"Un extra\u00f1o matrimonio en M\u00f3naco\" class=\"new__media\" rel=\"nofollow noopener\" target=\"_blank\"><\/p>\n<p>                <img alt=\"Un extra\u00f1o matrimonio en M\u00f3naco\" data-src=\"https:\/\/estaticosgn-cdn.deia.eus\/clip\/55666072-930d-4603-8f29-0add5e8e3d33_16-9-aspect-ratio_default_0.jpg\" class=\"lozad\"\/><\/p>\n<p>        <\/a><\/p>\n<p>        <a href=\"https:\/\/www.noticiasdealava.eus\/baskonia\/2022\/03\/24\/extrano-matrimonio-monaco-1022976.html\" title=\"Un extra\u00f1o matrimonio en M\u00f3naco\" class=\"new__headline\" rel=\"nofollow noopener\" target=\"_blank\"><br \/>\n            Un extra\u00f1o matrimonio en M\u00f3naco<br \/>\n        <\/a><\/p>\n<p class=\"article-body__text \">\n        Ni siquiera el <strong>plan de rescate encabezado por el exjugador de la NBA Jamal Mashburn ha sido suficiente<\/strong>, al menos por ahora, para convencer a las autoridades de la solvencia del proyecto. La consecuencia ha sido todav\u00eda m\u00e1s dram\u00e1tica: la Eurocop tambi\u00e9n oficializ\u00f3 su expulsi\u00f3n de las competiciones europeas.\n<\/p>\n<p>  Campe\u00f3n de la Eurocup en 2021 <\/p>\n<p class=\"article-body__text \">\n        Resulta dif\u00edcil separar esta situaci\u00f3n de la dimensi\u00f3n alcanzada por el proyecto monegasco en los \u00faltimos a\u00f1os. El club fue <strong>campe\u00f3n de la Eurocop en 2021, tercero en la Euroliga en 2023 y finalista en 2025<\/strong>. En Francia encaden\u00f3 tres t\u00edtulos de Liga, en 2023, 2024 y 2026.\n<\/p>\n<blockquote class=\"twitter-tweet\" data-lang=\"es\" wp_automatic_readability=\"10.552278820375\">\n<p lang=\"tr\" dir=\"ltr\">\ud83d\udca5Floransa mali polisi, AS Monaco sahibi Alexey Fedorychev\u2019in yakla\u015f\u0131k 3 milyon dolar de\u011ferindeki hisseleri ve toplam 38 milyon dolar de\u011ferindeki d\u00f6rt ta\u015f\u0131nmaz\u0131na el koydu.<\/p>\n<p>\u2139\ufe0f Fedorychev, yolsuzluk, doland\u0131r\u0131c\u0131l\u0131k ve kara para aklama iddialar\u0131na y\u00f6nelik soru\u015fturma ge\u00e7iriyor. <a href=\"https:\/\/t.co\/YGG0lOBmoi\" rel=\"nofollow\">pic.twitter.com\/YGG0lOBmoi<\/a><\/p>\n<p>\u2014 Noble \ud83c\udfc0 (@NobleBball) <a href=\"https:\/\/x.com\/NobleBball\/status\/1818619767965499512?ref_src=twsrc%5Etfw\" rel=\"nofollow\">31 de julio de 2024<\/a><\/p><\/blockquote>\n<p class=\"article-body__text \">\n        Todo ello con una <strong>plantilla repleta de talento, con Mike James como uno de sus grandes referentes<\/strong> y con el M\u00f3naco convertido en un habitual de las grandes citas continentales.\n<\/p>\n<p class=\"article-body__text \">\n        Ahora, todo aquello queda atr\u00e1s. El Bosna Sarajevo ocupar\u00e1 su lugar en la Eurocop 2026-27, mientras <strong>el equipo de la Roca prepara un viaje inesperado hacia las profundidades<\/strong> del baloncesto franc\u00e9s.\n<\/p>\n<p>        El Bosna Sarajevo ocupar\u00e1 su lugar en la Eurocop 2026-27, mientras el equipo de la Roca prepara un viaje inesperado hacia las profundidades del baloncesto franc\u00e9s<\/p>\n<p class=\"article-body__text \">\n        El M\u00f3naco, sin embargo, <strong>se resiste a escribir un punto final.<\/strong> \u201cRecuperar nuestro lugar en la cima del baloncesto franc\u00e9s\u201d y, a largo plazo, volver a <strong>vivir \u201clas grandes noches europeas\u201d <\/strong>que han marcado su historia reciente son los objetivos que se ha marcado la entidad.\n<\/p>\n<p class=\"article-body__text \">\n        La \u00e9pica, esta vez, ser\u00e1 diferente. Y<strong>a no habr\u00e1 focos de Euroliga ni pabellones abarrotados <\/strong>esperando a un Mike James que por culpa de la crisis ha emigrado al Efes de Laso. Habr\u00e1 que <strong>empezar desde abajo<\/strong> para intentar regresar a donde, hace no tanto tiempo, parec\u00eda que el M\u00f3naco hab\u00eda llegado para quedarse.\n<\/p>\n<p>            <script async src=\"https:\/\/platform.twitter.com\/widgets.js\" charset=\"utf-8\"><\/script><\/p>\n","protected":false},"excerpt":{"rendered":"Hay ca\u00eddas que cuesta imaginar. La del AS M\u00f3naco es una de ellas. El mismo equipo que hace&hellip;\n","protected":false},"author":2,"featured_media":743223,"comment_status":"","ping_status":"","sticky":false,"template":"","format":"standard","meta":{"footnotes":""},"categories":[269],"tags":[7223,299,298,168,25,24,1058,41129,3086,5095,23,167],"class_list":["post-743222","post","type-post","status-publish","format-standard","has-post-thumbnail","category-baloncesto","tag-as","tag-baloncesto","tag-basketball","tag-deportes","tag-es","tag-espana","tag-final","tag-four","tag-gloria","tag-monaco","tag-spain","tag-sports"],"share_on_mastodon":{"url":"https:\/\/pubeurope.com\/@es\/117199283725278222","error":""},"_links":{"self":[{"href":"https:\/\/www.europesays.com\/es\/wp-json\/wp\/v2\/posts\/743222","targetHints":{"allow":["GET"]}}],"collection":[{"href":"https:\/\/www.europesays.com\/es\/wp-json\/wp\/v2\/posts"}],"about":[{"href":"https:\/\/www.europesays.com\/es\/wp-json\/wp\/v2\/types\/post"}],"author":[{"embeddable":true,"href":"https:\/\/www.europesays.com\/es\/wp-json\/wp\/v2\/users\/2"}],"replies":[{"embeddable":true,"href":"https:\/\/www.europesays.com\/es\/wp-json\/wp\/v2\/comments?post=743222"}],"version-history":[{"count":0,"href":"https:\/\/www.europesays.com\/es\/wp-json\/wp\/v2\/posts\/743222\/revisions"}],"wp:featuredmedia":[{"embeddable":true,"href":"https:\/\/www.europesays.com\/es\/wp-json\/wp\/v2\/media\/743223"}],"wp:attachment":[{"href":"https:\/\/www.europesays.com\/es\/wp-json\/wp\/v2\/media?parent=743222"}],"wp:term":[{"taxonomy":"category","embeddable":true,"href":"https:\/\/www.europesays.com\/es\/wp-json\/wp\/v2\/categories?post=743222"},{"taxonomy":"post_tag","embeddable":true,"href":"https:\/\/www.europesays.com\/es\/wp-json\/wp\/v2\/tags?post=743222"}],"curies":[{"name":"wp","href":"https:\/\/api.w.org\/{rel}","templated":true}]}}