{"id":74324,"date":"2025-08-26T21:21:07","date_gmt":"2025-08-26T21:21:07","guid":{"rendered":"https:\/\/www.europesays.com\/es\/74324\/"},"modified":"2025-08-26T21:21:07","modified_gmt":"2025-08-26T21:21:07","slug":"a-prision-los-dos-jovenes-detenidos-por-el-crimen-a-punaladas-de-capuchinos","status":"publish","type":"post","link":"https:\/\/www.europesays.com\/es\/74324\/","title":{"rendered":"A prisi\u00f3n los dos j\u00f3venes detenidos por el crimen a pu\u00f1aladas de Capuchinos"},"content":{"rendered":"<p>Prisi\u00f3n provisional, comunicada y sin fianza para los dos j\u00f3venes de 23 a\u00f1os detenidos por su presunta participaci\u00f3n en el crimen a pu\u00f1aladas ocurrido este  &#8230; domingo en la barriada malague\u00f1a de Capuchinos, que dej\u00f3 <a href=\"https:\/\/www.diariosur.es\/sucesos\/perfil-angel-asesinado-capuchinos-20250825221857-nt.html\" data-voc-vtm-id=\"in-text-traffic\" title=\"un fallecido de 21 a\u00f1os. \" data-mrf-link=\"www.diariosur.es\" rel=\"nofollow noopener\" target=\"_blank\">un fallecido de 21 a\u00f1os. <\/a><\/p>\n<p class=\"v-p\">As\u00ed lo ha decretado a \u00faltima hora de este martes el Juzgado de Instrucci\u00f3n n\u00famero 12 de M\u00e1laga, que es el que se encontraba en funciones de guardia, tal y como han se\u00f1alado a SUR fuentes pr\u00f3ximas al caso. <\/p>\n<p class=\"v-p\">Seg\u00fan las mismas, los hechos han sido calificados inicialmente de tenencia il\u00edcita de armas y homicidio, del que uno de los arrestados est\u00e1 investigado en calidad de autor material, mientras que el segundo lo ser\u00eda de c\u00f3mplice. Los dos detenidos han prestado declaraci\u00f3n en sede judicial. La causa la investigar\u00e1 el Juzgado de Instrucci\u00f3n n\u00famero 9 de M\u00e1laga porque se encontraba de guardia de incidencias cuando ocurrieron los hechos.<\/p>\n<p class=\"v-p\">El suceso se produjo a primera hora de la ma\u00f1ana del domingo, despu\u00e9s de que, al parecer, tanto el joven fallecido como los dos arrestados coincidieran durante la noche en el Real de la Feria, donde todo apunta a que se produjo un \u00abencontronazo\u00bb. <\/p>\n<p class=\"v-p\">A las 07.40 horas, los servicios de Emergencias recibieron los avisos de un chico gravemente herido con arma blanca en la Alameda de Capuchinos.<\/p>\n<p class=\"v-p\">Se trataba de \u00c1ngel, de 21 a\u00f1os, quien fue evacuado en ambulancia al Hospital Regional Universitario de M\u00e1laga, sin que los facultativos finalmente pudieran salvarle la vida. <\/p>\n<p class=\"v-p\">El ataque mortal se produjo pr\u00e1cticamente en las inmediaciones de los dos comercios que regentan la familia de la v\u00edctima en esa calle. <\/p>\n<p class=\"v-p\">La investigaci\u00f3n ha sido asumida por el Grupo de Homicidios de la Polic\u00eda Nacional, que a las horas de que el joven de 21 a\u00f1os falleciera arrest\u00f3 a los dos j\u00f3venes de 23 a\u00f1os por su presunta implicaci\u00f3n en el suceso.<\/p>\n","protected":false},"excerpt":{"rendered":"Prisi\u00f3n provisional, comunicada y sin fianza para los dos j\u00f3venes de 23 a\u00f1os detenidos por su presunta participaci\u00f3n&hellip;\n","protected":false},"author":2,"featured_media":74325,"comment_status":"","ping_status":"","sticky":false,"template":"","format":"standard","meta":{"footnotes":""},"categories":[8],"tags":[17,18,28433,3718,1562,1563,25,24,13,14,11,433,19,20,9,10,15,16,16733,29039,23,12,21,22],"class_list":{"0":"post-74324","1":"post","2":"type-post","3":"status-publish","4":"format-standard","5":"has-post-thumbnail","7":"category-espana","8":"tag-breaking-news","9":"tag-breakingnews","10":"tag-capuchinos","11":"tag-crimen","12":"tag-detenidos","13":"tag-dos","14":"tag-es","15":"tag-espana","16":"tag-featured-news","17":"tag-featurednews","18":"tag-headlines","19":"tag-jovenes","20":"tag-latest-news","21":"tag-latestnews","22":"tag-news","23":"tag-noticias","24":"tag-noticias-destacadas","25":"tag-noticiasdestacadas","26":"tag-prision","27":"tag-punaladas","28":"tag-spain","29":"tag-titulares","30":"tag-ultimas-noticias","31":"tag-ultimasnoticias"},"share_on_mastodon":{"url":"","error":""},"_links":{"self":[{"href":"https:\/\/www.europesays.com\/es\/wp-json\/wp\/v2\/posts\/74324","targetHints":{"allow":["GET"]}}],"collection":[{"href":"https:\/\/www.europesays.com\/es\/wp-json\/wp\/v2\/posts"}],"about":[{"href":"https:\/\/www.europesays.com\/es\/wp-json\/wp\/v2\/types\/post"}],"author":[{"embeddable":true,"href":"https:\/\/www.europesays.com\/es\/wp-json\/wp\/v2\/users\/2"}],"replies":[{"embeddable":true,"href":"https:\/\/www.europesays.com\/es\/wp-json\/wp\/v2\/comments?post=74324"}],"version-history":[{"count":0,"href":"https:\/\/www.europesays.com\/es\/wp-json\/wp\/v2\/posts\/74324\/revisions"}],"wp:featuredmedia":[{"embeddable":true,"href":"https:\/\/www.europesays.com\/es\/wp-json\/wp\/v2\/media\/74325"}],"wp:attachment":[{"href":"https:\/\/www.europesays.com\/es\/wp-json\/wp\/v2\/media?parent=74324"}],"wp:term":[{"taxonomy":"category","embeddable":true,"href":"https:\/\/www.europesays.com\/es\/wp-json\/wp\/v2\/categories?post=74324"},{"taxonomy":"post_tag","embeddable":true,"href":"https:\/\/www.europesays.com\/es\/wp-json\/wp\/v2\/tags?post=74324"}],"curies":[{"name":"wp","href":"https:\/\/api.w.org\/{rel}","templated":true}]}}